{"id":169903,"date":"2020-05-21T21:59:41","date_gmt":"2020-05-21T18:59:41","guid":{"rendered":"http:\/\/arantv.az\/?p=169903"},"modified":"2020-05-21T21:59:41","modified_gmt":"2020-05-21T18:59:41","slug":"arzu-nagiyev-pasinyan-h%c9%99yata-kecirdiyi-qeyri-adekvat-siyas%c9%99tini-m%c9%99hz-dagliq-qarabag-karti-uz%c9%99rind%c9%99-qurmaq-ist%c9%99yir-video","status":"publish","type":"post","link":"https:\/\/arantv.az\/?p=169903","title":{"rendered":"Arzu Na\u011f\u0131yev: Pa\u015finyan h\u0259yata ke\u00e7irdiyi qeyri-adekvat siyas\u0259tini m\u0259hz Da\u011fl\u0131q Qaraba\u011f kart\u0131 \u00fcz\u0259rind\u0259 qurmaq ist\u0259yir &#8211; V\u0130DEO"},"content":{"rendered":"<div class=\"article_text\">\n<p>Nikol Pa\u015finyan \u00f6z\u00fcn\u00fcn h\u0259yata ke\u00e7irdiyi v\u0259 ke\u00e7irm\u0259y\u0259 c\u0259hd etdiyi qeyri-adekvat siyas\u0259tini m\u0259hz Da\u011fl\u0131q Qaraba\u011f kart\u0131 \u00fcz\u0259rind\u0259 qurmaq ist\u0259yir.<\/p>\n<p><strong>ARANTV.AZ<\/strong>\u00a0<a href=\"http:\/\/az.trend.az\/\" target=\"_blank\" rel=\"noopener\">Trend<\/a>-\u0259 istinad\u0259n bildirir ki,\u00a0bunu AzTV-nin &#8220;H\u0259d\u0259f&#8221; verili\u015finin qona\u011f\u0131 olan Milli M\u0259clisin deputat\u0131 Arzu Na\u011f\u0131yev Az\u0259rbaycan\u0131n i\u015f\u011fal olunmu\u015f Da\u011fl\u0131q Qaraba\u011f b\u00f6lg\u0259sind\u0259 qanunsuz &#8220;se\u00e7kil\u0259r&#8221;in v\u0259 &#8220;andi\u00e7m\u0259 m\u0259rasimi&#8221;nin ke\u00e7irilm\u0259sin\u0259 m\u00fcnasib\u0259t bildir\u0259rk\u0259n deyib.<\/p>\n<p>Mill\u0259t v\u0259kili bildirib ki, se\u00e7kil\u0259rin m\u0259xsusi olaraq \u015eu\u015fada ke\u00e7irilm\u0259si il\u0259 Pa\u015finyan bir ne\u00e7\u0259 m\u0259s\u0259l\u0259ni \u00f6n plana \u00e7\u0259km\u0259k ist\u0259yir:<\/p>\n<p>&#8220;Birinci m\u0259s\u0259l\u0259 dan\u0131\u015f\u0131qlar prosesin\u0259 yox dem\u0259kdir. D\u00fc\u015f\u00fcn\u00fcr\u0259m ki, bu hadis\u0259d\u0259n sonra AT\u018fT-in Minsk Qrupunun h\u0259ms\u0259drl\u0259ri birm\u0259nal\u0131 \u015f\u0259kild\u0259 b\u0259yanatla \u00e7\u0131x\u0131\u015f etm\u0259lidirl\u0259r. \u0130kinci m\u0259s\u0259l\u0259 is\u0259 onun n\u0259yin bahas\u0131na olursa olsun ke\u00e7iril\u0259n se\u00e7kinin legitiml\u0259\u015fm\u0259sin\u0259 \u00e7al\u0131\u015fmas\u0131d\u0131r&#8221;.<\/p>\n<p>H\u0259min verili\u015fi t\u0259qdim edirik:<\/p>\n<p><iframe loading=\"lazy\" src=\"https:\/\/www.trend.az\/player.php?f=%20https:\/\/cdn.trend.az\/2020\/05\/21\/hedef_aztv_210520.mp4\" width=\"100%\" height=\"360\" frameborder=\"0\" allowfullscreen=\"allowfullscreen\" data-mce-fragment=\"1\"><\/iframe><\/p>\n<\/div>\n<div class=\"social-banner\"><\/div>\n","protected":false},"excerpt":{"rendered":"<p>Nikol Pa\u015finyan \u00f6z\u00fcn\u00fcn h\u0259yata ke\u00e7irdiyi v\u0259 ke\u00e7irm\u0259y\u0259 c\u0259hd etdiyi qeyri-adekvat siyas\u0259tini m\u0259hz Da\u011fl\u0131q Qaraba\u011f kart\u0131 \u00fcz\u0259rind\u0259 qurmaq ist\u0259yir. ARANTV.AZ\u00a0Trend-\u0259 istinad\u0259n bildirir ki,\u00a0bunu AzTV-nin &#8220;H\u0259d\u0259f&#8221; verili\u015finin qona\u011f\u0131 olan Milli M\u0259clisin deputat\u0131 Arzu Na\u011f\u0131yev Az\u0259rbaycan\u0131n i\u015f\u011fal olunmu\u015f Da\u011fl\u0131q Qaraba\u011f b\u00f6lg\u0259sind\u0259 qanunsuz &#8220;se\u00e7kil\u0259r&#8221;in v\u0259 &#8220;andi\u00e7m\u0259 m\u0259rasimi&#8221;nin ke\u00e7irilm\u0259sin\u0259 m\u00fcnasib\u0259t bildir\u0259rk\u0259n deyib. Mill\u0259t v\u0259kili bildirib ki, se\u00e7kil\u0259rin m\u0259xsusi olaraq \u015eu\u015fada ke\u00e7irilm\u0259si il\u0259 Pa\u015finyan bir ne\u00e7\u0259 m\u0259s\u0259l\u0259ni \u00f6n plana \u00e7\u0259km\u0259k ist\u0259yir: &#8220;Birinci m\u0259s\u0259l\u0259 dan\u0131\u015f\u0131qlar prosesin\u0259 yox dem\u0259kdir. D\u00fc\u015f\u00fcn\u00fcr\u0259m ki, bu hadis\u0259d\u0259n sonra AT\u018fT-in Minsk Qrupunun h\u0259ms\u0259drl\u0259ri birm\u0259nal\u0131 \u015f\u0259kild\u0259 b\u0259yanatla \u00e7\u0131x\u0131\u015f etm\u0259lidirl\u0259r. \u0130kinci m\u0259s\u0259l\u0259 is\u0259 onun n\u0259yin&hellip;<\/p>\n","protected":false},"author":2,"featured_media":169907,"comment_status":"closed","ping_status":"closed","sticky":false,"template":"","format":"standard","meta":{"om_disable_all_campaigns":false,"_monsterinsights_skip_tracking":false,"_monsterinsights_sitenote_active":false,"_monsterinsights_sitenote_note":"","_monsterinsights_sitenote_category":0},"categories":[19],"tags":[],"aioseo_notices":[],"gutentor_comment":0,"rttpg_featured_image_url":{"full":["https:\/\/arantv.az\/wp-content\/uploads\/2020\/05\/arzu_nagiyev_287478687.jpg",800,600,false],"landscape":["https:\/\/arantv.az\/wp-content\/uploads\/2020\/05\/arzu_nagiyev_287478687.jpg",800,600,false],"portraits":["https:\/\/arantv.az\/wp-content\/uploads\/2020\/05\/arzu_nagiyev_287478687.jpg",800,600,false],"thumbnail":["https:\/\/arantv.az\/wp-content\/uploads\/2020\/05\/arzu_nagiyev_287478687-150x150.jpg",150,150,true],"medium":["https:\/\/arantv.az\/wp-content\/uploads\/2020\/05\/arzu_nagiyev_287478687-300x225.jpg",300,225,true],"large":["https:\/\/arantv.az\/wp-content\/uploads\/2020\/05\/arzu_nagiyev_287478687.jpg",640,480,false],"1536x1536":["https:\/\/arantv.az\/wp-content\/uploads\/2020\/05\/arzu_nagiyev_287478687.jpg",800,600,false],"2048x2048":["https:\/\/arantv.az\/wp-content\/uploads\/2020\/05\/arzu_nagiyev_287478687.jpg",800,600,false],"post-thumbnail":["https:\/\/arantv.az\/wp-content\/uploads\/2020\/05\/arzu_nagiyev_287478687-240x172.jpg",240,172,true],"advps-thumb-one":["https:\/\/arantv.az\/wp-content\/uploads\/2020\/05\/arzu_nagiyev_287478687.jpg",800,600,false]},"rttpg_author":{"display_name":"V\u00fcsal Rafiqo\u011flu","author_link":"https:\/\/arantv.az\/?author=2"},"rttpg_comment":0,"rttpg_category":"<a href=\"https:\/\/arantv.az\/?cat=19\" rel=\"category\">G\u00fcnd\u0259m<\/a>","rttpg_excerpt":"Nikol Pa\u015finyan \u00f6z\u00fcn\u00fcn h\u0259yata ke\u00e7irdiyi v\u0259 ke\u00e7irm\u0259y\u0259 c\u0259hd etdiyi qeyri-adekvat siyas\u0259tini m\u0259hz Da\u011fl\u0131q Qaraba\u011f kart\u0131 \u00fcz\u0259rind\u0259 qurmaq ist\u0259yir. ARANTV.AZ\u00a0Trend-\u0259 istinad\u0259n bildirir ki,\u00a0bunu AzTV-nin &#8220;H\u0259d\u0259f&#8221; verili\u015finin qona\u011f\u0131 olan Milli M\u0259clisin deputat\u0131 Arzu Na\u011f\u0131yev Az\u0259rbaycan\u0131n i\u015f\u011fal olunmu\u015f Da\u011fl\u0131q Qaraba\u011f b\u00f6lg\u0259sind\u0259 qanunsuz &#8220;se\u00e7kil\u0259r&#8221;in v\u0259 &#8220;andi\u00e7m\u0259 m\u0259rasimi&#8221;nin ke\u00e7irilm\u0259sin\u0259 m\u00fcnasib\u0259t bildir\u0259rk\u0259n deyib. Mill\u0259t v\u0259kili bildirib ki, se\u00e7kil\u0259rin m\u0259xsusi olaraq \u015eu\u015fada&hellip;","_links":{"self":[{"href":"https:\/\/arantv.az\/index.php?rest_route=\/wp\/v2\/posts\/169903"}],"collection":[{"href":"https:\/\/arantv.az\/index.php?rest_route=\/wp\/v2\/posts"}],"about":[{"href":"https:\/\/arantv.az\/index.php?rest_route=\/wp\/v2\/types\/post"}],"author":[{"embeddable":true,"href":"https:\/\/arantv.az\/index.php?rest_route=\/wp\/v2\/users\/2"}],"replies":[{"embeddable":true,"href":"https:\/\/arantv.az\/index.php?rest_route=%2Fwp%2Fv2%2Fcomments&post=169903"}],"version-history":[{"count":0,"href":"https:\/\/arantv.az\/index.php?rest_route=\/wp\/v2\/posts\/169903\/revisions"}],"wp:featuredmedia":[{"embeddable":true,"href":"https:\/\/arantv.az\/index.php?rest_route=\/wp\/v2\/media\/169907"}],"wp:attachment":[{"href":"https:\/\/arantv.az\/index.php?rest_route=%2Fwp%2Fv2%2Fmedia&parent=169903"}],"wp:term":[{"taxonomy":"category","embeddable":true,"href":"https:\/\/arantv.az\/index.php?rest_route=%2Fwp%2Fv2%2Fcategories&post=169903"},{"taxonomy":"post_tag","embeddable":true,"href":"https:\/\/arantv.az\/index.php?rest_route=%2Fwp%2Fv2%2Ftags&post=169903"}],"curies":[{"name":"wp","href":"https:\/\/api.w.org\/{rel}","templated":true}]}}