{"id":170463,"date":"2020-05-22T21:34:24","date_gmt":"2020-05-22T18:34:24","guid":{"rendered":"http:\/\/arantv.az\/?p=170463"},"modified":"2020-05-22T21:34:24","modified_gmt":"2020-05-22T18:34:24","slug":"koronaviruslu-x%c9%99st%c9%99l%c9%99ri-mualic%c9%99-ed%c9%99n-h%c9%99kiml%c9%99r-video","status":"publish","type":"post","link":"https:\/\/arantv.az\/?p=170463","title":{"rendered":"Koronaviruslu x\u0259st\u0259l\u0259ri m\u00fcalic\u0259 ed\u0259n h\u0259kiml\u0259r V\u0130DEO"},"content":{"rendered":"<div class=\"news-content\">\n<div>\n<p><strong>2020-ci il \u0259n \u00e7ox koronavirus, pandemiya k\u0259lm\u0259l\u0259ri il\u0259 yana\u015f\u0131, h\u0259m d\u0259 h\u0259kiml\u0259rl\u0259\u00a0yadda\u015f\u0131m\u0131za yaz\u0131l\u0131r.<\/strong><\/p>\n<p>Baku.Tv x\u0259b\u0259r verir ki, b\u0259lk\u0259 d\u0259, yaranan v\u0259ziyy\u0259t a\u011f xalatl\u0131lar\u0131 sevm\u0259y\u0259nl\u0259r \u00fc\u00e7\u00fcn bir f\u00fcrs\u0259t oldu. \u00c7oxunun q\u0259hr\u0259man\u0131na \u00e7evril\u0259n bu \u015f\u0259xsl\u0259r bu g\u00fcn \u201cAz\u0259rbaycanda itkil\u0259r azd\u0131\u201d dem\u0259yimizin s\u0259b\u0259bkarlar\u0131d\u0131r.<\/p>\n<p><strong>Leyla \u018fliyeva<\/strong>\u00a0da g\u00f6r\u00fcnm\u0259y\u0259n q\u0259hr\u0259manlardand\u0131r. Pandemiyan\u0131n \u0259n pik h\u0259ddinin ya\u015fand\u0131\u011f\u0131 zaman Az\u0259rbaycan\u0131n q\u0259rb b\u00f6lg\u0259sin\u0259 ezam olunmu\u015f h\u0259kim deyir ki, Goranboy rayonuna yola d\u00fc\u015f\u0259nd\u0259 \u00e7ox h\u0259y\u0259canl\u0131 olub, n\u0259 il\u0259 qar\u015f\u0131la\u015faca\u011f\u0131n\u0131 bilm\u0259yib. Yoluxanlar\u0131n say\u0131 is\u0259 is\u0259 durmadan art\u0131rd\u0131:<\/p>\n<p><em><strong>&#8220;Biz ged\u0259nd\u0259 \u0259n \u00e7ox x\u0259st\u0259 say\u0131 Goranboy rayonunda idi. Ora ged\u0259nd\u0259 130-a yax\u0131n x\u0259st\u0259 var idi. Yoxulanlar\u0131n \u00e7oxunu qad\u0131nlar t\u0259\u015fkil edirdi. D\u00fczd\u00fcr, t\u0259\u0259ss\u00fcfl\u0259r olsun ki, itirdiyimiz x\u0259st\u0259l\u0259r d\u0259 oldu. Ancaq getdiyimiz vaxtdan bir h\u0259ft\u0259 sonra x\u0259st\u0259l\u0259rin say\u0131\u00a0azalaraq 60-a \u00e7atd\u0131. A\u011f\u0131r x\u0259st\u0259l\u0259ri Bak\u0131ya g\u00f6nd\u0259rirdik. Koronavirusa inanmayanlar\u0131n \u00e7oxu is\u0259 G\u0259nc\u0259 \u015f\u0259h\u0259rind\u0259 olanlar idi&#8221;.<\/strong><\/em><\/p>\n<p>Aprelin 14-d\u0259 \u0130zmird\u0259n \u00f6lk\u0259miz\u0259 g\u0259tiril\u0259n az\u0259rbaycanl\u0131 h\u0259kim\u00a0<strong>C\u0259bray\u0131l C\u0259bray\u0131lov<\/strong>\u00a0\u0259vv\u0259lc\u0259 Bak\u0131n\u0131n 4 x\u0259st\u0259xanas\u0131nda koronaviruslu x\u0259st\u0259l\u0259ri m\u00fcalic\u0259 edib. Daha sonra is\u0259 dig\u0259r b\u00f6lg\u0259l\u0259r\u0259 g\u00f6nd\u0259rilib. Yerli qona\u011f\u0131m\u0131z Az\u0259rbaycan s\u0259hiyy\u0259sinin q\u0131sa m\u00fcdd\u0259td\u0259 \u00e7ox \u015feyi bacard\u0131\u011f\u0131n\u0131 qeyd edib:<\/p>\n<p><em><strong>&#8220;G\u0259l\u0259r-g\u0259lm\u0259z Bak\u0131dak\u0131 4 x\u0259st\u0259xanada \u00e7al\u0131\u015fd\u0131q. Buradak\u0131 h\u0259kiml\u0259rl\u0259 t\u0259kmill\u0259\u015fdirilm\u0259li olan t\u0259r\u0259fl\u0259ri m\u00fczakir\u0259 etdik v\u0259 q\u0259rarlar ald\u0131q&#8221;.<\/strong><\/em><\/p>\n<p>Haqq\u0131nda dan\u0131\u015fd\u0131\u011f\u0131m\u0131z h\u0259kiml\u0259r bir ay \u0259vv\u0259l Heyd\u0259r \u018fliyev Fondunun Prezidenti, Birinci vitse-prezident Mehriban \u018fliyevan\u0131n t\u0259\u015f\u0259bb\u00fcs\u00fc v\u0259 tap\u015f\u0131r\u0131\u011f\u0131 il\u0259 \u201cREACT-C19\u201d layih\u0259si \u00e7\u0259r\u00e7iv\u0259sind\u0259 \u00f6lk\u0259y\u0259 d\u0259v\u0259t olunub. Onlar d\u00f6vl\u0259t x\u0259tti il\u0259 oxuyub v\u0259 bu g\u00fcn \u00f6lk\u0259y\u0259 d\u00f6n\u00fcb t\u0259cr\u00fcb\u0259l\u0259rini b\u00f6l\u00fc\u015f\u00fcrl\u0259r.<\/p>\n<p>Bu g\u00fcn\u0259 q\u0259d\u0259r s\u0259kkiz x\u0259st\u0259xanan\u0131 \u0259hat\u0259 ed\u0259n layih\u0259d\u0259 T\u00fcrkiy\u0259d\u0259 i\u015fl\u0259y\u0259n 19 az\u0259rbaycanl\u0131 h\u0259kim i\u015ftirak edib. Hey\u0259t iyun ay\u0131n\u0131n sonunad\u0259k Az\u0259rbaycan\u0131n m\u00fcxt\u0259lif b\u00f6lg\u0259l\u0259rind\u0259 f\u0259aliyy\u0259tini davam etdir\u0259c\u0259k.<\/p>\n<p><iframe loading=\"lazy\" src=\"https:\/\/baku.tv\/embed\/19092\" width=\"640\" height=\"360\" frameborder=\"0\" scrolling=\"no\" allowfullscreen=\"allowfullscreen\" data-mce-fragment=\"1\"><\/iframe><\/p>\n<\/div>\n<\/div>\n<div class=\"subs-in-social subs-telegram\"><\/div>\n","protected":false},"excerpt":{"rendered":"<p>2020-ci il \u0259n \u00e7ox koronavirus, pandemiya k\u0259lm\u0259l\u0259ri il\u0259 yana\u015f\u0131, h\u0259m d\u0259 h\u0259kiml\u0259rl\u0259\u00a0yadda\u015f\u0131m\u0131za yaz\u0131l\u0131r. Baku.Tv x\u0259b\u0259r verir ki, b\u0259lk\u0259 d\u0259, yaranan v\u0259ziyy\u0259t a\u011f xalatl\u0131lar\u0131 sevm\u0259y\u0259nl\u0259r \u00fc\u00e7\u00fcn bir f\u00fcrs\u0259t oldu. \u00c7oxunun q\u0259hr\u0259man\u0131na \u00e7evril\u0259n bu \u015f\u0259xsl\u0259r bu g\u00fcn \u201cAz\u0259rbaycanda itkil\u0259r azd\u0131\u201d dem\u0259yimizin s\u0259b\u0259bkarlar\u0131d\u0131r. Leyla \u018fliyeva\u00a0da g\u00f6r\u00fcnm\u0259y\u0259n q\u0259hr\u0259manlardand\u0131r. Pandemiyan\u0131n \u0259n pik h\u0259ddinin ya\u015fand\u0131\u011f\u0131 zaman Az\u0259rbaycan\u0131n q\u0259rb b\u00f6lg\u0259sin\u0259 ezam olunmu\u015f h\u0259kim deyir ki, Goranboy rayonuna yola d\u00fc\u015f\u0259nd\u0259 \u00e7ox h\u0259y\u0259canl\u0131 olub, n\u0259 il\u0259 qar\u015f\u0131la\u015faca\u011f\u0131n\u0131 bilm\u0259yib. Yoluxanlar\u0131n say\u0131 is\u0259 is\u0259 durmadan art\u0131rd\u0131: &#8220;Biz ged\u0259nd\u0259 \u0259n \u00e7ox x\u0259st\u0259 say\u0131 Goranboy rayonunda idi. Ora ged\u0259nd\u0259 130-a yax\u0131n x\u0259st\u0259 var&hellip;<\/p>\n","protected":false},"author":2,"featured_media":170472,"comment_status":"closed","ping_status":"closed","sticky":false,"template":"","format":"standard","meta":{"om_disable_all_campaigns":false,"_monsterinsights_skip_tracking":false,"_monsterinsights_sitenote_active":false,"_monsterinsights_sitenote_note":"","_monsterinsights_sitenote_category":0},"categories":[13],"tags":[],"aioseo_notices":[],"gutentor_comment":0,"rttpg_featured_image_url":{"full":["https:\/\/arantv.az\/wp-content\/uploads\/2020\/05\/8e83498fee2df77a40de145e07696f0f.jpg",450,300,false],"landscape":["https:\/\/arantv.az\/wp-content\/uploads\/2020\/05\/8e83498fee2df77a40de145e07696f0f.jpg",450,300,false],"portraits":["https:\/\/arantv.az\/wp-content\/uploads\/2020\/05\/8e83498fee2df77a40de145e07696f0f.jpg",450,300,false],"thumbnail":["https:\/\/arantv.az\/wp-content\/uploads\/2020\/05\/8e83498fee2df77a40de145e07696f0f-150x150.jpg",150,150,true],"medium":["https:\/\/arantv.az\/wp-content\/uploads\/2020\/05\/8e83498fee2df77a40de145e07696f0f-300x200.jpg",300,200,true],"large":["https:\/\/arantv.az\/wp-content\/uploads\/2020\/05\/8e83498fee2df77a40de145e07696f0f.jpg",450,300,false],"1536x1536":["https:\/\/arantv.az\/wp-content\/uploads\/2020\/05\/8e83498fee2df77a40de145e07696f0f.jpg",450,300,false],"2048x2048":["https:\/\/arantv.az\/wp-content\/uploads\/2020\/05\/8e83498fee2df77a40de145e07696f0f.jpg",450,300,false],"post-thumbnail":["https:\/\/arantv.az\/wp-content\/uploads\/2020\/05\/8e83498fee2df77a40de145e07696f0f-240x172.jpg",240,172,true],"advps-thumb-one":["https:\/\/arantv.az\/wp-content\/uploads\/2020\/05\/8e83498fee2df77a40de145e07696f0f.jpg",450,300,false]},"rttpg_author":{"display_name":"V\u00fcsal Rafiqo\u011flu","author_link":"https:\/\/arantv.az\/?author=2"},"rttpg_comment":0,"rttpg_category":"<a href=\"https:\/\/arantv.az\/?cat=13\" rel=\"category\">Bizim h\u0259kim<\/a>","rttpg_excerpt":"2020-ci il \u0259n \u00e7ox koronavirus, pandemiya k\u0259lm\u0259l\u0259ri il\u0259 yana\u015f\u0131, h\u0259m d\u0259 h\u0259kiml\u0259rl\u0259\u00a0yadda\u015f\u0131m\u0131za yaz\u0131l\u0131r. Baku.Tv x\u0259b\u0259r verir ki, b\u0259lk\u0259 d\u0259, yaranan v\u0259ziyy\u0259t a\u011f xalatl\u0131lar\u0131 sevm\u0259y\u0259nl\u0259r \u00fc\u00e7\u00fcn bir f\u00fcrs\u0259t oldu. \u00c7oxunun q\u0259hr\u0259man\u0131na \u00e7evril\u0259n bu \u015f\u0259xsl\u0259r bu g\u00fcn \u201cAz\u0259rbaycanda itkil\u0259r azd\u0131\u201d dem\u0259yimizin s\u0259b\u0259bkarlar\u0131d\u0131r. Leyla \u018fliyeva\u00a0da g\u00f6r\u00fcnm\u0259y\u0259n q\u0259hr\u0259manlardand\u0131r. Pandemiyan\u0131n \u0259n pik h\u0259ddinin ya\u015fand\u0131\u011f\u0131 zaman Az\u0259rbaycan\u0131n q\u0259rb b\u00f6lg\u0259sin\u0259 ezam olunmu\u015f&hellip;","_links":{"self":[{"href":"https:\/\/arantv.az\/index.php?rest_route=\/wp\/v2\/posts\/170463"}],"collection":[{"href":"https:\/\/arantv.az\/index.php?rest_route=\/wp\/v2\/posts"}],"about":[{"href":"https:\/\/arantv.az\/index.php?rest_route=\/wp\/v2\/types\/post"}],"author":[{"embeddable":true,"href":"https:\/\/arantv.az\/index.php?rest_route=\/wp\/v2\/users\/2"}],"replies":[{"embeddable":true,"href":"https:\/\/arantv.az\/index.php?rest_route=%2Fwp%2Fv2%2Fcomments&post=170463"}],"version-history":[{"count":0,"href":"https:\/\/arantv.az\/index.php?rest_route=\/wp\/v2\/posts\/170463\/revisions"}],"wp:featuredmedia":[{"embeddable":true,"href":"https:\/\/arantv.az\/index.php?rest_route=\/wp\/v2\/media\/170472"}],"wp:attachment":[{"href":"https:\/\/arantv.az\/index.php?rest_route=%2Fwp%2Fv2%2Fmedia&parent=170463"}],"wp:term":[{"taxonomy":"category","embeddable":true,"href":"https:\/\/arantv.az\/index.php?rest_route=%2Fwp%2Fv2%2Fcategories&post=170463"},{"taxonomy":"post_tag","embeddable":true,"href":"https:\/\/arantv.az\/index.php?rest_route=%2Fwp%2Fv2%2Ftags&post=170463"}],"curies":[{"name":"wp","href":"https:\/\/api.w.org\/{rel}","templated":true}]}}