{"id":170471,"date":"2020-05-22T21:35:25","date_gmt":"2020-05-22T18:35:25","guid":{"rendered":"http:\/\/arantv.az\/?p=170471"},"modified":"2020-05-22T21:35:25","modified_gmt":"2020-05-22T18:35:25","slug":"az%c9%99rpoct-bayram-gunl%c9%99rind%c9%99-novb%c9%99li-is-rejimin%c9%99-kec%c9%99c%c9%99k","status":"publish","type":"post","link":"https:\/\/arantv.az\/?p=170471","title":{"rendered":"\u201cAz\u0259rpo\u00e7t\u201d bayram g\u00fcnl\u0259rind\u0259 n\u00f6vb\u0259li i\u015f rejimin\u0259 ke\u00e7\u0259c\u0259k"},"content":{"rendered":"<p><strong>N\u0259qliyyat, Rabit\u0259 v\u0259 Y\u00fcks\u0259k Texnologiyalar Nazirliyinin tabeliyind\u0259 olan \u201cAz\u0259rpo\u00e7t\u201d MMC-nin b\u00fct\u00fcn po\u00e7t \u015f\u00f6b\u0259l\u0259rind\u0259 bayram g\u00fcnl\u0259ri il\u0259 \u0259laq\u0259dar n\u00f6vb\u0259li i\u015f rejimi t\u0259\u015fkil edil\u0259c\u0259k.<\/strong><\/p>\n<p>23 v\u0259 26-30 may tarixl\u0259rind\u0259 b\u00fct\u00fcn po\u00e7t \u015f\u00f6b\u0259l\u0259ri saat 09:00-dan 17:00-d\u0259k f\u0259aliyy\u0259t g\u00f6st\u0259r\u0259c\u0259k.<\/p>\n<p>H\u0259m\u00e7inin Bak\u0131, Sumqay\u0131t, C\u0259lilabad, Zaqatala v\u0259 A\u011fda\u015fda yerl\u0259\u015f\u0259n \u201c\u015e\u0259b\u0259k\u0259\u201d xidm\u0259t m\u0259rk\u0259zl\u0259ri eyni saatlarda v\u0259t\u0259nda\u015flar\u0131n xidm\u0259tind\u0259 olacaq.<\/p>\n<p><em><strong>24-25 may tarixl\u0259rind\u0259 is\u0259 paytaxtda v\u0259 regionlardak\u0131 \u201c\u015e\u0259b\u0259k\u0259\u201d xidm\u0259t m\u0259rk\u0259zl\u0259ri il\u0259 yana\u015f\u0131, Bak\u0131 \u015f\u0259h\u0259rind\u0259 yerl\u0259\u015f\u0259n 1 sayl\u0131 po\u00e7t filial\u0131n\u0131n 1, 7, 10, 33, 66; 2 sayl\u0131 po\u00e7t filial\u0131n\u0131n 9, 102, 111, 117; 3 sayl\u0131 po\u00e7t filial\u0131n\u0131n 2 (MX\u015e), 34, 40, 104, 118, 119, 123, 132, 133, 142, 149; 4 sayl\u0131 po\u00e7t filial\u0131n\u0131n 39, 42, 45, 77, 89, 90, 156; 5 sayl\u0131 po\u00e7t filial\u0131n\u0131n 63 (MX\u015e), 3, 21, 80, 81, 83, 170; 6 sayl\u0131 po\u00e7t filial\u0131n\u0131n 72 (MX\u015e), 8, 29, 52, 53, 54, 114, 115, 130 sayl\u0131 po\u00e7t \u015f\u00f6b\u0259l\u0259ri, el\u0259c\u0259 d\u0259 regionlardak\u0131 m\u00fc\u015ft\u0259ri xidm\u0259tl\u0259ri \u015f\u00f6b\u0259l\u0259ri saat 10:00-dan 17:00-d\u0259k f\u0259aliyy\u0259t g\u00f6st\u0259r\u0259c\u0259k.<\/strong><\/em><\/p>\n<p>Po\u00e7t \u015f\u00f6b\u0259l\u0259rind\u0259 \u0259haliy\u0259 po\u00e7t-maliyy\u0259 xidm\u0259tl\u0259rinin g\u00f6st\u0259rilm\u0259si, teleqramlar\u0131n, m\u0259ktublar\u0131n, banderollar\u0131n, ba\u011flamalar\u0131n, \u0259sg\u0259ri g\u00f6nd\u0259ri\u015fl\u0259rin, pulk\u00f6\u00e7\u00fcrm\u0259l\u0259rinin \u00e7atd\u0131r\u0131lmas\u0131, kommunal xidm\u0259t haqlar\u0131n\u0131n y\u0131\u011f\u0131lmas\u0131 t\u0259min edilir.<br \/>\n(Report.az)<\/p>\n","protected":false},"excerpt":{"rendered":"<p>N\u0259qliyyat, Rabit\u0259 v\u0259 Y\u00fcks\u0259k Texnologiyalar Nazirliyinin tabeliyind\u0259 olan \u201cAz\u0259rpo\u00e7t\u201d MMC-nin b\u00fct\u00fcn po\u00e7t \u015f\u00f6b\u0259l\u0259rind\u0259 bayram g\u00fcnl\u0259ri il\u0259 \u0259laq\u0259dar n\u00f6vb\u0259li i\u015f rejimi t\u0259\u015fkil edil\u0259c\u0259k. 23 v\u0259 26-30 may tarixl\u0259rind\u0259 b\u00fct\u00fcn po\u00e7t \u015f\u00f6b\u0259l\u0259ri saat 09:00-dan 17:00-d\u0259k f\u0259aliyy\u0259t g\u00f6st\u0259r\u0259c\u0259k. H\u0259m\u00e7inin Bak\u0131, Sumqay\u0131t, C\u0259lilabad, Zaqatala v\u0259 A\u011fda\u015fda yerl\u0259\u015f\u0259n \u201c\u015e\u0259b\u0259k\u0259\u201d xidm\u0259t m\u0259rk\u0259zl\u0259ri eyni saatlarda v\u0259t\u0259nda\u015flar\u0131n xidm\u0259tind\u0259 olacaq. 24-25 may tarixl\u0259rind\u0259 is\u0259 paytaxtda v\u0259 regionlardak\u0131 \u201c\u015e\u0259b\u0259k\u0259\u201d xidm\u0259t m\u0259rk\u0259zl\u0259ri il\u0259 yana\u015f\u0131, Bak\u0131 \u015f\u0259h\u0259rind\u0259 yerl\u0259\u015f\u0259n 1 sayl\u0131 po\u00e7t filial\u0131n\u0131n 1, 7, 10, 33, 66; 2 sayl\u0131 po\u00e7t filial\u0131n\u0131n 9, 102, 111, 117; 3 sayl\u0131 po\u00e7t filial\u0131n\u0131n 2 (MX\u015e), 34,&hellip;<\/p>\n","protected":false},"author":2,"featured_media":170475,"comment_status":"closed","ping_status":"closed","sticky":false,"template":"","format":"standard","meta":{"om_disable_all_campaigns":false,"_monsterinsights_skip_tracking":false,"_monsterinsights_sitenote_active":false,"_monsterinsights_sitenote_note":"","_monsterinsights_sitenote_category":0},"categories":[26],"tags":[],"aioseo_notices":[],"gutentor_comment":0,"rttpg_featured_image_url":{"full":["https:\/\/arantv.az\/wp-content\/uploads\/2020\/05\/9fe66f86ba0f1ebba4359e6489ccdae8.jpg",450,300,false],"landscape":["https:\/\/arantv.az\/wp-content\/uploads\/2020\/05\/9fe66f86ba0f1ebba4359e6489ccdae8.jpg",450,300,false],"portraits":["https:\/\/arantv.az\/wp-content\/uploads\/2020\/05\/9fe66f86ba0f1ebba4359e6489ccdae8.jpg",450,300,false],"thumbnail":["https:\/\/arantv.az\/wp-content\/uploads\/2020\/05\/9fe66f86ba0f1ebba4359e6489ccdae8-150x150.jpg",150,150,true],"medium":["https:\/\/arantv.az\/wp-content\/uploads\/2020\/05\/9fe66f86ba0f1ebba4359e6489ccdae8-300x200.jpg",300,200,true],"large":["https:\/\/arantv.az\/wp-content\/uploads\/2020\/05\/9fe66f86ba0f1ebba4359e6489ccdae8.jpg",450,300,false],"1536x1536":["https:\/\/arantv.az\/wp-content\/uploads\/2020\/05\/9fe66f86ba0f1ebba4359e6489ccdae8.jpg",450,300,false],"2048x2048":["https:\/\/arantv.az\/wp-content\/uploads\/2020\/05\/9fe66f86ba0f1ebba4359e6489ccdae8.jpg",450,300,false],"post-thumbnail":["https:\/\/arantv.az\/wp-content\/uploads\/2020\/05\/9fe66f86ba0f1ebba4359e6489ccdae8-240x172.jpg",240,172,true],"advps-thumb-one":["https:\/\/arantv.az\/wp-content\/uploads\/2020\/05\/9fe66f86ba0f1ebba4359e6489ccdae8.jpg",450,300,false]},"rttpg_author":{"display_name":"V\u00fcsal Rafiqo\u011flu","author_link":"https:\/\/arantv.az\/?author=2"},"rttpg_comment":0,"rttpg_category":"<a href=\"https:\/\/arantv.az\/?cat=26\" rel=\"category\">Sosial<\/a>","rttpg_excerpt":"N\u0259qliyyat, Rabit\u0259 v\u0259 Y\u00fcks\u0259k Texnologiyalar Nazirliyinin tabeliyind\u0259 olan \u201cAz\u0259rpo\u00e7t\u201d MMC-nin b\u00fct\u00fcn po\u00e7t \u015f\u00f6b\u0259l\u0259rind\u0259 bayram g\u00fcnl\u0259ri il\u0259 \u0259laq\u0259dar n\u00f6vb\u0259li i\u015f rejimi t\u0259\u015fkil edil\u0259c\u0259k. 23 v\u0259 26-30 may tarixl\u0259rind\u0259 b\u00fct\u00fcn po\u00e7t \u015f\u00f6b\u0259l\u0259ri saat 09:00-dan 17:00-d\u0259k f\u0259aliyy\u0259t g\u00f6st\u0259r\u0259c\u0259k. H\u0259m\u00e7inin Bak\u0131, Sumqay\u0131t, C\u0259lilabad, Zaqatala v\u0259 A\u011fda\u015fda yerl\u0259\u015f\u0259n \u201c\u015e\u0259b\u0259k\u0259\u201d xidm\u0259t m\u0259rk\u0259zl\u0259ri eyni saatlarda v\u0259t\u0259nda\u015flar\u0131n xidm\u0259tind\u0259 olacaq. 24-25 may tarixl\u0259rind\u0259 is\u0259&hellip;","_links":{"self":[{"href":"https:\/\/arantv.az\/index.php?rest_route=\/wp\/v2\/posts\/170471"}],"collection":[{"href":"https:\/\/arantv.az\/index.php?rest_route=\/wp\/v2\/posts"}],"about":[{"href":"https:\/\/arantv.az\/index.php?rest_route=\/wp\/v2\/types\/post"}],"author":[{"embeddable":true,"href":"https:\/\/arantv.az\/index.php?rest_route=\/wp\/v2\/users\/2"}],"replies":[{"embeddable":true,"href":"https:\/\/arantv.az\/index.php?rest_route=%2Fwp%2Fv2%2Fcomments&post=170471"}],"version-history":[{"count":0,"href":"https:\/\/arantv.az\/index.php?rest_route=\/wp\/v2\/posts\/170471\/revisions"}],"wp:featuredmedia":[{"embeddable":true,"href":"https:\/\/arantv.az\/index.php?rest_route=\/wp\/v2\/media\/170475"}],"wp:attachment":[{"href":"https:\/\/arantv.az\/index.php?rest_route=%2Fwp%2Fv2%2Fmedia&parent=170471"}],"wp:term":[{"taxonomy":"category","embeddable":true,"href":"https:\/\/arantv.az\/index.php?rest_route=%2Fwp%2Fv2%2Fcategories&post=170471"},{"taxonomy":"post_tag","embeddable":true,"href":"https:\/\/arantv.az\/index.php?rest_route=%2Fwp%2Fv2%2Ftags&post=170471"}],"curies":[{"name":"wp","href":"https:\/\/api.w.org\/{rel}","templated":true}]}}