{"id":170478,"date":"2020-05-22T21:36:09","date_gmt":"2020-05-22T18:36:09","guid":{"rendered":"http:\/\/arantv.az\/?p=170478"},"modified":"2020-05-22T21:36:09","modified_gmt":"2020-05-22T18:36:09","slug":"prezident-ilham-%c9%99liyev-sentyabrin-sonunad%c9%99k-bizd%c9%99-baki-ucun-minl%c9%99rl%c9%99-yeni-kuc%c9%99-isigini-ozund%c9%99-ehtiva-ed%c9%99c%c9%99k-birinci-m%c9%99rh%c9%99l%c9%99-artiq-icra-ed","status":"publish","type":"post","link":"https:\/\/arantv.az\/?p=170478","title":{"rendered":"Prezident \u0130lham \u018fliyev: &#8220;Sentyabr\u0131n sonunad\u0259k bizd\u0259 Bak\u0131 \u00fc\u00e7\u00fcn minl\u0259rl\u0259 yeni k\u00fc\u00e7\u0259 i\u015f\u0131\u011f\u0131n\u0131 \u00f6z\u00fcnd\u0259 ehtiva ed\u0259c\u0259k birinci m\u0259rh\u0259l\u0259 art\u0131q icra edilmi\u015f olacaq&#8221;"},"content":{"rendered":"<p><strong>&#8220;\u015eadam ki, bayaq da qeyd etdiyim kimi, h\u0259r \u015fey c\u0259dv\u0259l\u0259 uy\u011fun olaraq gedir. M\u0259n\u0259 m\u0259lumat verildi ki, Davosdak\u0131 g\u00f6r\u00fc\u015fd\u0259n sonra sizin komandan\u0131z bizi mart ay\u0131nda ziyar\u0259t etmi\u015fdir. Sizin d\u0259 qeyd etdiyiniz kimi, sentyabr\u0131n sonunad\u0259k bizd\u0259 Bak\u0131 \u00fc\u00e7\u00fcn minl\u0259rl\u0259 yeni k\u00fc\u00e7\u0259 i\u015f\u0131\u011f\u0131n\u0131 \u00f6z\u00fcnd\u0259 ehtiva ed\u0259c\u0259k birinci m\u0259rh\u0259l\u0259 art\u0131q icra edilmi\u015f olacaq&#8221;.<\/strong><\/p>\n<p>APA\u00a0x\u0259b\u0259r verir ki, bu s\u00f6zl\u0259ri Prezident \u0130lham \u018fliyev \u201cSignify\u201d \u015firk\u0259tinin t\u0259\u015f\u0259bb\u00fcs\u00fc il\u0259 bu \u015firk\u0259tin ba\u015f icra\u00e7\u0131 direktoru Erik Rondolat, MDB \u00fczr\u0259 ba\u015f meneceri Erik Benedetti v\u0259 \u201cSignify\u201d r\u0259hb\u0259rliyinin dig\u0259r n\u00fcmay\u0259nd\u0259l\u0259ri il\u0259 ke\u00e7irdiyi videokonfrans zaman\u0131 s\u0259sl\u0259ndirib.<\/p>\n<p>D\u00f6vl\u0259t ba\u015f\u00e7\u0131s\u0131 bildirib ki, bu, birinci n\u00f6vb\u0259d\u0259 k\u00fc\u00e7\u0259l\u0259rin i\u015f\u0131qland\u0131r\u0131lmas\u0131 bax\u0131m\u0131ndan v\u0259ziyy\u0259ti yax\u015f\u0131 olmayan \u0259razil\u0259ri \u0259hat\u0259 ed\u0259c\u0259k:<\/p>\n<p>&#8220;Eyni zamanda, sizin d\u0259 qeyd etdiyiniz kimi, biz b\u00f6y\u00fck miqdarda enerjiy\u0259 q\u0259na\u0259t etmi\u015f olaca\u011f\u0131q. \u0130nsanlar da bunun faydas\u0131n\u0131 g\u00f6r\u0259c\u0259kl\u0259r. Bizim m\u00fczakir\u0259 etdiyimiz kimi, bu, birinci layih\u0259d\u0259n sonra birg\u0259 f\u0259aliyy\u0259timizin geni\u015fl\u0259ndirilm\u0259sin\u0259, Bak\u0131 v\u0259 dig\u0259r \u015f\u0259h\u0259rl\u0259rin \u0259hat\u0259 edilm\u0259sin\u0259 dair b\u00f6y\u00fck planlar\u0131m\u0131z var. Birinci m\u0259rh\u0259l\u0259d\u0259, ola bilsin ki, b\u00f6y\u00fck \u015f\u0259h\u0259rl\u0259r \u0259hat\u0259 olunacaq. Biz Sumqay\u0131t \u015f\u0259h\u0259rinin k\u00fc\u00e7\u0259 i\u015f\u0131qlar\u0131 bar\u0259d\u0259 dan\u0131\u015fd\u0131q. M\u0259nim bildiyim\u0259 g\u00f6r\u0259, qiym\u0259tl\u0259ndirm\u0259 prosesi gedir. Bel\u0259likl\u0259, \u00fcmid edir\u0259m ki, bizim bu sah\u0259d\u0259 uzunm\u00fcdd\u0259tli \u0259m\u0259kda\u015fl\u0131\u011f\u0131m\u0131z olacaq&#8221;.<\/p>\n","protected":false},"excerpt":{"rendered":"<p>&#8220;\u015eadam ki, bayaq da qeyd etdiyim kimi, h\u0259r \u015fey c\u0259dv\u0259l\u0259 uy\u011fun olaraq gedir. M\u0259n\u0259 m\u0259lumat verildi ki, Davosdak\u0131 g\u00f6r\u00fc\u015fd\u0259n sonra sizin komandan\u0131z bizi mart ay\u0131nda ziyar\u0259t etmi\u015fdir. Sizin d\u0259 qeyd etdiyiniz kimi, sentyabr\u0131n sonunad\u0259k bizd\u0259 Bak\u0131 \u00fc\u00e7\u00fcn minl\u0259rl\u0259 yeni k\u00fc\u00e7\u0259 i\u015f\u0131\u011f\u0131n\u0131 \u00f6z\u00fcnd\u0259 ehtiva ed\u0259c\u0259k birinci m\u0259rh\u0259l\u0259 art\u0131q icra edilmi\u015f olacaq&#8221;. APA\u00a0x\u0259b\u0259r verir ki, bu s\u00f6zl\u0259ri Prezident \u0130lham \u018fliyev \u201cSignify\u201d \u015firk\u0259tinin t\u0259\u015f\u0259bb\u00fcs\u00fc il\u0259 bu \u015firk\u0259tin ba\u015f icra\u00e7\u0131 direktoru Erik Rondolat, MDB \u00fczr\u0259 ba\u015f meneceri Erik Benedetti v\u0259 \u201cSignify\u201d r\u0259hb\u0259rliyinin dig\u0259r n\u00fcmay\u0259nd\u0259l\u0259ri il\u0259 ke\u00e7irdiyi videokonfrans zaman\u0131 s\u0259sl\u0259ndirib. D\u00f6vl\u0259t ba\u015f\u00e7\u0131s\u0131 bildirib ki, bu,&hellip;<\/p>\n","protected":false},"author":2,"featured_media":170480,"comment_status":"closed","ping_status":"closed","sticky":false,"template":"","format":"standard","meta":{"om_disable_all_campaigns":false,"_monsterinsights_skip_tracking":false,"_monsterinsights_sitenote_active":false,"_monsterinsights_sitenote_note":"","_monsterinsights_sitenote_category":0},"categories":[1],"tags":[],"aioseo_notices":[],"gutentor_comment":0,"rttpg_featured_image_url":{"full":["https:\/\/arantv.az\/wp-content\/uploads\/2020\/05\/26c7ce8343f809fbe76d32e99b12db89.jpg",450,300,false],"landscape":["https:\/\/arantv.az\/wp-content\/uploads\/2020\/05\/26c7ce8343f809fbe76d32e99b12db89.jpg",450,300,false],"portraits":["https:\/\/arantv.az\/wp-content\/uploads\/2020\/05\/26c7ce8343f809fbe76d32e99b12db89.jpg",450,300,false],"thumbnail":["https:\/\/arantv.az\/wp-content\/uploads\/2020\/05\/26c7ce8343f809fbe76d32e99b12db89-150x150.jpg",150,150,true],"medium":["https:\/\/arantv.az\/wp-content\/uploads\/2020\/05\/26c7ce8343f809fbe76d32e99b12db89-300x200.jpg",300,200,true],"large":["https:\/\/arantv.az\/wp-content\/uploads\/2020\/05\/26c7ce8343f809fbe76d32e99b12db89.jpg",450,300,false],"1536x1536":["https:\/\/arantv.az\/wp-content\/uploads\/2020\/05\/26c7ce8343f809fbe76d32e99b12db89.jpg",450,300,false],"2048x2048":["https:\/\/arantv.az\/wp-content\/uploads\/2020\/05\/26c7ce8343f809fbe76d32e99b12db89.jpg",450,300,false],"post-thumbnail":["https:\/\/arantv.az\/wp-content\/uploads\/2020\/05\/26c7ce8343f809fbe76d32e99b12db89-240x172.jpg",240,172,true],"advps-thumb-one":["https:\/\/arantv.az\/wp-content\/uploads\/2020\/05\/26c7ce8343f809fbe76d32e99b12db89.jpg",450,300,false]},"rttpg_author":{"display_name":"V\u00fcsal Rafiqo\u011flu","author_link":"https:\/\/arantv.az\/?author=2"},"rttpg_comment":0,"rttpg_category":"<a href=\"https:\/\/arantv.az\/?cat=1\" rel=\"category\">C\u0259miyy\u0259t<\/a>","rttpg_excerpt":"&#8220;\u015eadam ki, bayaq da qeyd etdiyim kimi, h\u0259r \u015fey c\u0259dv\u0259l\u0259 uy\u011fun olaraq gedir. M\u0259n\u0259 m\u0259lumat verildi ki, Davosdak\u0131 g\u00f6r\u00fc\u015fd\u0259n sonra sizin komandan\u0131z bizi mart ay\u0131nda ziyar\u0259t etmi\u015fdir. Sizin d\u0259 qeyd etdiyiniz kimi, sentyabr\u0131n sonunad\u0259k bizd\u0259 Bak\u0131 \u00fc\u00e7\u00fcn minl\u0259rl\u0259 yeni k\u00fc\u00e7\u0259 i\u015f\u0131\u011f\u0131n\u0131 \u00f6z\u00fcnd\u0259 ehtiva ed\u0259c\u0259k birinci m\u0259rh\u0259l\u0259 art\u0131q icra edilmi\u015f olacaq&#8221;. APA\u00a0x\u0259b\u0259r verir ki, bu s\u00f6zl\u0259ri&hellip;","_links":{"self":[{"href":"https:\/\/arantv.az\/index.php?rest_route=\/wp\/v2\/posts\/170478"}],"collection":[{"href":"https:\/\/arantv.az\/index.php?rest_route=\/wp\/v2\/posts"}],"about":[{"href":"https:\/\/arantv.az\/index.php?rest_route=\/wp\/v2\/types\/post"}],"author":[{"embeddable":true,"href":"https:\/\/arantv.az\/index.php?rest_route=\/wp\/v2\/users\/2"}],"replies":[{"embeddable":true,"href":"https:\/\/arantv.az\/index.php?rest_route=%2Fwp%2Fv2%2Fcomments&post=170478"}],"version-history":[{"count":0,"href":"https:\/\/arantv.az\/index.php?rest_route=\/wp\/v2\/posts\/170478\/revisions"}],"wp:featuredmedia":[{"embeddable":true,"href":"https:\/\/arantv.az\/index.php?rest_route=\/wp\/v2\/media\/170480"}],"wp:attachment":[{"href":"https:\/\/arantv.az\/index.php?rest_route=%2Fwp%2Fv2%2Fmedia&parent=170478"}],"wp:term":[{"taxonomy":"category","embeddable":true,"href":"https:\/\/arantv.az\/index.php?rest_route=%2Fwp%2Fv2%2Fcategories&post=170478"},{"taxonomy":"post_tag","embeddable":true,"href":"https:\/\/arantv.az\/index.php?rest_route=%2Fwp%2Fv2%2Ftags&post=170478"}],"curies":[{"name":"wp","href":"https:\/\/api.w.org\/{rel}","templated":true}]}}