{"id":170483,"date":"2020-05-22T22:36:31","date_gmt":"2020-05-22T19:36:31","guid":{"rendered":"http:\/\/arantv.az\/?p=170483"},"modified":"2020-05-22T22:36:31","modified_gmt":"2020-05-22T19:36:31","slug":"elnur-allahverdiyev-guz%c9%99st-almaq-ist%c9%99y%c9%99n-sahibkar-f%c9%99aliyy%c9%99tind%c9%99-s%c9%99ffaf-olmalidir","status":"publish","type":"post","link":"https:\/\/arantv.az\/?p=170483","title":{"rendered":"Elnur Allahverdiyev: \u201cG\u00fcz\u0259\u015ft almaq ist\u0259y\u0259n sahibkar f\u0259aliyy\u0259tind\u0259 \u015f\u0259ffaf olmal\u0131d\u0131r\u201d"},"content":{"rendered":"<p>\u201cQlobal pandemiyan\u0131n Az\u0259rbaycan iqtisadiyyat\u0131na t\u0259sirsiz \u00f6t\u00fc\u015fm\u0259m\u0259si s\u0259b\u0259bil\u0259 h\u00f6kum\u0259tin h\u0259yata ke\u00e7irdiyi t\u0259dbirl\u0259rin bir qismi d\u0259 \u00f6z\u0259l sektor t\u0259msil\u00e7il\u0259rin\u0259 m\u00fcnasib\u0259td\u0259 t\u0259tbiq edil\u0259c\u0259k g\u00fcz\u0259\u015ftl\u0259rdir. Bu g\u00fcz\u0259\u015ftl\u0259r sahibkarl\u0131q subyektl\u0259rin\u0259 postpandemiya d\u00f6vr\u00fcnd\u0259ki f\u0259aliyy\u0259tl\u0259rind\u0259 ciddi d\u0259st\u0259k ola bil\u0259r\u201d.<\/p>\n<p>Bunu \u201cQafqazinfo\u201dya a\u00e7\u0131qlamas\u0131nda Milli M\u0259clisin deputat\u0131, \u0130qtisadi siyas\u0259t, s\u0259naye v\u0259 sahibkarl\u0131q komit\u0259sinin \u00fczv\u00fc Elnur Allahverdiyev deyib.<\/p>\n<p>Mill\u0259t v\u0259kili bildirib ki, g\u00fcz\u0259\u015ftl\u0259r d\u00f6vl\u0259tin \u00f6z\u0259l biznes\u0259 d\u0259st\u0259yinin n\u00f6vb\u0259ti m\u0259rh\u0259l\u0259sidir. \u018fg\u0259r s\u0259rt karantin rejimind\u0259 h\u00f6kum\u0259tin sektor t\u0259msil\u00e7il\u0259rin\u0259 ay\u0131rd\u0131\u011f\u0131 maddi d\u0259st\u0259k onlara \u00e7\u0259tin d\u00f6vrd\u0259, f\u0259aliyy\u0259tsizlik \u015f\u0259raitind\u0259 edil\u0259n yard\u0131m idis\u0259, g\u00fcz\u0259\u015ftl\u0259r sahibkarl\u0131q subyektl\u0259ri \u00fc\u00e7\u00fcn pandemiyadan sonrak\u0131 m\u0259rh\u0259l\u0259d\u0259 hava-su kimi\u00a0 laz\u0131md\u0131r:<\/p>\n<div id=\"AdviadNativeVideo0\" class=\"AdviadNativeVideo\"><\/div>\n<p>\u201cBu g\u00fcz\u0259\u015ftl\u0259r imkan ver\u0259c\u0259k ki, iqtisadi m\u00fcnasib\u0259tl\u0259rin b\u0259rpa olundu\u011fu postpandemiya m\u0259rh\u0259l\u0259sind\u0259 milli biznes \u00f6z\u00fcn\u00fcn \u0259vv\u0259lki inki\u015faf s\u0259viyy\u0259sin\u0259 daha rahat v\u0259 daha tez qay\u0131da bilib, itkil\u0259rini b\u0259rpa etsin. \u00d6z\u0259l sektor n\u0259 q\u0259d\u0259r tez \u00f6z\u00fcn\u0259 g\u0259l\u0259rs\u0259, d\u00f6vl\u0259t bundan o q\u0259d\u0259r d\u0259 tez xeyir g\u00f6t\u00fcr\u0259 bil\u0259r. Vergil\u0259r \u00f6d\u0259n\u0259r, v\u0259t\u0259nda\u015flar\u0131n m\u0259\u015f\u011fulluq m\u0259s\u0259l\u0259si \u00f6z h\u0259llini tapar, n\u0259tic\u0259 etibaril\u0259, d\u00f6vl\u0259t b\u00fcdc\u0259sinin y\u00fck\u00fc azalm\u0131\u015f olar\u201d.<\/p>\n<p>E.Allahverdiyev qeyd edib ki, m\u00fcmk\u00fcn g\u00fcz\u0259\u015ftl\u0259rin t\u0259tbiqind\u0259 \u0259sas \u015f\u0259rt v\u0259 t\u0259l\u0259b sahibkar\u0131n fa\u0259liyy\u0259tini \u015f\u0259ffaf qurmas\u0131d\u0131r. \u018fks halda d\u00f6vl\u0259t ona m\u00fcnasib\u0259td\u0259 g\u00fcz\u0259\u015ft t\u0259tbiq ed\u0259 bilm\u0259y\u0259c\u0259k.<\/p>\n<p>\u201cBizim \u0259yani n\u00fcmun\u0259miz var. Pandemiya il\u0259 ba\u011fl\u0131 kiml\u0259r\u0259 maddi yard\u0131m olundu? O subyekt\u0259r\u0259 ki, vergid\u0259n qa\u00e7may\u0131blar, f\u0259aliyy\u0259tl\u0259rini leqalla\u015fd\u0131r\u0131blar, i\u015f\u00e7il\u0259ri il\u0259 \u0259m\u0259k m\u00fcqavil\u0259si ba\u011flay\u0131blar, sosial \u00f6d\u0259ni\u015fl\u0259ri \u00f6d\u0259yibl\u0259r. G\u00fcz\u0259\u015ftl\u0259r d\u0259 bu qaydada, qanuni m\u00fcst\u0259vid\u0259 t\u0259tbiq ollunmal\u0131d\u0131r\u201d, &#8211; dey\u0259 Milli M\u0259clisin deputat\u0131 vur\u011fulay\u0131b.<\/p>\n<p>E. Allahverdiyev hesab edir ki, vergil\u0259rd\u0259 n\u0259z\u0259rd\u0259 tutulmu\u015f g\u00fcz\u0259\u015ftl\u0259r \u00f6z\u00fcn\u00fc sosial sferada da g\u00f6st\u0259rm\u0259lidir:<\/p>\n<p>\u201cMilli M\u0259clisd\u0259 \u201cSosial s\u0131\u011forta haqq\u0131nda\u201d Az\u0259rbaycan Respublikas\u0131n\u0131n qanununda\u00a0 d\u0259yi\u015fiklikl\u0259r m\u00fczakir\u0259 olunur. M\u0259n t\u0259klif edir\u0259m ki, \u0259g\u0259r sahibkar indiy\u0259 q\u0259d\u0259r \u0259m\u0259k haqq\u0131 fondunu 100% qoruyub saxlay\u0131rsa v\u0259 h\u0259min \u0259m\u0259k haqq\u0131 fondunda art\u0131m edirs\u0259, i\u015f\u00e7i say\u0131n\u0131 saxlamaqla v\u0259 ya i\u015f\u00e7i say\u0131n\u0131 art\u0131rmaq \u015f\u0259rti il\u0259, h\u0259min art\u0131m \u00fc\u00e7\u00fcn bir il \u0259rzind\u0259 i\u015f\u00e7i maa\u015f\u0131na g\u00f6r\u0259 \u00f6z\u0259l sektordan he\u00e7 bir sosial s\u0131\u011forta haqq\u0131 tutulmas\u0131n. M\u0259s\u0259l\u0259n, h\u0259r hans\u0131 bir \u015firk\u0259t \u0259m\u0259k haqq\u0131 fondunu \u015f\u0259rti olaraq 100 min manatdan 150 min manata qald\u0131r\u0131rsa, art\u0131r\u0131lan 50 min manatdan m\u0259cburi d\u00f6vl\u0259t sosial s\u0131\u011forta haqlar\u0131 hesablanm\u0131r\u201d.<\/p>\n<p>Mill\u0259t v\u0259kilinin fikrinc\u0259, bu halda h\u0259m d\u00f6vl\u0259t xeyir g\u00f6r\u00fcr, h\u0259m \u00f6z\u0259l sektor.<\/p>\n<p>\u201c\u0130ndi sahibkar qazanacaq, qar\u015f\u0131dak\u0131 ill\u0259rd\u0259 is\u0259 d\u00f6vl\u0259t. Birincisi, d\u00f6vl\u0259t b\u00fcdc\u0259sin\u0259 g\u0259l\u0259c\u0259k ill\u0259rd\u0259 \u0259lav\u0259 v\u0259saitin daxil olmas\u0131na \u015f\u0259rait yarad\u0131lm\u0131\u015f olacaq. \u0130kincisi is\u0259 bu add\u0131m \u00f6z\u0259l sektor t\u0259msil\u00e7il\u0259ri \u00fc\u00e7\u00fcn i\u015f\u00e7il\u0259rini r\u0259smi qeydiyyata almaq istiqam\u0259tind\u0259 stimul rolunda \u00e7\u0131x\u0131\u015f ed\u0259c\u0259k. C\u0259nab Prezident \u0130lham \u018fliyev dem\u0259k olar b\u00fct\u00fcn \u00e7\u0131x\u0131\u015flar\u0131nda \u015f\u0259ffafl\u0131q amilini qabard\u0131r. \u015e\u0259ffaf f\u0259aliyy\u0259t d\u00f6vl\u0259tl\u0259 yana\u015f\u0131, sahibkara da m\u00fch\u00fcm \u00fcst\u00fcnl\u00fckl\u0259r verir. M\u0259s\u0259l\u0259n, bel\u0259 \u00e7\u0259tin m\u0259qamlarda d\u00f6vl\u0259tin g\u00fcz\u0259\u015ftl\u0259rind\u0259n yararlana bilir. G\u00fcz\u0259\u015ft almaq ist\u0259y\u0259n sahibkar fa\u0259liyy\u0259tind\u0259 \u015f\u0259ffaf olmal\u0131d\u0131r. Eyni zamanda, qanuni m\u00fcst\u0259vid\u0259 f\u0259aliyy\u0259t h\u0259r zaman \u00fc\u00e7\u00fcn m\u00fch\u00fcm \u00fcst\u00fcnl\u00fckd\u00fcr. Fikrimc\u0259, bu g\u00fcz\u0259\u015ft \u00f6z\u0259l sektorun qanuni \u0259saslarla i\u015fl\u0259m\u0259y\u0259n t\u0259msil\u00e7il\u0259rinin \u015f\u0259ffaf f\u0259aliyy\u0259t\u0259 daha tez ke\u00e7m\u0259l\u0259ri \u00fc\u00e7\u00fcn m\u00fch\u00fcm t\u0259kan ola bil\u0259r\u201d, &#8211; dey\u0259 mill\u0259t v\u0259kili vur\u011fulay\u0131b.<\/p>\n","protected":false},"excerpt":{"rendered":"<p>\u201cQlobal pandemiyan\u0131n Az\u0259rbaycan iqtisadiyyat\u0131na t\u0259sirsiz \u00f6t\u00fc\u015fm\u0259m\u0259si s\u0259b\u0259bil\u0259 h\u00f6kum\u0259tin h\u0259yata ke\u00e7irdiyi t\u0259dbirl\u0259rin bir qismi d\u0259 \u00f6z\u0259l sektor t\u0259msil\u00e7il\u0259rin\u0259 m\u00fcnasib\u0259td\u0259 t\u0259tbiq edil\u0259c\u0259k g\u00fcz\u0259\u015ftl\u0259rdir. Bu g\u00fcz\u0259\u015ftl\u0259r sahibkarl\u0131q subyektl\u0259rin\u0259 postpandemiya d\u00f6vr\u00fcnd\u0259ki f\u0259aliyy\u0259tl\u0259rind\u0259 ciddi d\u0259st\u0259k ola bil\u0259r\u201d. Bunu \u201cQafqazinfo\u201dya a\u00e7\u0131qlamas\u0131nda Milli M\u0259clisin deputat\u0131, \u0130qtisadi siyas\u0259t, s\u0259naye v\u0259 sahibkarl\u0131q komit\u0259sinin \u00fczv\u00fc Elnur Allahverdiyev deyib. Mill\u0259t v\u0259kili bildirib ki, g\u00fcz\u0259\u015ftl\u0259r d\u00f6vl\u0259tin \u00f6z\u0259l biznes\u0259 d\u0259st\u0259yinin n\u00f6vb\u0259ti m\u0259rh\u0259l\u0259sidir. \u018fg\u0259r s\u0259rt karantin rejimind\u0259 h\u00f6kum\u0259tin sektor t\u0259msil\u00e7il\u0259rin\u0259 ay\u0131rd\u0131\u011f\u0131 maddi d\u0259st\u0259k onlara \u00e7\u0259tin d\u00f6vrd\u0259, f\u0259aliyy\u0259tsizlik \u015f\u0259raitind\u0259 edil\u0259n yard\u0131m idis\u0259, g\u00fcz\u0259\u015ftl\u0259r sahibkarl\u0131q subyektl\u0259ri \u00fc\u00e7\u00fcn pandemiyadan sonrak\u0131 m\u0259rh\u0259l\u0259d\u0259 hava-su kimi\u00a0 laz\u0131md\u0131r: \u201cBu g\u00fcz\u0259\u015ftl\u0259r imkan&hellip;<\/p>\n","protected":false},"author":2,"featured_media":170487,"comment_status":"closed","ping_status":"closed","sticky":false,"template":"","format":"standard","meta":{"om_disable_all_campaigns":false,"_monsterinsights_skip_tracking":false,"_monsterinsights_sitenote_active":false,"_monsterinsights_sitenote_note":"","_monsterinsights_sitenote_category":0},"categories":[19],"tags":[],"aioseo_notices":[],"gutentor_comment":0,"rttpg_featured_image_url":{"full":["https:\/\/arantv.az\/wp-content\/uploads\/2020\/05\/allahverdiyev.jpg",620,389,false],"landscape":["https:\/\/arantv.az\/wp-content\/uploads\/2020\/05\/allahverdiyev.jpg",620,389,false],"portraits":["https:\/\/arantv.az\/wp-content\/uploads\/2020\/05\/allahverdiyev.jpg",620,389,false],"thumbnail":["https:\/\/arantv.az\/wp-content\/uploads\/2020\/05\/allahverdiyev-150x150.jpg",150,150,true],"medium":["https:\/\/arantv.az\/wp-content\/uploads\/2020\/05\/allahverdiyev-300x188.jpg",300,188,true],"large":["https:\/\/arantv.az\/wp-content\/uploads\/2020\/05\/allahverdiyev.jpg",620,389,false],"1536x1536":["https:\/\/arantv.az\/wp-content\/uploads\/2020\/05\/allahverdiyev.jpg",620,389,false],"2048x2048":["https:\/\/arantv.az\/wp-content\/uploads\/2020\/05\/allahverdiyev.jpg",620,389,false],"post-thumbnail":["https:\/\/arantv.az\/wp-content\/uploads\/2020\/05\/allahverdiyev-240x172.jpg",240,172,true],"advps-thumb-one":["https:\/\/arantv.az\/wp-content\/uploads\/2020\/05\/allahverdiyev.jpg",620,389,false]},"rttpg_author":{"display_name":"V\u00fcsal Rafiqo\u011flu","author_link":"https:\/\/arantv.az\/?author=2"},"rttpg_comment":0,"rttpg_category":"<a href=\"https:\/\/arantv.az\/?cat=19\" rel=\"category\">G\u00fcnd\u0259m<\/a>","rttpg_excerpt":"\u201cQlobal pandemiyan\u0131n Az\u0259rbaycan iqtisadiyyat\u0131na t\u0259sirsiz \u00f6t\u00fc\u015fm\u0259m\u0259si s\u0259b\u0259bil\u0259 h\u00f6kum\u0259tin h\u0259yata ke\u00e7irdiyi t\u0259dbirl\u0259rin bir qismi d\u0259 \u00f6z\u0259l sektor t\u0259msil\u00e7il\u0259rin\u0259 m\u00fcnasib\u0259td\u0259 t\u0259tbiq edil\u0259c\u0259k g\u00fcz\u0259\u015ftl\u0259rdir. Bu g\u00fcz\u0259\u015ftl\u0259r sahibkarl\u0131q subyektl\u0259rin\u0259 postpandemiya d\u00f6vr\u00fcnd\u0259ki f\u0259aliyy\u0259tl\u0259rind\u0259 ciddi d\u0259st\u0259k ola bil\u0259r\u201d. Bunu \u201cQafqazinfo\u201dya a\u00e7\u0131qlamas\u0131nda Milli M\u0259clisin deputat\u0131, \u0130qtisadi siyas\u0259t, s\u0259naye v\u0259 sahibkarl\u0131q komit\u0259sinin \u00fczv\u00fc Elnur Allahverdiyev deyib. Mill\u0259t v\u0259kili bildirib ki, g\u00fcz\u0259\u015ftl\u0259r d\u00f6vl\u0259tin \u00f6z\u0259l&hellip;","_links":{"self":[{"href":"https:\/\/arantv.az\/index.php?rest_route=\/wp\/v2\/posts\/170483"}],"collection":[{"href":"https:\/\/arantv.az\/index.php?rest_route=\/wp\/v2\/posts"}],"about":[{"href":"https:\/\/arantv.az\/index.php?rest_route=\/wp\/v2\/types\/post"}],"author":[{"embeddable":true,"href":"https:\/\/arantv.az\/index.php?rest_route=\/wp\/v2\/users\/2"}],"replies":[{"embeddable":true,"href":"https:\/\/arantv.az\/index.php?rest_route=%2Fwp%2Fv2%2Fcomments&post=170483"}],"version-history":[{"count":0,"href":"https:\/\/arantv.az\/index.php?rest_route=\/wp\/v2\/posts\/170483\/revisions"}],"wp:featuredmedia":[{"embeddable":true,"href":"https:\/\/arantv.az\/index.php?rest_route=\/wp\/v2\/media\/170487"}],"wp:attachment":[{"href":"https:\/\/arantv.az\/index.php?rest_route=%2Fwp%2Fv2%2Fmedia&parent=170483"}],"wp:term":[{"taxonomy":"category","embeddable":true,"href":"https:\/\/arantv.az\/index.php?rest_route=%2Fwp%2Fv2%2Fcategories&post=170483"},{"taxonomy":"post_tag","embeddable":true,"href":"https:\/\/arantv.az\/index.php?rest_route=%2Fwp%2Fv2%2Ftags&post=170483"}],"curies":[{"name":"wp","href":"https:\/\/api.w.org\/{rel}","templated":true}]}}