{"id":170495,"date":"2020-05-22T22:39:46","date_gmt":"2020-05-22T19:39:46","guid":{"rendered":"http:\/\/arantv.az\/?p=170495"},"modified":"2020-05-22T22:39:46","modified_gmt":"2020-05-22T19:39:46","slug":"almaniyada-dagliq-qarabagda-yaradilmis-qondarma-rejimin-numay%c9%99nd%c9%99liyinin-f%c9%99aliyy%c9%99ti-qadagan-edilib","status":"publish","type":"post","link":"https:\/\/arantv.az\/?p=170495","title":{"rendered":"Almaniyada Da\u011fl\u0131q Qaraba\u011fda yarad\u0131lm\u0131\u015f qondarma rejimin n\u00fcmay\u0259nd\u0259liyinin f\u0259aliyy\u0259ti qada\u011fan edilib"},"content":{"rendered":"<p>Almaniya Xarici \u0130\u015fl\u0259r Nazirliyi (X\u0130N) Az\u0259rbaycan \u0259razil\u0259rinin i\u015f\u011fal\u0131n\u0131 qanuni saym\u0131r v\u0259 i\u015f\u011fal olunmu\u015f \u0259razil\u0259rd\u0259 yarad\u0131lan qondarma rejimin m\u00f6vcudlu\u011funu tan\u0131m\u0131r.<\/p>\n<p><a href=\"http:\/\/az.trend.az\/\" target=\"_blank\" rel=\"noopener\">Trend<\/a>-in Almaniya K\u0130V-l\u0259rin\u0259 istinad\u0259n verdiyi m\u0259lumata g\u00f6r\u0259, bel\u0259likl\u0259, Almaniya X\u0130N Arutyun Qriqoryan\u0131n ba\u015f\u00e7\u0131l\u0131q etdiyi qondarma rejimin Almaniyadak\u0131 n\u00fcmay\u0259nd\u0259liyinin f\u0259aliyy\u0259tini qanunsuz hesab edib.<\/p>\n<p>X\u0130N-in m\u0259lumat\u0131nda bildirilir: &#8220;Almaniya Federativ Respublikas\u0131 qondarma rejimi tan\u0131m\u0131r. M\u00fcvafiq olaraq, qondarma rejimin n\u0259 akkredit\u0259 olunmu\u015f diplomatik v\u0259 ya konsulluq n\u00fcmay\u0259nd\u0259si, n\u0259 d\u0259 tan\u0131nm\u0131\u015f n\u00fcmay\u0259nd\u0259liyi m\u00f6vcud deyil&#8221;.<\/p>\n<p>X\u0130N-d\u0259n bildirilib: &#8220;Bununla \u0259laq\u0259dar, Almaniya Xarici \u0130\u015fl\u0259r Nazirliyi yaz\u0131l\u0131 \u015f\u0259kild\u0259 Qriqoryandan Az\u0259rbaycan\u0131n i\u015f\u011fal alt\u0131nda olan \u0259razil\u0259rind\u0259 yarad\u0131lm\u0131\u015f qondarma rejimin diplomatik v\u0259 ya konsulluq n\u00fcmay\u0259nd\u0259liyini yaratma\u011f\u0131 d\u0259rhal dayand\u0131rma\u011f\u0131 t\u0259l\u0259b edib. T\u0259l\u0259bin yerin\u0259 yetirilm\u0259diyi t\u0259qdird\u0259 h\u00fcquqi t\u0259dbirl\u0259rin g\u00f6r\u00fcl\u0259c\u0259yi diqq\u0259t\u0259 \u00e7atd\u0131r\u0131l\u0131b&#8221;.<\/p>\n<p>Bu b\u0259yanat yay\u0131ld\u0131qdan sonra qondarma rejimi n\u00fcmay\u0259nd\u0259liyinin &#8220;Facebook&#8221; v\u0259 &#8220;Twitter&#8221; sosial \u015f\u0259b\u0259k\u0259l\u0259rind\u0259ki hesablar\u0131 ba\u011flan\u0131b.<\/p>\n<p>Bundan \u0259lav\u0259, qondarma rejimin Almaniya domeni olan sayt\u0131 deaktiv edilib. Separat\u00e7\u0131lar bu sayt\u0131n k\u00f6m\u0259yi il\u0259 Almaniyadan Az\u0259rbaycan\u0131n i\u015f\u011fal edilmi\u015f \u0259razil\u0259rin\u0259 turizm t\u0259\u015fkil etm\u0259y\u0259 \u00e7al\u0131\u015f\u0131rd\u0131lar. Arutyun Qriqoryan \u00f6z\u00fc d\u0259 &#8220;Facebook&#8221; s\u0259hif\u0259sini silib.<\/p>\n","protected":false},"excerpt":{"rendered":"<p>Almaniya Xarici \u0130\u015fl\u0259r Nazirliyi (X\u0130N) Az\u0259rbaycan \u0259razil\u0259rinin i\u015f\u011fal\u0131n\u0131 qanuni saym\u0131r v\u0259 i\u015f\u011fal olunmu\u015f \u0259razil\u0259rd\u0259 yarad\u0131lan qondarma rejimin m\u00f6vcudlu\u011funu tan\u0131m\u0131r. Trend-in Almaniya K\u0130V-l\u0259rin\u0259 istinad\u0259n verdiyi m\u0259lumata g\u00f6r\u0259, bel\u0259likl\u0259, Almaniya X\u0130N Arutyun Qriqoryan\u0131n ba\u015f\u00e7\u0131l\u0131q etdiyi qondarma rejimin Almaniyadak\u0131 n\u00fcmay\u0259nd\u0259liyinin f\u0259aliyy\u0259tini qanunsuz hesab edib. X\u0130N-in m\u0259lumat\u0131nda bildirilir: &#8220;Almaniya Federativ Respublikas\u0131 qondarma rejimi tan\u0131m\u0131r. M\u00fcvafiq olaraq, qondarma rejimin n\u0259 akkredit\u0259 olunmu\u015f diplomatik v\u0259 ya konsulluq n\u00fcmay\u0259nd\u0259si, n\u0259 d\u0259 tan\u0131nm\u0131\u015f n\u00fcmay\u0259nd\u0259liyi m\u00f6vcud deyil&#8221;. X\u0130N-d\u0259n bildirilib: &#8220;Bununla \u0259laq\u0259dar, Almaniya Xarici \u0130\u015fl\u0259r Nazirliyi yaz\u0131l\u0131 \u015f\u0259kild\u0259 Qriqoryandan Az\u0259rbaycan\u0131n i\u015f\u011fal alt\u0131nda olan \u0259razil\u0259rind\u0259 yarad\u0131lm\u0131\u015f qondarma rejimin diplomatik v\u0259 ya&hellip;<\/p>\n","protected":false},"author":2,"featured_media":170496,"comment_status":"closed","ping_status":"closed","sticky":false,"template":"","format":"standard","meta":{"om_disable_all_campaigns":false,"_monsterinsights_skip_tracking":false,"_monsterinsights_sitenote_active":false,"_monsterinsights_sitenote_note":"","_monsterinsights_sitenote_category":0},"categories":[7],"tags":[],"aioseo_notices":[],"gutentor_comment":0,"rttpg_featured_image_url":{"full":["https:\/\/arantv.az\/wp-content\/uploads\/2020\/05\/852563.jpg",1280,853,false],"landscape":["https:\/\/arantv.az\/wp-content\/uploads\/2020\/05\/852563.jpg",1280,853,false],"portraits":["https:\/\/arantv.az\/wp-content\/uploads\/2020\/05\/852563.jpg",1280,853,false],"thumbnail":["https:\/\/arantv.az\/wp-content\/uploads\/2020\/05\/852563-150x150.jpg",150,150,true],"medium":["https:\/\/arantv.az\/wp-content\/uploads\/2020\/05\/852563-300x200.jpg",300,200,true],"large":["https:\/\/arantv.az\/wp-content\/uploads\/2020\/05\/852563-1024x682.jpg",640,426,true],"1536x1536":["https:\/\/arantv.az\/wp-content\/uploads\/2020\/05\/852563.jpg",1280,853,false],"2048x2048":["https:\/\/arantv.az\/wp-content\/uploads\/2020\/05\/852563.jpg",1280,853,false],"post-thumbnail":["https:\/\/arantv.az\/wp-content\/uploads\/2020\/05\/852563-240x172.jpg",240,172,true],"advps-thumb-one":["https:\/\/arantv.az\/wp-content\/uploads\/2020\/05\/852563-1200x620.jpg",1200,620,true]},"rttpg_author":{"display_name":"V\u00fcsal Rafiqo\u011flu","author_link":"https:\/\/arantv.az\/?author=2"},"rttpg_comment":0,"rttpg_category":"<a href=\"https:\/\/arantv.az\/?cat=7\" rel=\"category\">D\u00fcnya<\/a>","rttpg_excerpt":"Almaniya Xarici \u0130\u015fl\u0259r Nazirliyi (X\u0130N) Az\u0259rbaycan \u0259razil\u0259rinin i\u015f\u011fal\u0131n\u0131 qanuni saym\u0131r v\u0259 i\u015f\u011fal olunmu\u015f \u0259razil\u0259rd\u0259 yarad\u0131lan qondarma rejimin m\u00f6vcudlu\u011funu tan\u0131m\u0131r. Trend-in Almaniya K\u0130V-l\u0259rin\u0259 istinad\u0259n verdiyi m\u0259lumata g\u00f6r\u0259, bel\u0259likl\u0259, Almaniya X\u0130N Arutyun Qriqoryan\u0131n ba\u015f\u00e7\u0131l\u0131q etdiyi qondarma rejimin Almaniyadak\u0131 n\u00fcmay\u0259nd\u0259liyinin f\u0259aliyy\u0259tini qanunsuz hesab edib. X\u0130N-in m\u0259lumat\u0131nda bildirilir: &#8220;Almaniya Federativ Respublikas\u0131 qondarma rejimi tan\u0131m\u0131r. M\u00fcvafiq olaraq, qondarma rejimin n\u0259&hellip;","_links":{"self":[{"href":"https:\/\/arantv.az\/index.php?rest_route=\/wp\/v2\/posts\/170495"}],"collection":[{"href":"https:\/\/arantv.az\/index.php?rest_route=\/wp\/v2\/posts"}],"about":[{"href":"https:\/\/arantv.az\/index.php?rest_route=\/wp\/v2\/types\/post"}],"author":[{"embeddable":true,"href":"https:\/\/arantv.az\/index.php?rest_route=\/wp\/v2\/users\/2"}],"replies":[{"embeddable":true,"href":"https:\/\/arantv.az\/index.php?rest_route=%2Fwp%2Fv2%2Fcomments&post=170495"}],"version-history":[{"count":0,"href":"https:\/\/arantv.az\/index.php?rest_route=\/wp\/v2\/posts\/170495\/revisions"}],"wp:featuredmedia":[{"embeddable":true,"href":"https:\/\/arantv.az\/index.php?rest_route=\/wp\/v2\/media\/170496"}],"wp:attachment":[{"href":"https:\/\/arantv.az\/index.php?rest_route=%2Fwp%2Fv2%2Fmedia&parent=170495"}],"wp:term":[{"taxonomy":"category","embeddable":true,"href":"https:\/\/arantv.az\/index.php?rest_route=%2Fwp%2Fv2%2Fcategories&post=170495"},{"taxonomy":"post_tag","embeddable":true,"href":"https:\/\/arantv.az\/index.php?rest_route=%2Fwp%2Fv2%2Ftags&post=170495"}],"curies":[{"name":"wp","href":"https:\/\/api.w.org\/{rel}","templated":true}]}}