{"id":170503,"date":"2020-05-23T09:23:08","date_gmt":"2020-05-23T06:23:08","guid":{"rendered":"http:\/\/arantv.az\/?p=170503"},"modified":"2020-05-23T09:23:08","modified_gmt":"2020-05-23T06:23:08","slug":"yay-f%c9%99slinin-g%c9%99lm%c9%99-vaxti-aciqlandi","status":"publish","type":"post","link":"https:\/\/arantv.az\/?p=170503","title":{"rendered":"Yay f\u0259slinin g\u0259lm\u0259 vaxt\u0131 a\u00e7\u0131qland\u0131"},"content":{"rendered":"<p>Az\u0259rbaycana yay f\u0259slinin g\u0259lm\u0259sinin vaxt\u0131 m\u0259lum olub.<\/p>\n<p><b>ARANTV.AZ<\/b>-\u0131n m\u0259lumat\u0131na g\u00f6r\u0259, yay f\u0259sli iyunun 21-d\u0259 saat 01:43:42-d\u0259 ba\u015flay\u0131r.<\/p>\n<p>Buna astronomiyada h\u0259m d\u0259 yay G\u00fcn\u0259\u015f duru\u015fu deyilir. Ba\u015fqa s\u00f6zl\u0259, Yer\u0259 \u0259n yax\u0131n ulduz \u00fcf\u00fcq\u0259\u00a0nisb\u0259td\u0259 \u0259n h\u00fcnd\u00fcr n\u00f6qt\u0259d\u0259 olur. Eyni zamanda, G\u00fcn\u0259\u015f \u015f\u00fcalar\u0131n\u0131n istiqam\u0259ti il\u0259 Yer k\u00fcr\u0259sinin f\u0131rlanma oxu \u0259n ki\u00e7ik bucaq \u0259m\u0259l\u0259 g\u0259tirir.<\/p>\n<p>Bel\u0259 olan halda G\u00fcn\u0259\u015f \u015f\u00fcalar\u0131 yer s\u0259thin\u0259, x\u00fcsusil\u0259 d\u0259 \u015fimal yar\u0131mk\u00fcr\u0259sin\u0259 yax\u015f\u0131 d\u00fc\u015f\u0259 bilir.Oxu.Az<\/p>\n","protected":false},"excerpt":{"rendered":"<p>Az\u0259rbaycana yay f\u0259slinin g\u0259lm\u0259sinin vaxt\u0131 m\u0259lum olub. ARANTV.AZ-\u0131n m\u0259lumat\u0131na g\u00f6r\u0259, yay f\u0259sli iyunun 21-d\u0259 saat 01:43:42-d\u0259 ba\u015flay\u0131r. Buna astronomiyada h\u0259m d\u0259 yay G\u00fcn\u0259\u015f duru\u015fu deyilir. Ba\u015fqa s\u00f6zl\u0259, Yer\u0259 \u0259n yax\u0131n ulduz \u00fcf\u00fcq\u0259\u00a0nisb\u0259td\u0259 \u0259n h\u00fcnd\u00fcr n\u00f6qt\u0259d\u0259 olur. Eyni zamanda, G\u00fcn\u0259\u015f \u015f\u00fcalar\u0131n\u0131n istiqam\u0259ti il\u0259 Yer k\u00fcr\u0259sinin f\u0131rlanma oxu \u0259n ki\u00e7ik bucaq \u0259m\u0259l\u0259 g\u0259tirir. Bel\u0259 olan halda G\u00fcn\u0259\u015f \u015f\u00fcalar\u0131 yer s\u0259thin\u0259, x\u00fcsusil\u0259 d\u0259 \u015fimal yar\u0131mk\u00fcr\u0259sin\u0259 yax\u015f\u0131 d\u00fc\u015f\u0259 bilir.Oxu.Az<\/p>\n","protected":false},"author":2,"featured_media":170504,"comment_status":"closed","ping_status":"closed","sticky":false,"template":"","format":"standard","meta":{"om_disable_all_campaigns":false,"_monsterinsights_skip_tracking":false,"_monsterinsights_sitenote_active":false,"_monsterinsights_sitenote_note":"","_monsterinsights_sitenote_category":0},"categories":[24],"tags":[],"aioseo_notices":[],"gutentor_comment":0,"rttpg_featured_image_url":{"full":["https:\/\/arantv.az\/wp-content\/uploads\/2020\/05\/yayy.jpg",620,348,false],"landscape":["https:\/\/arantv.az\/wp-content\/uploads\/2020\/05\/yayy.jpg",620,348,false],"portraits":["https:\/\/arantv.az\/wp-content\/uploads\/2020\/05\/yayy.jpg",620,348,false],"thumbnail":["https:\/\/arantv.az\/wp-content\/uploads\/2020\/05\/yayy-150x150.jpg",150,150,true],"medium":["https:\/\/arantv.az\/wp-content\/uploads\/2020\/05\/yayy-300x168.jpg",300,168,true],"large":["https:\/\/arantv.az\/wp-content\/uploads\/2020\/05\/yayy.jpg",620,348,false],"1536x1536":["https:\/\/arantv.az\/wp-content\/uploads\/2020\/05\/yayy.jpg",620,348,false],"2048x2048":["https:\/\/arantv.az\/wp-content\/uploads\/2020\/05\/yayy.jpg",620,348,false],"post-thumbnail":["https:\/\/arantv.az\/wp-content\/uploads\/2020\/05\/yayy-240x172.jpg",240,172,true],"advps-thumb-one":["https:\/\/arantv.az\/wp-content\/uploads\/2020\/05\/yayy.jpg",620,348,false]},"rttpg_author":{"display_name":"V\u00fcsal Rafiqo\u011flu","author_link":"https:\/\/arantv.az\/?author=2"},"rttpg_comment":0,"rttpg_category":"<a href=\"https:\/\/arantv.az\/?cat=24\" rel=\"category\">Maraql\u0131<\/a>","rttpg_excerpt":"Az\u0259rbaycana yay f\u0259slinin g\u0259lm\u0259sinin vaxt\u0131 m\u0259lum olub. ARANTV.AZ-\u0131n m\u0259lumat\u0131na g\u00f6r\u0259, yay f\u0259sli iyunun 21-d\u0259 saat 01:43:42-d\u0259 ba\u015flay\u0131r. Buna astronomiyada h\u0259m d\u0259 yay G\u00fcn\u0259\u015f duru\u015fu deyilir. Ba\u015fqa s\u00f6zl\u0259, Yer\u0259 \u0259n yax\u0131n ulduz \u00fcf\u00fcq\u0259\u00a0nisb\u0259td\u0259 \u0259n h\u00fcnd\u00fcr n\u00f6qt\u0259d\u0259 olur. Eyni zamanda, G\u00fcn\u0259\u015f \u015f\u00fcalar\u0131n\u0131n istiqam\u0259ti il\u0259 Yer k\u00fcr\u0259sinin f\u0131rlanma oxu \u0259n ki\u00e7ik bucaq \u0259m\u0259l\u0259 g\u0259tirir. Bel\u0259 olan halda G\u00fcn\u0259\u015f&hellip;","_links":{"self":[{"href":"https:\/\/arantv.az\/index.php?rest_route=\/wp\/v2\/posts\/170503"}],"collection":[{"href":"https:\/\/arantv.az\/index.php?rest_route=\/wp\/v2\/posts"}],"about":[{"href":"https:\/\/arantv.az\/index.php?rest_route=\/wp\/v2\/types\/post"}],"author":[{"embeddable":true,"href":"https:\/\/arantv.az\/index.php?rest_route=\/wp\/v2\/users\/2"}],"replies":[{"embeddable":true,"href":"https:\/\/arantv.az\/index.php?rest_route=%2Fwp%2Fv2%2Fcomments&post=170503"}],"version-history":[{"count":0,"href":"https:\/\/arantv.az\/index.php?rest_route=\/wp\/v2\/posts\/170503\/revisions"}],"wp:featuredmedia":[{"embeddable":true,"href":"https:\/\/arantv.az\/index.php?rest_route=\/wp\/v2\/media\/170504"}],"wp:attachment":[{"href":"https:\/\/arantv.az\/index.php?rest_route=%2Fwp%2Fv2%2Fmedia&parent=170503"}],"wp:term":[{"taxonomy":"category","embeddable":true,"href":"https:\/\/arantv.az\/index.php?rest_route=%2Fwp%2Fv2%2Fcategories&post=170503"},{"taxonomy":"post_tag","embeddable":true,"href":"https:\/\/arantv.az\/index.php?rest_route=%2Fwp%2Fv2%2Ftags&post=170503"}],"curies":[{"name":"wp","href":"https:\/\/api.w.org\/{rel}","templated":true}]}}