{"id":170507,"date":"2020-05-23T09:23:41","date_gmt":"2020-05-23T06:23:41","guid":{"rendered":"http:\/\/arantv.az\/?p=170507"},"modified":"2020-05-23T09:23:41","modified_gmt":"2020-05-23T06:23:41","slug":"ming%c9%99cevird%c9%99-civ%c9%99-satisi-il%c9%99-m%c9%99sgul-olan-s%c9%99xs-tutulub-foto","status":"publish","type":"post","link":"https:\/\/arantv.az\/?p=170507","title":{"rendered":"Ming\u0259\u00e7evird\u0259 civ\u0259 sat\u0131\u015f\u0131 il\u0259 m\u0259\u015f\u011ful olan \u015f\u0259xs tutulub &#8211; FOTO"},"content":{"rendered":"<p>Ming\u0259\u00e7evir \u015e\u0259h\u0259r Polis \u015e\u00f6b\u0259si (\u015eP\u015e) \u0259m\u0259kda\u015flar\u0131n\u0131n ke\u00e7irdiyi \u0259m\u0259liyyat t\u0259dbiri n\u0259tic\u0259sind\u0259 \u015f\u0259h\u0259r \u0259razisind\u0259 civ\u0259 sat\u0131\u015f\u0131 il\u0259 m\u0259\u015f\u011ful olan \u015f\u0259xs saxlan\u0131l\u0131b.<\/p>\n<p>Daxili \u0130\u015fl\u0259r Nazirliyinin M\u0259tbuat Xidm\u0259tinin \u015e\u0259ki regional qrupundan veril\u0259n m\u0259lumata g\u00f6r\u0259, polis \u0259m\u0259kda\u015flar\u0131 t\u0259r\u0259find\u0259n ke\u00e7irilmi\u015f \u0259m\u0259liyyat-axtar\u0131\u015f t\u0259dbirl\u0259ri n\u0259tic\u0259sind\u0259\u00a0Yevlax rayonunun sakini, 60 ya\u015fl\u0131 Nizami Sad\u0131qov \u015f\u00fcbh\u0259li \u015f\u0259xs qismind\u0259 saxlan\u0131laraq Polis \u015e\u00f6b\u0259sin\u0259 g\u0259tirilib.<\/p>\n<p>N.Sad\u0131qovun \u00fcz\u0259rind\u0259\u00a0axtar\u0131\u015f zaman\u0131 ondan iki\u00a0\u0259d\u0259d \u015f\u00fc\u015f\u0259 ampulada z\u0259h\u0259rli madd\u0259 hesab edil\u0259n civ\u0259 a\u015fkar edil\u0259r\u0259k g\u00f6t\u00fcr\u00fcl\u00fcb.\u00a0Saxlan\u0131lan \u015f\u0259xs \u0259m\u0259lini etiraf ed\u0259r\u0259k, civ\u0259ni satmaq m\u0259qs\u0259dil\u0259 \u00fcz\u0259rind\u0259 g\u0259zdirdiyini bildirib.<\/p>\n<div id=\"AdviadNativeVideo0\" class=\"AdviadNativeVideo\"><\/div>\n<p>Faktla ba\u011fl\u0131 Ming\u0259\u00e7evir \u015eP\u015e-d\u0259 ara\u015fd\u0131rma apar\u0131l\u0131r.<\/p>\n<p>Qeyd ed\u0259k ki, civ\u0259 g\u00fccl\u00fc t\u0259sir ed\u0259n v\u0259 z\u0259h\u0259rli madd\u0259l\u0259r kimi t\u0259snif edilir.\u00a0Cinay\u0259t M\u0259c\u0259ll\u0259sinin 240-c\u0131 madd\u0259sin\u0259 \u0259sas\u0259n, civ\u0259 v\u0259 bu q\u0259bild\u0259n olan dig\u0259r madd\u0259l\u0259rin sat\u0131\u015f m\u0259qs\u0259dil\u0259 qanunsuz d\u00f6vriyy\u0259si cinay\u0259t m\u0259suliyy\u0259tin\u0259 s\u0259b\u0259b olur.<\/p>\n<div class=\"gallery\">\n<div class=\"gallery-i\"><img src=\"https:\/\/cdn.oxu.az\/uploads\/W1siZiIsIjIwMjAvMDUvMjMvMDkvMjIvMzAvOGJjOGRiNjctZjQxNS00OTJjLTkwZmEtNTU1ZjJmYmVhYjY3L2MxLmpwZWciXSxbInAiLCJlbmNvZGUiLCJqcGciLCItcXVhbGl0eSA4MCJdLFsicCIsInRodW1iIiwiNTkweDU5MFx1MDAzZSJdXQ?sha=393aa5f5691e397e\" alt=\"\" \/><\/p>\n<div class=\"gallery-i-caption\"><\/div>\n<\/div>\n<div class=\"gallery-i\"><img src=\"https:\/\/cdn.oxu.az\/uploads\/W1siZiIsIjIwMjAvMDUvMjMvMDkvMjIvMzAvZTdiODA2YTUtZGE0Yi00ZGY4LWE2ZDctMmU3MjZlMWVlYmI3L2MyLmpwZWciXSxbInAiLCJlbmNvZGUiLCJqcGciLCItcXVhbGl0eSA4MCJdLFsicCIsInRodW1iIiwiNTkweDU5MFx1MDAzZSJdXQ?sha=4b027bc6dd0aacb0\" alt=\"\" \/><\/div>\n<\/div>\n","protected":false},"excerpt":{"rendered":"<p>Ming\u0259\u00e7evir \u015e\u0259h\u0259r Polis \u015e\u00f6b\u0259si (\u015eP\u015e) \u0259m\u0259kda\u015flar\u0131n\u0131n ke\u00e7irdiyi \u0259m\u0259liyyat t\u0259dbiri n\u0259tic\u0259sind\u0259 \u015f\u0259h\u0259r \u0259razisind\u0259 civ\u0259 sat\u0131\u015f\u0131 il\u0259 m\u0259\u015f\u011ful olan \u015f\u0259xs saxlan\u0131l\u0131b. Daxili \u0130\u015fl\u0259r Nazirliyinin M\u0259tbuat Xidm\u0259tinin \u015e\u0259ki regional qrupundan veril\u0259n m\u0259lumata g\u00f6r\u0259, polis \u0259m\u0259kda\u015flar\u0131 t\u0259r\u0259find\u0259n ke\u00e7irilmi\u015f \u0259m\u0259liyyat-axtar\u0131\u015f t\u0259dbirl\u0259ri n\u0259tic\u0259sind\u0259\u00a0Yevlax rayonunun sakini, 60 ya\u015fl\u0131 Nizami Sad\u0131qov \u015f\u00fcbh\u0259li \u015f\u0259xs qismind\u0259 saxlan\u0131laraq Polis \u015e\u00f6b\u0259sin\u0259 g\u0259tirilib. N.Sad\u0131qovun \u00fcz\u0259rind\u0259\u00a0axtar\u0131\u015f zaman\u0131 ondan iki\u00a0\u0259d\u0259d \u015f\u00fc\u015f\u0259 ampulada z\u0259h\u0259rli madd\u0259 hesab edil\u0259n civ\u0259 a\u015fkar edil\u0259r\u0259k g\u00f6t\u00fcr\u00fcl\u00fcb.\u00a0Saxlan\u0131lan \u015f\u0259xs \u0259m\u0259lini etiraf ed\u0259r\u0259k, civ\u0259ni satmaq m\u0259qs\u0259dil\u0259 \u00fcz\u0259rind\u0259 g\u0259zdirdiyini bildirib. Faktla ba\u011fl\u0131 Ming\u0259\u00e7evir \u015eP\u015e-d\u0259 ara\u015fd\u0131rma apar\u0131l\u0131r. Qeyd ed\u0259k ki, civ\u0259 g\u00fccl\u00fc t\u0259sir ed\u0259n v\u0259 z\u0259h\u0259rli&hellip;<\/p>\n","protected":false},"author":2,"featured_media":170508,"comment_status":"closed","ping_status":"closed","sticky":false,"template":"","format":"standard","meta":{"om_disable_all_campaigns":false,"_monsterinsights_skip_tracking":false,"_monsterinsights_sitenote_active":false,"_monsterinsights_sitenote_note":"","_monsterinsights_sitenote_category":0},"categories":[5],"tags":[],"aioseo_notices":[],"gutentor_comment":0,"rttpg_featured_image_url":{"full":["https:\/\/arantv.az\/wp-content\/uploads\/2020\/05\/c2.jpg",581,465,false],"landscape":["https:\/\/arantv.az\/wp-content\/uploads\/2020\/05\/c2.jpg",581,465,false],"portraits":["https:\/\/arantv.az\/wp-content\/uploads\/2020\/05\/c2.jpg",581,465,false],"thumbnail":["https:\/\/arantv.az\/wp-content\/uploads\/2020\/05\/c2-150x150.jpg",150,150,true],"medium":["https:\/\/arantv.az\/wp-content\/uploads\/2020\/05\/c2-300x240.jpg",300,240,true],"large":["https:\/\/arantv.az\/wp-content\/uploads\/2020\/05\/c2.jpg",581,465,false],"1536x1536":["https:\/\/arantv.az\/wp-content\/uploads\/2020\/05\/c2.jpg",581,465,false],"2048x2048":["https:\/\/arantv.az\/wp-content\/uploads\/2020\/05\/c2.jpg",581,465,false],"post-thumbnail":["https:\/\/arantv.az\/wp-content\/uploads\/2020\/05\/c2-240x172.jpg",240,172,true],"advps-thumb-one":["https:\/\/arantv.az\/wp-content\/uploads\/2020\/05\/c2.jpg",581,465,false]},"rttpg_author":{"display_name":"V\u00fcsal Rafiqo\u011flu","author_link":"https:\/\/arantv.az\/?author=2"},"rttpg_comment":0,"rttpg_category":"<a href=\"https:\/\/arantv.az\/?cat=5\" rel=\"category\">Hadis\u0259<\/a>","rttpg_excerpt":"Ming\u0259\u00e7evir \u015e\u0259h\u0259r Polis \u015e\u00f6b\u0259si (\u015eP\u015e) \u0259m\u0259kda\u015flar\u0131n\u0131n ke\u00e7irdiyi \u0259m\u0259liyyat t\u0259dbiri n\u0259tic\u0259sind\u0259 \u015f\u0259h\u0259r \u0259razisind\u0259 civ\u0259 sat\u0131\u015f\u0131 il\u0259 m\u0259\u015f\u011ful olan \u015f\u0259xs saxlan\u0131l\u0131b. Daxili \u0130\u015fl\u0259r Nazirliyinin M\u0259tbuat Xidm\u0259tinin \u015e\u0259ki regional qrupundan veril\u0259n m\u0259lumata g\u00f6r\u0259, polis \u0259m\u0259kda\u015flar\u0131 t\u0259r\u0259find\u0259n ke\u00e7irilmi\u015f \u0259m\u0259liyyat-axtar\u0131\u015f t\u0259dbirl\u0259ri n\u0259tic\u0259sind\u0259\u00a0Yevlax rayonunun sakini, 60 ya\u015fl\u0131 Nizami Sad\u0131qov \u015f\u00fcbh\u0259li \u015f\u0259xs qismind\u0259 saxlan\u0131laraq Polis \u015e\u00f6b\u0259sin\u0259 g\u0259tirilib. N.Sad\u0131qovun \u00fcz\u0259rind\u0259\u00a0axtar\u0131\u015f zaman\u0131 ondan iki\u00a0\u0259d\u0259d&hellip;","_links":{"self":[{"href":"https:\/\/arantv.az\/index.php?rest_route=\/wp\/v2\/posts\/170507"}],"collection":[{"href":"https:\/\/arantv.az\/index.php?rest_route=\/wp\/v2\/posts"}],"about":[{"href":"https:\/\/arantv.az\/index.php?rest_route=\/wp\/v2\/types\/post"}],"author":[{"embeddable":true,"href":"https:\/\/arantv.az\/index.php?rest_route=\/wp\/v2\/users\/2"}],"replies":[{"embeddable":true,"href":"https:\/\/arantv.az\/index.php?rest_route=%2Fwp%2Fv2%2Fcomments&post=170507"}],"version-history":[{"count":0,"href":"https:\/\/arantv.az\/index.php?rest_route=\/wp\/v2\/posts\/170507\/revisions"}],"wp:featuredmedia":[{"embeddable":true,"href":"https:\/\/arantv.az\/index.php?rest_route=\/wp\/v2\/media\/170508"}],"wp:attachment":[{"href":"https:\/\/arantv.az\/index.php?rest_route=%2Fwp%2Fv2%2Fmedia&parent=170507"}],"wp:term":[{"taxonomy":"category","embeddable":true,"href":"https:\/\/arantv.az\/index.php?rest_route=%2Fwp%2Fv2%2Fcategories&post=170507"},{"taxonomy":"post_tag","embeddable":true,"href":"https:\/\/arantv.az\/index.php?rest_route=%2Fwp%2Fv2%2Ftags&post=170507"}],"curies":[{"name":"wp","href":"https:\/\/api.w.org\/{rel}","templated":true}]}}