{"id":170511,"date":"2020-05-23T09:24:37","date_gmt":"2020-05-23T06:24:37","guid":{"rendered":"http:\/\/arantv.az\/?p=170511"},"modified":"2020-05-23T09:24:37","modified_gmt":"2020-05-23T06:24:37","slug":"almaniya-xin-dagliq-qarabagdaki-separatci-rejimi-tanimiriq","status":"publish","type":"post","link":"https:\/\/arantv.az\/?p=170511","title":{"rendered":"Almaniya X\u0130N: \u201cDa\u011fl\u0131q Qaraba\u011fdak\u0131 separat\u00e7\u0131 rejimi tan\u0131m\u0131r\u0131q\u201d"},"content":{"rendered":"<p>\u201cAlmaniya Federativ Respublikas\u0131 qondarma \u201cArsax Respublikas\u0131\u201dn\u0131 tan\u0131m\u0131r. M\u00fcvafiq olaraq, bu qondarma qurumun n\u0259 akkredit\u0259 olunmu\u015f diplomatik v\u0259 ya konsulluq n\u00fcmay\u0259nd\u0259l\u0259ri m\u00f6vcuddur, n\u0259 d\u0259 q\u0259bul edilmi\u015f n\u00fcmay\u0259nd\u0259liyi\u201d.<\/p>\n<p><strong>ARANTV.AZ<\/strong> x\u0259b\u0259r verir ki, Almaniyan\u0131n Xarici \u0130\u015fl\u0259r Nazirliyi bunu Az\u0259rbaycan t\u0259r\u0259finin r\u0259smi sor\u011fusuna cavab\u0131nda b\u0259yan edib.<\/p>\n<p>\u201cAFR Cinay\u0259t M\u0259c\u0259ll\u0259sinin 132-ci paraqraf\u0131na \u0259sas\u0259n, xarici titullardan, yaxud da v\u0259zif\u0259 v\u0259 xidm\u0259ti r\u00fctb\u0259l\u0259rd\u0259n, o c\u00fcml\u0259d\u0259n, bu c\u00fcr adlarla qar\u0131\u015fd\u0131r\u0131la bil\u0259n adlardan istifad\u0259 cinay\u0259t hesab edilir. Buraya, h\u0259m\u00e7inin, o adlar da aid edilir ki, istifad\u0259 ed\u0259n \u015f\u0259xs onlar\u0131n k\u00f6m\u0259yi il\u0259 m\u00f6vcud olmayan \u00f6lk\u0259nin v\u0259zif\u0259li \u015f\u0259xsi g\u00f6r\u00fcn\u00fc\u015f\u00fcn\u00fc yarad\u0131r\u201d.<\/p>\n<div id=\"AdviadNativeVideo0\" class=\"AdviadNativeVideo\"><\/div>\n<p>Bel\u0259likl\u0259, r\u0259smi Berlin qondarma \u201cArsax Respublikas\u0131\u201dn\u0131n AFR-d\u0259ki daimi n\u00fcmay\u0259nd\u0259liyi\u201dnin qanunsuz f\u0259aliyy\u0259ti bar\u0259d\u0259 a\u00e7\u0131q-a\u015fkar b\u0259yan edib.<\/p>\n<p>AFR-in bu b\u0259yanat\u0131n\u0131 s\u0259rb\u0259st interpretasiya etm\u0259k c\u0259hdl\u0259rin\u0259 yol verilm\u0259m\u0259si m\u0259qs\u0259dil\u0259 bu \u00f6lk\u0259nin Xarici \u0130\u015fl\u0259r Nazirliyi bu d\u0259f\u0259 art\u0131q \u015f\u0259xs\u0259n Arutyun Qriqoryana \u2013 Almaniyada az qala \u201cArsax\u0131n AFR-d\u0259ki s\u0259firi\u201d kimi t\u0259qdim olunan f\u0131r\u0131ldaq\u00e7\u0131ya aid a\u015fa\u011f\u0131dak\u0131 izah\u0131 \u0259lav\u0259 edib.<\/p>\n<p>\u00d6lk\u0259nin xarici siyas\u0259t idar\u0259sinin s\u0259n\u0259dind\u0259 bildirilir:<\/p>\n<p>\u201cBununla ba\u011fl\u0131 AFR X\u0130N c\u0259nab Qriqoryandan Da\u011fl\u0131q Qaraba\u011f\u0131n beyn\u0259lxalq-h\u00fcquqi subyektliyinin h\u0259r hans\u0131 g\u00f6r\u00fcn\u00fc\u015f\u00fcn\u00fcn v\u0259 onunla ba\u011fl\u0131 diplomatik v\u0259 konsulluq n\u00fcmay\u0259nd\u0259liyinin yarad\u0131lmas\u0131n\u0131 d\u0259rhal dayand\u0131rma\u011f\u0131 yaz\u0131l\u0131 \u015f\u0259kild\u0259 t\u0259l\u0259b edib. T\u0259l\u0259b yerin\u0259 yetirilm\u0259y\u0259c\u0259yi t\u0259qdird\u0259 h\u00fcquqi t\u0259dbirl\u0259r g\u00f6r\u00fcl\u0259c\u0259yi n\u0259z\u0259r\u0259 \u00e7atd\u0131r\u0131l\u0131b\u201d.AZ\u018fRTAC<\/p>\n","protected":false},"excerpt":{"rendered":"<p>\u201cAlmaniya Federativ Respublikas\u0131 qondarma \u201cArsax Respublikas\u0131\u201dn\u0131 tan\u0131m\u0131r. M\u00fcvafiq olaraq, bu qondarma qurumun n\u0259 akkredit\u0259 olunmu\u015f diplomatik v\u0259 ya konsulluq n\u00fcmay\u0259nd\u0259l\u0259ri m\u00f6vcuddur, n\u0259 d\u0259 q\u0259bul edilmi\u015f n\u00fcmay\u0259nd\u0259liyi\u201d. ARANTV.AZ x\u0259b\u0259r verir ki, Almaniyan\u0131n Xarici \u0130\u015fl\u0259r Nazirliyi bunu Az\u0259rbaycan t\u0259r\u0259finin r\u0259smi sor\u011fusuna cavab\u0131nda b\u0259yan edib. \u201cAFR Cinay\u0259t M\u0259c\u0259ll\u0259sinin 132-ci paraqraf\u0131na \u0259sas\u0259n, xarici titullardan, yaxud da v\u0259zif\u0259 v\u0259 xidm\u0259ti r\u00fctb\u0259l\u0259rd\u0259n, o c\u00fcml\u0259d\u0259n, bu c\u00fcr adlarla qar\u0131\u015fd\u0131r\u0131la bil\u0259n adlardan istifad\u0259 cinay\u0259t hesab edilir. Buraya, h\u0259m\u00e7inin, o adlar da aid edilir ki, istifad\u0259 ed\u0259n \u015f\u0259xs onlar\u0131n k\u00f6m\u0259yi il\u0259 m\u00f6vcud olmayan \u00f6lk\u0259nin v\u0259zif\u0259li \u015f\u0259xsi g\u00f6r\u00fcn\u00fc\u015f\u00fcn\u00fc yarad\u0131r\u201d. Bel\u0259likl\u0259,&hellip;<\/p>\n","protected":false},"author":2,"featured_media":170512,"comment_status":"closed","ping_status":"closed","sticky":false,"template":"","format":"standard","meta":{"om_disable_all_campaigns":false,"_monsterinsights_skip_tracking":false,"_monsterinsights_sitenote_active":false,"_monsterinsights_sitenote_note":"","_monsterinsights_sitenote_category":0},"categories":[4],"tags":[],"aioseo_notices":[],"gutentor_comment":0,"rttpg_featured_image_url":{"full":["https:\/\/arantv.az\/wp-content\/uploads\/2020\/05\/39741.width-1024.jpg",620,465,false],"landscape":["https:\/\/arantv.az\/wp-content\/uploads\/2020\/05\/39741.width-1024.jpg",620,465,false],"portraits":["https:\/\/arantv.az\/wp-content\/uploads\/2020\/05\/39741.width-1024.jpg",620,465,false],"thumbnail":["https:\/\/arantv.az\/wp-content\/uploads\/2020\/05\/39741.width-1024-150x150.jpg",150,150,true],"medium":["https:\/\/arantv.az\/wp-content\/uploads\/2020\/05\/39741.width-1024-300x225.jpg",300,225,true],"large":["https:\/\/arantv.az\/wp-content\/uploads\/2020\/05\/39741.width-1024.jpg",620,465,false],"1536x1536":["https:\/\/arantv.az\/wp-content\/uploads\/2020\/05\/39741.width-1024.jpg",620,465,false],"2048x2048":["https:\/\/arantv.az\/wp-content\/uploads\/2020\/05\/39741.width-1024.jpg",620,465,false],"post-thumbnail":["https:\/\/arantv.az\/wp-content\/uploads\/2020\/05\/39741.width-1024-240x172.jpg",240,172,true],"advps-thumb-one":["https:\/\/arantv.az\/wp-content\/uploads\/2020\/05\/39741.width-1024.jpg",620,465,false]},"rttpg_author":{"display_name":"V\u00fcsal Rafiqo\u011flu","author_link":"https:\/\/arantv.az\/?author=2"},"rttpg_comment":0,"rttpg_category":"<a href=\"https:\/\/arantv.az\/?cat=4\" rel=\"category\">Siyas\u0259t<\/a>","rttpg_excerpt":"\u201cAlmaniya Federativ Respublikas\u0131 qondarma \u201cArsax Respublikas\u0131\u201dn\u0131 tan\u0131m\u0131r. M\u00fcvafiq olaraq, bu qondarma qurumun n\u0259 akkredit\u0259 olunmu\u015f diplomatik v\u0259 ya konsulluq n\u00fcmay\u0259nd\u0259l\u0259ri m\u00f6vcuddur, n\u0259 d\u0259 q\u0259bul edilmi\u015f n\u00fcmay\u0259nd\u0259liyi\u201d. ARANTV.AZ x\u0259b\u0259r verir ki, Almaniyan\u0131n Xarici \u0130\u015fl\u0259r Nazirliyi bunu Az\u0259rbaycan t\u0259r\u0259finin r\u0259smi sor\u011fusuna cavab\u0131nda b\u0259yan edib. \u201cAFR Cinay\u0259t M\u0259c\u0259ll\u0259sinin 132-ci paraqraf\u0131na \u0259sas\u0259n, xarici titullardan, yaxud da v\u0259zif\u0259 v\u0259 xidm\u0259ti&hellip;","_links":{"self":[{"href":"https:\/\/arantv.az\/index.php?rest_route=\/wp\/v2\/posts\/170511"}],"collection":[{"href":"https:\/\/arantv.az\/index.php?rest_route=\/wp\/v2\/posts"}],"about":[{"href":"https:\/\/arantv.az\/index.php?rest_route=\/wp\/v2\/types\/post"}],"author":[{"embeddable":true,"href":"https:\/\/arantv.az\/index.php?rest_route=\/wp\/v2\/users\/2"}],"replies":[{"embeddable":true,"href":"https:\/\/arantv.az\/index.php?rest_route=%2Fwp%2Fv2%2Fcomments&post=170511"}],"version-history":[{"count":0,"href":"https:\/\/arantv.az\/index.php?rest_route=\/wp\/v2\/posts\/170511\/revisions"}],"wp:featuredmedia":[{"embeddable":true,"href":"https:\/\/arantv.az\/index.php?rest_route=\/wp\/v2\/media\/170512"}],"wp:attachment":[{"href":"https:\/\/arantv.az\/index.php?rest_route=%2Fwp%2Fv2%2Fmedia&parent=170511"}],"wp:term":[{"taxonomy":"category","embeddable":true,"href":"https:\/\/arantv.az\/index.php?rest_route=%2Fwp%2Fv2%2Fcategories&post=170511"},{"taxonomy":"post_tag","embeddable":true,"href":"https:\/\/arantv.az\/index.php?rest_route=%2Fwp%2Fv2%2Ftags&post=170511"}],"curies":[{"name":"wp","href":"https:\/\/api.w.org\/{rel}","templated":true}]}}