{"id":170527,"date":"2020-05-23T09:27:59","date_gmt":"2020-05-23T06:27:59","guid":{"rendered":"http:\/\/arantv.az\/?p=170527"},"modified":"2020-05-23T09:27:59","modified_gmt":"2020-05-23T06:27:59","slug":"abs-s%c9%99h%c9%99rind%c9%99-28-may-az%c9%99rbaycan-respublika-gunu-elan-olundu","status":"publish","type":"post","link":"https:\/\/arantv.az\/?p=170527","title":{"rendered":"AB\u015e \u015f\u0259h\u0259rind\u0259 28 May Az\u0259rbaycan Respublika G\u00fcn\u00fc elan olundu"},"content":{"rendered":"<p>Florida \u015ftat\u0131n\u0131n Mayami-Deyd \u015f\u0259h\u0259rinin meri Karlos Himenez 2020-ci ilin 28 May tarixinin Az\u0259rbaycan Respublika G\u00fcn\u00fc elan olunmas\u0131 il\u0259 ba\u011fl\u0131 B\u0259yannam\u0259 imzalay\u0131b.<\/p>\n<p>Az\u0259rbaycan\u0131n AB\u015e-dak\u0131 s\u0259firliyind\u0259n Trend-\u0259 veril\u0259n m\u0259lumata g\u00f6r\u0259, ilk olaraq Mayami-Deyd \u015f\u0259h\u0259rinin multim\u0259d\u0259niyy\u0259t m\u00fcxt\u0259lifliyin\u0259 f\u0259rdl\u0259r v\u0259 t\u0259\u015fkilatlar\u0131n t\u00f6hf\u0259sini tan\u0131ma\u011fa s\u0259y g\u00f6st\u0259rdiyi bildirilir.<\/p>\n<p>Bel\u0259 ki, AB\u015e-da ya\u015fayan az\u0259rbaycanl\u0131lar\u0131n Floridada\u00a0g\u00fccl\u00fc i\u015ftirak\u0131 vur\u011fulanaraq, regionda m\u00fcxt\u0259lifliy\u0259, m\u0259d\u0259niyy\u0259tl\u0259raras\u0131 anla\u015fmaya, s\u00fclh\u0259 v\u0259 firavanl\u0131\u011fa t\u00f6hf\u0259l\u0259rini qeyd edilib.<\/p>\n<div id=\"AdviadNativeVideo0\" class=\"AdviadNativeVideo\"><\/div>\n<p>K.Himenez d\u00fcnyada 46 milyondan \u00e7ox az\u0259rbaycanl\u0131n\u0131n son 100 ild\u0259 28 May tarixini \u0259cdadlar\u0131n t\u00f6hf\u0259l\u0259rini qeyd etm\u0259k \u00fc\u00e7\u00fcn Az\u0259rbaycan Respublikas\u0131 G\u00fcn\u00fc kimi qeyd etdiyini, o c\u00fcml\u0259d\u0259n, bu c\u0259miyy\u0259ti t\u0259bli\u011f etm\u0259k \u00fc\u00e7\u00fcn 2006-c\u0131 ilin 26 oktyabr tarixind\u0259 yarad\u0131lan Az\u0259rbaycan-Amerika M\u0259d\u0259niyy\u0259t Assosiyasiyas\u0131n\u0131n rolunu xat\u0131rlad\u0131b.<\/p>\n<p>Daha sonra m\u0259tnd\u0259 Az\u0259rbaycan Respublikas\u0131n\u0131n universal s\u0259sverm\u0259 h\u00fcququnu t\u0259min ed\u0259n ilk d\u00f6vl\u0259tl\u0259rd\u0259n biri olmas\u0131 v\u0259 AB\u015e da daxil olmaqla, dig\u0259r demokratik d\u00f6vl\u0259tl\u0259r t\u0259r\u0259find\u0259n tan\u0131nd\u0131\u011f\u0131 yaz\u0131l\u0131r.<\/p>\n<p>Bu hadis\u0259nin h\u0259m d\u0259 Mayami-Deyd dair\u0259si \u00fc\u00e7\u00fcn AB\u015e il\u0259 Az\u0259rbaycan Respublikas\u0131 aras\u0131nda m\u00fcnasib\u0259tl\u0259ri qeyd etm\u0259k \u00fc\u00e7\u00fcn \u015f\u0259r\u0259fli bir f\u00fcrs\u0259t oldu\u011fu bildirilib.<\/p>\n<p>Mer Himenez 28 may 2020-ci il tarixini\u00a0Az\u0259rbaycan Respublika G\u00fcn\u00fc elan ed\u0259r\u0259k, Mayami-Deyd \u015f\u0259h\u0259rinin sakinl\u0259rini bu bayrama qo\u015fulma\u011fa\u00a0v\u0259 Az\u0259rbaycan xalq\u0131n\u0131n s\u0259yl\u0259rini v\u0259 nailiyy\u0259tl\u0259rini birg\u0259 qeyd etm\u0259y\u0259 \u00e7a\u011f\u0131r\u0131b.<\/p>\n","protected":false},"excerpt":{"rendered":"<p>Florida \u015ftat\u0131n\u0131n Mayami-Deyd \u015f\u0259h\u0259rinin meri Karlos Himenez 2020-ci ilin 28 May tarixinin Az\u0259rbaycan Respublika G\u00fcn\u00fc elan olunmas\u0131 il\u0259 ba\u011fl\u0131 B\u0259yannam\u0259 imzalay\u0131b. Az\u0259rbaycan\u0131n AB\u015e-dak\u0131 s\u0259firliyind\u0259n Trend-\u0259 veril\u0259n m\u0259lumata g\u00f6r\u0259, ilk olaraq Mayami-Deyd \u015f\u0259h\u0259rinin multim\u0259d\u0259niyy\u0259t m\u00fcxt\u0259lifliyin\u0259 f\u0259rdl\u0259r v\u0259 t\u0259\u015fkilatlar\u0131n t\u00f6hf\u0259sini tan\u0131ma\u011fa s\u0259y g\u00f6st\u0259rdiyi bildirilir. Bel\u0259 ki, AB\u015e-da ya\u015fayan az\u0259rbaycanl\u0131lar\u0131n Floridada\u00a0g\u00fccl\u00fc i\u015ftirak\u0131 vur\u011fulanaraq, regionda m\u00fcxt\u0259lifliy\u0259, m\u0259d\u0259niyy\u0259tl\u0259raras\u0131 anla\u015fmaya, s\u00fclh\u0259 v\u0259 firavanl\u0131\u011fa t\u00f6hf\u0259l\u0259rini qeyd edilib. K.Himenez d\u00fcnyada 46 milyondan \u00e7ox az\u0259rbaycanl\u0131n\u0131n son 100 ild\u0259 28 May tarixini \u0259cdadlar\u0131n t\u00f6hf\u0259l\u0259rini qeyd etm\u0259k \u00fc\u00e7\u00fcn Az\u0259rbaycan Respublikas\u0131 G\u00fcn\u00fc kimi qeyd etdiyini, o c\u00fcml\u0259d\u0259n, bu c\u0259miyy\u0259ti t\u0259bli\u011f etm\u0259k \u00fc\u00e7\u00fcn&hellip;<\/p>\n","protected":false},"author":2,"featured_media":170528,"comment_status":"closed","ping_status":"closed","sticky":false,"template":"","format":"standard","meta":{"om_disable_all_campaigns":false,"_monsterinsights_skip_tracking":false,"_monsterinsights_sitenote_active":false,"_monsterinsights_sitenote_note":"","_monsterinsights_sitenote_category":0},"categories":[4],"tags":[],"aioseo_notices":[],"gutentor_comment":0,"rttpg_featured_image_url":{"full":["https:\/\/arantv.az\/wp-content\/uploads\/2020\/05\/ramil-1.jpg",620,414,false],"landscape":["https:\/\/arantv.az\/wp-content\/uploads\/2020\/05\/ramil-1.jpg",620,414,false],"portraits":["https:\/\/arantv.az\/wp-content\/uploads\/2020\/05\/ramil-1.jpg",620,414,false],"thumbnail":["https:\/\/arantv.az\/wp-content\/uploads\/2020\/05\/ramil-1-150x150.jpg",150,150,true],"medium":["https:\/\/arantv.az\/wp-content\/uploads\/2020\/05\/ramil-1-300x200.jpg",300,200,true],"large":["https:\/\/arantv.az\/wp-content\/uploads\/2020\/05\/ramil-1.jpg",620,414,false],"1536x1536":["https:\/\/arantv.az\/wp-content\/uploads\/2020\/05\/ramil-1.jpg",620,414,false],"2048x2048":["https:\/\/arantv.az\/wp-content\/uploads\/2020\/05\/ramil-1.jpg",620,414,false],"post-thumbnail":["https:\/\/arantv.az\/wp-content\/uploads\/2020\/05\/ramil-1-240x172.jpg",240,172,true],"advps-thumb-one":["https:\/\/arantv.az\/wp-content\/uploads\/2020\/05\/ramil-1.jpg",620,414,false]},"rttpg_author":{"display_name":"V\u00fcsal Rafiqo\u011flu","author_link":"https:\/\/arantv.az\/?author=2"},"rttpg_comment":0,"rttpg_category":"<a href=\"https:\/\/arantv.az\/?cat=4\" rel=\"category\">Siyas\u0259t<\/a>","rttpg_excerpt":"Florida \u015ftat\u0131n\u0131n Mayami-Deyd \u015f\u0259h\u0259rinin meri Karlos Himenez 2020-ci ilin 28 May tarixinin Az\u0259rbaycan Respublika G\u00fcn\u00fc elan olunmas\u0131 il\u0259 ba\u011fl\u0131 B\u0259yannam\u0259 imzalay\u0131b. Az\u0259rbaycan\u0131n AB\u015e-dak\u0131 s\u0259firliyind\u0259n Trend-\u0259 veril\u0259n m\u0259lumata g\u00f6r\u0259, ilk olaraq Mayami-Deyd \u015f\u0259h\u0259rinin multim\u0259d\u0259niyy\u0259t m\u00fcxt\u0259lifliyin\u0259 f\u0259rdl\u0259r v\u0259 t\u0259\u015fkilatlar\u0131n t\u00f6hf\u0259sini tan\u0131ma\u011fa s\u0259y g\u00f6st\u0259rdiyi bildirilir. Bel\u0259 ki, AB\u015e-da ya\u015fayan az\u0259rbaycanl\u0131lar\u0131n Floridada\u00a0g\u00fccl\u00fc i\u015ftirak\u0131 vur\u011fulanaraq, regionda m\u00fcxt\u0259lifliy\u0259, m\u0259d\u0259niyy\u0259tl\u0259raras\u0131 anla\u015fmaya, s\u00fclh\u0259&hellip;","_links":{"self":[{"href":"https:\/\/arantv.az\/index.php?rest_route=\/wp\/v2\/posts\/170527"}],"collection":[{"href":"https:\/\/arantv.az\/index.php?rest_route=\/wp\/v2\/posts"}],"about":[{"href":"https:\/\/arantv.az\/index.php?rest_route=\/wp\/v2\/types\/post"}],"author":[{"embeddable":true,"href":"https:\/\/arantv.az\/index.php?rest_route=\/wp\/v2\/users\/2"}],"replies":[{"embeddable":true,"href":"https:\/\/arantv.az\/index.php?rest_route=%2Fwp%2Fv2%2Fcomments&post=170527"}],"version-history":[{"count":0,"href":"https:\/\/arantv.az\/index.php?rest_route=\/wp\/v2\/posts\/170527\/revisions"}],"wp:featuredmedia":[{"embeddable":true,"href":"https:\/\/arantv.az\/index.php?rest_route=\/wp\/v2\/media\/170528"}],"wp:attachment":[{"href":"https:\/\/arantv.az\/index.php?rest_route=%2Fwp%2Fv2%2Fmedia&parent=170527"}],"wp:term":[{"taxonomy":"category","embeddable":true,"href":"https:\/\/arantv.az\/index.php?rest_route=%2Fwp%2Fv2%2Fcategories&post=170527"},{"taxonomy":"post_tag","embeddable":true,"href":"https:\/\/arantv.az\/index.php?rest_route=%2Fwp%2Fv2%2Ftags&post=170527"}],"curies":[{"name":"wp","href":"https:\/\/api.w.org\/{rel}","templated":true}]}}