{"id":17069,"date":"2018-10-04T16:15:31","date_gmt":"2018-10-04T13:15:31","guid":{"rendered":"http:\/\/arantv.az\/?p=17069"},"modified":"2018-10-04T16:15:31","modified_gmt":"2018-10-04T13:15:31","slug":"muxtar-babayev-bu-nazirliyin-daha-bir-kadrina-yuks%c9%99k-v%c9%99zif%c9%99-verdi-foto","status":"publish","type":"post","link":"https:\/\/arantv.az\/?p=17069","title":{"rendered":"Muxtar Babayev bu nazirliyin daha bir kadr\u0131na Y\u00dcKS\u018fK V\u018fZ\u0130F\u018f VERD\u0130 &#8211; FOTO"},"content":{"rendered":"<p>Ekologiya v\u0259 T\u0259bii S\u0259rv\u0259tl\u0259r nazirliyin\u0259 yeni \u015f\u00f6b\u0259 m\u00fcdiri t\u0259yin edilib.<\/p>\n<p><b>ARANTV.AZ<\/b>\u00a0unikal.org-a istinad\u0259n x\u0259b\u0259r verir ki, nazir Muxtar Babayevin \u0259mri il\u0259 Namik X\u0131d\u0131rov nazirliyin audit \u015f\u00f6b\u0259sinin m\u00fcdiri v\u0259zif\u0259sin\u0259 g\u0259tirilib.<\/p>\n<div id=\"AdributorNativeVideo0\" class=\"AdributorNativeVideo\"><\/div>\n<p>M\u0259lumat\u0131 Ekologiya v\u0259 T\u0259bii S\u0259rv\u0259tl\u0259r Nazirliyind\u0259n Unikal.org-a t\u0259sdiql\u0259yibl\u0259r.<\/p>\n<p>Qeyd ed\u0259k ki, Namik X\u0131d\u0131rov bundan \u0259vv\u0259l K\u0259nd T\u0259s\u0259rr\u00fcfat\u0131 Nazirliyinin Maliyy\u0259 \u015e\u00f6b\u0259sind\u0259 sektor m\u00fcdiri v\u0259zif\u0259sind\u0259 \u00e7al\u0131\u015f\u0131b.Bundan \u0259vv\u0259l is\u0259 s\u00f6z\u00fcged\u0259n v\u0259zif\u0259ni F\u0259rid \u0130slamov icra edirdi.<br \/>\n<img class=\"imgbcodecent\" src=\"http:\/\/upload.az\/foto\/arxiv\/qarabag-f_11538658104.jpg\" alt=\"Muxtar Babayev bu nazirliyin daha bir kadr\u0131na Y\u00dcKS\u018fK V\u018fZ\u0130F\u018f VERD\u0130 - FOTO\" \/><\/p>\n","protected":false},"excerpt":{"rendered":"<p>Ekologiya v\u0259 T\u0259bii S\u0259rv\u0259tl\u0259r nazirliyin\u0259 yeni \u015f\u00f6b\u0259 m\u00fcdiri t\u0259yin edilib. ARANTV.AZ\u00a0unikal.org-a istinad\u0259n x\u0259b\u0259r verir ki, nazir Muxtar Babayevin \u0259mri il\u0259 Namik X\u0131d\u0131rov nazirliyin audit \u015f\u00f6b\u0259sinin m\u00fcdiri v\u0259zif\u0259sin\u0259 g\u0259tirilib. M\u0259lumat\u0131 Ekologiya v\u0259 T\u0259bii S\u0259rv\u0259tl\u0259r Nazirliyind\u0259n Unikal.org-a t\u0259sdiql\u0259yibl\u0259r. Qeyd ed\u0259k ki, Namik X\u0131d\u0131rov bundan \u0259vv\u0259l K\u0259nd T\u0259s\u0259rr\u00fcfat\u0131 Nazirliyinin Maliyy\u0259 \u015e\u00f6b\u0259sind\u0259 sektor m\u00fcdiri v\u0259zif\u0259sind\u0259 \u00e7al\u0131\u015f\u0131b.Bundan \u0259vv\u0259l is\u0259 s\u00f6z\u00fcged\u0259n v\u0259zif\u0259ni F\u0259rid \u0130slamov icra edirdi.<\/p>\n","protected":false},"author":2,"featured_media":17070,"comment_status":"closed","ping_status":"closed","sticky":false,"template":"","format":"standard","meta":{"om_disable_all_campaigns":false,"_monsterinsights_skip_tracking":false,"_monsterinsights_sitenote_active":false,"_monsterinsights_sitenote_note":"","_monsterinsights_sitenote_category":0},"categories":[1],"tags":[],"aioseo_notices":[],"gutentor_comment":0,"rttpg_featured_image_url":{"full":["https:\/\/arantv.az\/wp-content\/uploads\/2018\/10\/qarabag-f_11538658078.jpg",620,384,false],"landscape":["https:\/\/arantv.az\/wp-content\/uploads\/2018\/10\/qarabag-f_11538658078.jpg",620,384,false],"portraits":["https:\/\/arantv.az\/wp-content\/uploads\/2018\/10\/qarabag-f_11538658078.jpg",620,384,false],"thumbnail":["https:\/\/arantv.az\/wp-content\/uploads\/2018\/10\/qarabag-f_11538658078-150x150.jpg",150,150,true],"medium":["https:\/\/arantv.az\/wp-content\/uploads\/2018\/10\/qarabag-f_11538658078-300x186.jpg",300,186,true],"large":["https:\/\/arantv.az\/wp-content\/uploads\/2018\/10\/qarabag-f_11538658078.jpg",620,384,false],"1536x1536":["https:\/\/arantv.az\/wp-content\/uploads\/2018\/10\/qarabag-f_11538658078.jpg",620,384,false],"2048x2048":["https:\/\/arantv.az\/wp-content\/uploads\/2018\/10\/qarabag-f_11538658078.jpg",620,384,false],"post-thumbnail":["https:\/\/arantv.az\/wp-content\/uploads\/2018\/10\/qarabag-f_11538658078-240x172.jpg",240,172,true],"advps-thumb-one":["https:\/\/arantv.az\/wp-content\/uploads\/2018\/10\/qarabag-f_11538658078.jpg",620,384,false]},"rttpg_author":{"display_name":"V\u00fcsal Rafiqo\u011flu","author_link":"https:\/\/arantv.az\/?author=2"},"rttpg_comment":0,"rttpg_category":"<a href=\"https:\/\/arantv.az\/?cat=1\" rel=\"category\">C\u0259miyy\u0259t<\/a>","rttpg_excerpt":"Ekologiya v\u0259 T\u0259bii S\u0259rv\u0259tl\u0259r nazirliyin\u0259 yeni \u015f\u00f6b\u0259 m\u00fcdiri t\u0259yin edilib. ARANTV.AZ\u00a0unikal.org-a istinad\u0259n x\u0259b\u0259r verir ki, nazir Muxtar Babayevin \u0259mri il\u0259 Namik X\u0131d\u0131rov nazirliyin audit \u015f\u00f6b\u0259sinin m\u00fcdiri v\u0259zif\u0259sin\u0259 g\u0259tirilib. M\u0259lumat\u0131 Ekologiya v\u0259 T\u0259bii S\u0259rv\u0259tl\u0259r Nazirliyind\u0259n Unikal.org-a t\u0259sdiql\u0259yibl\u0259r. Qeyd ed\u0259k ki, Namik X\u0131d\u0131rov bundan \u0259vv\u0259l K\u0259nd T\u0259s\u0259rr\u00fcfat\u0131 Nazirliyinin Maliyy\u0259 \u015e\u00f6b\u0259sind\u0259 sektor m\u00fcdiri v\u0259zif\u0259sind\u0259 \u00e7al\u0131\u015f\u0131b.Bundan \u0259vv\u0259l is\u0259 s\u00f6z\u00fcged\u0259n&hellip;","_links":{"self":[{"href":"https:\/\/arantv.az\/index.php?rest_route=\/wp\/v2\/posts\/17069"}],"collection":[{"href":"https:\/\/arantv.az\/index.php?rest_route=\/wp\/v2\/posts"}],"about":[{"href":"https:\/\/arantv.az\/index.php?rest_route=\/wp\/v2\/types\/post"}],"author":[{"embeddable":true,"href":"https:\/\/arantv.az\/index.php?rest_route=\/wp\/v2\/users\/2"}],"replies":[{"embeddable":true,"href":"https:\/\/arantv.az\/index.php?rest_route=%2Fwp%2Fv2%2Fcomments&post=17069"}],"version-history":[{"count":0,"href":"https:\/\/arantv.az\/index.php?rest_route=\/wp\/v2\/posts\/17069\/revisions"}],"wp:featuredmedia":[{"embeddable":true,"href":"https:\/\/arantv.az\/index.php?rest_route=\/wp\/v2\/media\/17070"}],"wp:attachment":[{"href":"https:\/\/arantv.az\/index.php?rest_route=%2Fwp%2Fv2%2Fmedia&parent=17069"}],"wp:term":[{"taxonomy":"category","embeddable":true,"href":"https:\/\/arantv.az\/index.php?rest_route=%2Fwp%2Fv2%2Fcategories&post=17069"},{"taxonomy":"post_tag","embeddable":true,"href":"https:\/\/arantv.az\/index.php?rest_route=%2Fwp%2Fv2%2Ftags&post=17069"}],"curies":[{"name":"wp","href":"https:\/\/api.w.org\/{rel}","templated":true}]}}