{"id":171819,"date":"2020-05-27T10:16:59","date_gmt":"2020-05-27T07:16:59","guid":{"rendered":"http:\/\/arantv.az\/?p=171819"},"modified":"2020-05-27T10:16:59","modified_gmt":"2020-05-27T07:16:59","slug":"b%c9%99zi-dini-m%c9%99tnl%c9%99rd%c9%99-rast-g%c9%99ldiyimiz-ali-m%c9%99rvan-ifad%c9%99sinin-m%c9%99nasi-n%c9%99dir-v%c9%99-bunlar-kimdir","status":"publish","type":"post","link":"https:\/\/arantv.az\/?p=171819","title":{"rendered":"B\u0259zi dini m\u0259tnl\u0259rd\u0259 rast g\u0259ldiyimiz \u201cali-M\u0259rvan\u201d ifad\u0259sinin m\u0259nas\u0131 n\u0259dir v\u0259 bunlar kimdir?"},"content":{"rendered":"<p><strong>B\u0259zi dini m\u0259tnl\u0259rd\u0259 rast g\u0259ldiyimiz \u201cali-M\u0259rvan\u201d ifad\u0259sinin m\u0259nas\u0131 n\u0259dir v\u0259 bunlar kimdir?<\/strong><\/p>\n<p>M\u0259rvan v\u0259 atas\u0131 H\u0259k\u0259m \u018fm\u0259vil\u0259r soyundan idil\u0259r, M\u0259kk\u0259nin f\u0259thind\u0259n sonra H\u0259zr\u0259t M\u00fch\u0259mm\u0259d Pey\u011f\u0259mb\u0259r (s) t\u0259r\u0259find\u0259n s\u00fcrg\u00fcn edilmi\u015fdil\u0259r. M\u0259rvan do\u011fma \u0259misi o\u011flu Osman ibn Affan\u0131n xilaf\u0259ti d\u00f6vr\u00fcnd\u0259 s\u00fcrg\u00fcnd\u0259n M\u0259din\u0259y\u0259 qay\u0131td\u0131. O, h\u00f6kum\u0259t i\u015fl\u0259rini \u00f6z \u0259lin\u0259 alm\u0131\u015fd\u0131, x\u0259lif\u0259nin ad\u0131ndan \u0259mrl\u0259r verir, saxta s\u0259n\u0259dl\u0259r imzalay\u0131rd\u0131. Osman\u0131n q\u0259tlin\u0259 g\u0259tirib-\u00e7\u0131xarm\u0131\u015f hadis\u0259l\u0259rd\u0259 M\u0259rvan\u0131n da \u0259li vard\u0131.<\/p>\n<p>Osman\u0131n \u00f6l\u00fcm\u00fcnd\u0259n sonra M\u0259rvan C\u0259m\u0259l v\u0259 Siffeyn sava\u015flar\u0131nda H\u0259zr\u0259t \u018fliy\u0259 (\u0259) qar\u015f\u0131 d\u00f6y\u00fc\u015fd\u00fc. Sonralar M\u00fcaviy\u0259 onu M\u0259din\u0259 valisi t\u0259yin etdi. \u0130mam H\u00fcseynin (\u0259) qiyam\u0131 \u0259r\u0259f\u0259sind\u0259 d\u0259 M\u0259din\u0259 valisi M\u0259rvan idi.<\/p>\n<p>Yezidin \u00f6l\u00fcm\u00fcnd\u0259n (683-c\u00fc il) sonra o\u011flu II M\u00fcaviy\u0259 q\u0131sa bir m\u00fcdd\u0259t \u0259rzind\u0259 x\u0259lif\u0259 oldu, sonra istefa verib hakimiyy\u0259td\u0259n k\u0259nara \u00e7\u0259kildi. Bundan istifad\u0259 ed\u0259n M\u0259rvan 684-c\u00fc ild\u0259 hakimiyy\u0259t\u0259 yiy\u0259l\u0259ndi. M\u0259rvan ibn H\u0259k\u0259m 9 ay hakimiyy\u0259t s\u00fcr\u00acd\u00fckd\u0259n sonra Di\u00acm\u0259\u015fqd\u0259 v\u0259fat etdi. Ondan sonra n\u0259slind\u0259n olan daha 10 n\u0259f\u0259r x\u0259lif\u0259 oldu. Bunlara M\u0259rvanil\u0259r s\u00fclal\u0259si deyirl\u0259r. \u015ei\u0259 m\u0259zh\u0259bind\u0259 M\u0259rvan v\u0259 onun n\u0259sli \u018fhli-beyt\u0259 qar\u015f\u0131 d\u00fc\u015fm\u0259n m\u00fcnasib\u0259tin\u0259 g\u00f6r\u0259 k\u0259skin sur\u0259td\u0259 t\u0259nqid edilir. \u201cZiyar\u0259ti-A\u015fura\u201dda M\u0259rvana v\u0259 onun n\u0259slin\u0259 (ali-M\u0259rvan) bir ne\u00e7\u0259 d\u0259f\u0259 l\u0259n\u0259t deyilir.<\/p>\n","protected":false},"excerpt":{"rendered":"<p>B\u0259zi dini m\u0259tnl\u0259rd\u0259 rast g\u0259ldiyimiz \u201cali-M\u0259rvan\u201d ifad\u0259sinin m\u0259nas\u0131 n\u0259dir v\u0259 bunlar kimdir? M\u0259rvan v\u0259 atas\u0131 H\u0259k\u0259m \u018fm\u0259vil\u0259r soyundan idil\u0259r, M\u0259kk\u0259nin f\u0259thind\u0259n sonra H\u0259zr\u0259t M\u00fch\u0259mm\u0259d Pey\u011f\u0259mb\u0259r (s) t\u0259r\u0259find\u0259n s\u00fcrg\u00fcn edilmi\u015fdil\u0259r. M\u0259rvan do\u011fma \u0259misi o\u011flu Osman ibn Affan\u0131n xilaf\u0259ti d\u00f6vr\u00fcnd\u0259 s\u00fcrg\u00fcnd\u0259n M\u0259din\u0259y\u0259 qay\u0131td\u0131. O, h\u00f6kum\u0259t i\u015fl\u0259rini \u00f6z \u0259lin\u0259 alm\u0131\u015fd\u0131, x\u0259lif\u0259nin ad\u0131ndan \u0259mrl\u0259r verir, saxta s\u0259n\u0259dl\u0259r imzalay\u0131rd\u0131. Osman\u0131n q\u0259tlin\u0259 g\u0259tirib-\u00e7\u0131xarm\u0131\u015f hadis\u0259l\u0259rd\u0259 M\u0259rvan\u0131n da \u0259li vard\u0131. Osman\u0131n \u00f6l\u00fcm\u00fcnd\u0259n sonra M\u0259rvan C\u0259m\u0259l v\u0259 Siffeyn sava\u015flar\u0131nda H\u0259zr\u0259t \u018fliy\u0259 (\u0259) qar\u015f\u0131 d\u00f6y\u00fc\u015fd\u00fc. Sonralar M\u00fcaviy\u0259 onu M\u0259din\u0259 valisi t\u0259yin etdi. \u0130mam H\u00fcseynin (\u0259) qiyam\u0131 \u0259r\u0259f\u0259sind\u0259 d\u0259 M\u0259din\u0259 valisi&hellip;<\/p>\n","protected":false},"author":2,"featured_media":171820,"comment_status":"closed","ping_status":"closed","sticky":false,"template":"","format":"standard","meta":{"om_disable_all_campaigns":false,"_monsterinsights_skip_tracking":false,"_monsterinsights_sitenote_active":false,"_monsterinsights_sitenote_note":"","_monsterinsights_sitenote_category":0},"categories":[25],"tags":[],"aioseo_notices":[],"gutentor_comment":0,"rttpg_featured_image_url":{"full":["https:\/\/arantv.az\/wp-content\/uploads\/2020\/05\/bbd44809af8bd382d98a1c38fe25dd14_M.jpg",300,225,false],"landscape":["https:\/\/arantv.az\/wp-content\/uploads\/2020\/05\/bbd44809af8bd382d98a1c38fe25dd14_M.jpg",300,225,false],"portraits":["https:\/\/arantv.az\/wp-content\/uploads\/2020\/05\/bbd44809af8bd382d98a1c38fe25dd14_M.jpg",300,225,false],"thumbnail":["https:\/\/arantv.az\/wp-content\/uploads\/2020\/05\/bbd44809af8bd382d98a1c38fe25dd14_M-150x150.jpg",150,150,true],"medium":["https:\/\/arantv.az\/wp-content\/uploads\/2020\/05\/bbd44809af8bd382d98a1c38fe25dd14_M-300x225.jpg",300,225,true],"large":["https:\/\/arantv.az\/wp-content\/uploads\/2020\/05\/bbd44809af8bd382d98a1c38fe25dd14_M.jpg",300,225,false],"1536x1536":["https:\/\/arantv.az\/wp-content\/uploads\/2020\/05\/bbd44809af8bd382d98a1c38fe25dd14_M.jpg",300,225,false],"2048x2048":["https:\/\/arantv.az\/wp-content\/uploads\/2020\/05\/bbd44809af8bd382d98a1c38fe25dd14_M.jpg",300,225,false],"post-thumbnail":["https:\/\/arantv.az\/wp-content\/uploads\/2020\/05\/bbd44809af8bd382d98a1c38fe25dd14_M-240x172.jpg",240,172,true],"advps-thumb-one":["https:\/\/arantv.az\/wp-content\/uploads\/2020\/05\/bbd44809af8bd382d98a1c38fe25dd14_M.jpg",300,225,false]},"rttpg_author":{"display_name":"V\u00fcsal Rafiqo\u011flu","author_link":"https:\/\/arantv.az\/?author=2"},"rttpg_comment":0,"rttpg_category":"<a href=\"https:\/\/arantv.az\/?cat=25\" rel=\"category\">Ramazan<\/a>","rttpg_excerpt":"B\u0259zi dini m\u0259tnl\u0259rd\u0259 rast g\u0259ldiyimiz \u201cali-M\u0259rvan\u201d ifad\u0259sinin m\u0259nas\u0131 n\u0259dir v\u0259 bunlar kimdir? M\u0259rvan v\u0259 atas\u0131 H\u0259k\u0259m \u018fm\u0259vil\u0259r soyundan idil\u0259r, M\u0259kk\u0259nin f\u0259thind\u0259n sonra H\u0259zr\u0259t M\u00fch\u0259mm\u0259d Pey\u011f\u0259mb\u0259r (s) t\u0259r\u0259find\u0259n s\u00fcrg\u00fcn edilmi\u015fdil\u0259r. M\u0259rvan do\u011fma \u0259misi o\u011flu Osman ibn Affan\u0131n xilaf\u0259ti d\u00f6vr\u00fcnd\u0259 s\u00fcrg\u00fcnd\u0259n M\u0259din\u0259y\u0259 qay\u0131td\u0131. O, h\u00f6kum\u0259t i\u015fl\u0259rini \u00f6z \u0259lin\u0259 alm\u0131\u015fd\u0131, x\u0259lif\u0259nin ad\u0131ndan \u0259mrl\u0259r verir, saxta s\u0259n\u0259dl\u0259r imzalay\u0131rd\u0131. Osman\u0131n&hellip;","_links":{"self":[{"href":"https:\/\/arantv.az\/index.php?rest_route=\/wp\/v2\/posts\/171819"}],"collection":[{"href":"https:\/\/arantv.az\/index.php?rest_route=\/wp\/v2\/posts"}],"about":[{"href":"https:\/\/arantv.az\/index.php?rest_route=\/wp\/v2\/types\/post"}],"author":[{"embeddable":true,"href":"https:\/\/arantv.az\/index.php?rest_route=\/wp\/v2\/users\/2"}],"replies":[{"embeddable":true,"href":"https:\/\/arantv.az\/index.php?rest_route=%2Fwp%2Fv2%2Fcomments&post=171819"}],"version-history":[{"count":0,"href":"https:\/\/arantv.az\/index.php?rest_route=\/wp\/v2\/posts\/171819\/revisions"}],"wp:featuredmedia":[{"embeddable":true,"href":"https:\/\/arantv.az\/index.php?rest_route=\/wp\/v2\/media\/171820"}],"wp:attachment":[{"href":"https:\/\/arantv.az\/index.php?rest_route=%2Fwp%2Fv2%2Fmedia&parent=171819"}],"wp:term":[{"taxonomy":"category","embeddable":true,"href":"https:\/\/arantv.az\/index.php?rest_route=%2Fwp%2Fv2%2Fcategories&post=171819"},{"taxonomy":"post_tag","embeddable":true,"href":"https:\/\/arantv.az\/index.php?rest_route=%2Fwp%2Fv2%2Ftags&post=171819"}],"curies":[{"name":"wp","href":"https:\/\/api.w.org\/{rel}","templated":true}]}}