{"id":171827,"date":"2020-05-27T10:22:32","date_gmt":"2020-05-27T07:22:32","guid":{"rendered":"http:\/\/arantv.az\/?p=171827"},"modified":"2020-05-27T10:22:32","modified_gmt":"2020-05-27T07:22:32","slug":"emin-haciyev-regionlarin-inkisafi-samaxinin-timsalinda-yeni-m%c9%99rh%c9%99l%c9%99y%c9%99-kecir","status":"publish","type":"post","link":"https:\/\/arantv.az\/?p=171827","title":{"rendered":"Emin Hac\u0131yev: \u201cRegionlar\u0131n inki\u015faf\u0131 \u015eamax\u0131n\u0131n timsal\u0131nda yeni m\u0259rh\u0259l\u0259y\u0259 ke\u00e7ir\u201d"},"content":{"rendered":"<p>\u201cPandemiyan\u0131n yaratd\u0131\u011f\u0131 m\u00fcr\u0259kk\u0259b \u015f\u0259rait\u0259, iqtisadiyyata m\u0259nfi t\u0259sirl\u0259rin\u0259 baxmayaraq, Az\u0259rbaycan sosial \u0259h\u0259miyy\u0259tli layih\u0259l\u0259ri fasil\u0259siz olaraq davam etdirir. Prezident \u0130lham \u018fliyevin \u015eamax\u0131 rayonuna s\u0259f\u0259ri bir daha g\u00f6st\u0259rdi ki, m\u00fc\u0259yy\u0259n olunmu\u015f prioritetl\u0259r h\u0259tta fors-major \u015f\u0259raitd\u0259 d\u0259 d\u0259yi\u015fm\u0259z olaraq qal\u0131r\u201d.<\/p>\n<p>Bunu Trend-\u0259 a\u00e7\u0131qlamas\u0131nda Milli M\u0259clisin \u00fczv\u00fc Emin Hac\u0131yev deyib.<\/p>\n<p>Deputat qeyd edib ki, sosial layih\u0259l\u0259rin he\u00e7 bir halda t\u0259xir\u0259 sal\u0131nmayaca\u011f\u0131 il\u0259 ba\u011fl\u0131 d\u00f6vl\u0259t ba\u015f\u00e7\u0131s\u0131n\u0131n m\u00fc\u0259yy\u0259n etdiyi prinsipial yana\u015fma Az\u0259rbaycan d\u00f6vl\u0259tinin siyas\u0259tinin, bu f\u0259aliyy\u0259tin m\u0259rk\u0259zind\u0259 v\u0259t\u0259nda\u015f\u0131n dayanmas\u0131n\u0131n ifad\u0259sidir:<\/p>\n<div id=\"AdviadNativeVideo0\" class=\"AdviadNativeVideo\"><\/div>\n<p>&#8220;Az\u0259rbaycan Prezidentinin regionlara h\u0259r bir s\u0259f\u0259ri h\u0259min b\u00f6lg\u0259d\u0259\u00a0yeni inki\u015faf m\u0259rh\u0259l\u0259sini \u015f\u0259rtl\u0259ndirir. Qeyri-neft sektorunun inki\u015faf\u0131 k\u0259nd t\u0259s\u0259rr\u00fcfat\u0131ndan v\u0259 qeyri-neft s\u0259nayesind\u0259n \u00e7ox as\u0131l\u0131d\u0131r. Bu m\u0259nada regionlar\u0131n \u00fcz\u0259rin\u0259 b\u00f6y\u00fck y\u00fck d\u00fc\u015f\u00fcr. B\u00f6lg\u0259l\u0259rd\u0259 a\u00e7\u0131lan m\u00fc\u0259ssis\u0259l\u0259r, sahibkarlar\u0131n k\u0259nd t\u0259s\u0259rr\u00fcfat\u0131na mara\u011f\u0131n\u0131 art\u0131ran stimulla\u015fd\u0131r\u0131c\u0131 add\u0131mlar \u00dcDM-d\u0259 regionlar\u0131n pay\u0131n\u0131 art\u0131r\u0131r. D\u00f6vl\u0259t t\u0259r\u0259find\u0259n regionlar\u0131n inki\u015faf\u0131 il\u0259 ba\u011fl\u0131 h\u0259yata ke\u00e7iril\u0259n ard\u0131c\u0131l siyas\u0259t b\u00f6lg\u0259l\u0259rl\u0259 paytaxt aras\u0131ndak\u0131 f\u0259rqi tamamil\u0259 aradan qald\u0131rmaqdad\u0131r.<\/p>\n<p>Son 17 il \u0259rzind\u0259 regionlar\u0131n inki\u015faf\u0131 il\u0259 ba\u011fl\u0131 u\u011furla h\u0259yata ke\u00e7iril\u0259n \u00fc\u00e7 d\u00f6vl\u0259t proqram\u0131 n\u0259tic\u0259sind\u0259 b\u00f6lg\u0259l\u0259rimizd\u0259 3 500-d\u0259n \u00e7ox m\u0259kt\u0259b, 700-d\u0259n art\u0131q tibb oca\u011f\u0131 tikilib, 16 min kilometr yerli v\u0259 beyn\u0259lxalq \u0259h\u0259miyy\u0259tli avtomobil yolu \u00e7\u0259kilib.<\/p>\n<p>30-dan \u00e7ox elektrik stansiyas\u0131 istifad\u0259y\u0259 verilib v\u0259 b\u00fct\u00fcn elektrik t\u0259s\u0259rr\u00fcfat\u0131 yenid\u0259n qurulub. \u00d6lk\u0259d\u0259 qazla\u015fd\u0131rma t\u0259xmin\u0259n 100 faiz\u0259 yax\u0131nd\u0131r.\u00a050-\u0259 yax\u0131n Olimpiya \u0130dman M\u0259rk\u0259zi, G\u0259ncl\u0259r evl\u0259ri, m\u0259d\u0259niyy\u0259t saraylar\u0131, dig\u0259r sosial obyektl\u0259r istifad\u0259y\u0259 verilib.<\/p>\n<p>Bu, i\u015fl\u0259rin yaln\u0131z bir hiss\u0259sidir. N\u0259tic\u0259d\u0259, b\u00f6lg\u0259l\u0259rin simas\u0131 tamamil\u0259 d\u0259yi\u015fib v\u0259 olduqca m\u00fch\u00fcm prioritetin h\u0259llin\u0259 nail olunub. Birincisi, b\u00f6lg\u0259l\u0259rd\u0259 i\u015f yerl\u0259ri art\u0131b. \u0130kincisi, k\u0259nd v\u0259 \u015f\u0259h\u0259rl\u0259rimiz aras\u0131nda f\u0259rq \u0259sas etibaril\u0259 ortadan qalx\u0131b\u201d.<\/p>\n<p>E.Hac\u0131yev qeyd edib ki, \u00f6lk\u0259d\u0259 h\u0259yata ke\u00e7iril\u0259n struktur-institusional v\u0259 kadr islahatlar\u0131, o c\u00fcml\u0259d\u0259n, biznes m\u00fchitinin liberalla\u015fd\u0131r\u0131lmas\u0131 il\u0259 ba\u011fl\u0131 at\u0131lan add\u0131mlar regionlar\u0131n inki\u015faf\u0131na da ciddi t\u0259sir g\u00f6st\u0259rir:<\/p>\n<p>\u201cDoing Business\u201d hesabat\u0131nda Az\u0259rbaycan ke\u00e7\u0259n il 20 \u0259n islahat\u00e7\u0131 \u00f6lk\u0259 s\u0131ras\u0131na daxil edilib. Bu, apar\u0131lan islahatlara beyn\u0259lxalq t\u0259\u015fkilat\u0131n m\u00fcnasib\u0259ti olmaqla yana\u015f\u0131, xarici investorlar\u0131n diqq\u0259tinin \u00f6lk\u0259miz\u0259 y\u00f6n\u0259ldilm\u0259si bax\u0131m\u0131ndan da \u0259h\u0259miyy\u0259tlidir. M\u00fcst\u0259qillik d\u00f6vr\u00fc \u0259rzind\u0259, 2015-ci il\u0259d\u0259k Az\u0259rbaycana 206 milyard dollar h\u0259cmind\u0259 investisiya qoyulub, 2019-cu ild\u0259 bu 270 milyon dollar h\u0259cmin\u0259d\u0259k y\u00fcks\u0259lib. 5 il\u0259 64 milyard manat s\u0259rmay\u0259 olduqca b\u00f6y\u00fck r\u0259q\u0259mdir. Xarici s\u0259rmay\u0259 is\u0259 t\u0259bii ki, \u00f6lk\u0259miz\u0259 valyuta ax\u0131n\u0131 il\u0259 yana\u015f\u0131, yeni infrastrukturun v\u0259 texnologiyalar\u0131n, Az\u0259rbaycan\u0131n prioritetl\u0259ri s\u0131ras\u0131nda olan 4-c\u00fc s\u0259naye inqilab\u0131n\u0131n innovasiyalar\u0131n\u0131n \u00f6lk\u0259miz\u0259 g\u0259tirilm\u0259si dem\u0259kdir\u201d.<\/p>\n","protected":false},"excerpt":{"rendered":"<p>\u201cPandemiyan\u0131n yaratd\u0131\u011f\u0131 m\u00fcr\u0259kk\u0259b \u015f\u0259rait\u0259, iqtisadiyyata m\u0259nfi t\u0259sirl\u0259rin\u0259 baxmayaraq, Az\u0259rbaycan sosial \u0259h\u0259miyy\u0259tli layih\u0259l\u0259ri fasil\u0259siz olaraq davam etdirir. Prezident \u0130lham \u018fliyevin \u015eamax\u0131 rayonuna s\u0259f\u0259ri bir daha g\u00f6st\u0259rdi ki, m\u00fc\u0259yy\u0259n olunmu\u015f prioritetl\u0259r h\u0259tta fors-major \u015f\u0259raitd\u0259 d\u0259 d\u0259yi\u015fm\u0259z olaraq qal\u0131r\u201d. Bunu Trend-\u0259 a\u00e7\u0131qlamas\u0131nda Milli M\u0259clisin \u00fczv\u00fc Emin Hac\u0131yev deyib. Deputat qeyd edib ki, sosial layih\u0259l\u0259rin he\u00e7 bir halda t\u0259xir\u0259 sal\u0131nmayaca\u011f\u0131 il\u0259 ba\u011fl\u0131 d\u00f6vl\u0259t ba\u015f\u00e7\u0131s\u0131n\u0131n m\u00fc\u0259yy\u0259n etdiyi prinsipial yana\u015fma Az\u0259rbaycan d\u00f6vl\u0259tinin siyas\u0259tinin, bu f\u0259aliyy\u0259tin m\u0259rk\u0259zind\u0259 v\u0259t\u0259nda\u015f\u0131n dayanmas\u0131n\u0131n ifad\u0259sidir: &#8220;Az\u0259rbaycan Prezidentinin regionlara h\u0259r bir s\u0259f\u0259ri h\u0259min b\u00f6lg\u0259d\u0259\u00a0yeni inki\u015faf m\u0259rh\u0259l\u0259sini \u015f\u0259rtl\u0259ndirir. Qeyri-neft sektorunun inki\u015faf\u0131 k\u0259nd t\u0259s\u0259rr\u00fcfat\u0131ndan v\u0259&hellip;<\/p>\n","protected":false},"author":2,"featured_media":171828,"comment_status":"closed","ping_status":"closed","sticky":false,"template":"","format":"standard","meta":{"om_disable_all_campaigns":false,"_monsterinsights_skip_tracking":false,"_monsterinsights_sitenote_active":false,"_monsterinsights_sitenote_note":"","_monsterinsights_sitenote_category":0},"categories":[4],"tags":[],"aioseo_notices":[],"gutentor_comment":0,"rttpg_featured_image_url":{"full":["https:\/\/arantv.az\/wp-content\/uploads\/2020\/05\/emin.jpg",587,440,false],"landscape":["https:\/\/arantv.az\/wp-content\/uploads\/2020\/05\/emin.jpg",587,440,false],"portraits":["https:\/\/arantv.az\/wp-content\/uploads\/2020\/05\/emin.jpg",587,440,false],"thumbnail":["https:\/\/arantv.az\/wp-content\/uploads\/2020\/05\/emin-150x150.jpg",150,150,true],"medium":["https:\/\/arantv.az\/wp-content\/uploads\/2020\/05\/emin-300x225.jpg",300,225,true],"large":["https:\/\/arantv.az\/wp-content\/uploads\/2020\/05\/emin.jpg",587,440,false],"1536x1536":["https:\/\/arantv.az\/wp-content\/uploads\/2020\/05\/emin.jpg",587,440,false],"2048x2048":["https:\/\/arantv.az\/wp-content\/uploads\/2020\/05\/emin.jpg",587,440,false],"post-thumbnail":["https:\/\/arantv.az\/wp-content\/uploads\/2020\/05\/emin-240x172.jpg",240,172,true],"advps-thumb-one":["https:\/\/arantv.az\/wp-content\/uploads\/2020\/05\/emin.jpg",587,440,false]},"rttpg_author":{"display_name":"V\u00fcsal Rafiqo\u011flu","author_link":"https:\/\/arantv.az\/?author=2"},"rttpg_comment":0,"rttpg_category":"<a href=\"https:\/\/arantv.az\/?cat=4\" rel=\"category\">Siyas\u0259t<\/a>","rttpg_excerpt":"\u201cPandemiyan\u0131n yaratd\u0131\u011f\u0131 m\u00fcr\u0259kk\u0259b \u015f\u0259rait\u0259, iqtisadiyyata m\u0259nfi t\u0259sirl\u0259rin\u0259 baxmayaraq, Az\u0259rbaycan sosial \u0259h\u0259miyy\u0259tli layih\u0259l\u0259ri fasil\u0259siz olaraq davam etdirir. Prezident \u0130lham \u018fliyevin \u015eamax\u0131 rayonuna s\u0259f\u0259ri bir daha g\u00f6st\u0259rdi ki, m\u00fc\u0259yy\u0259n olunmu\u015f prioritetl\u0259r h\u0259tta fors-major \u015f\u0259raitd\u0259 d\u0259 d\u0259yi\u015fm\u0259z olaraq qal\u0131r\u201d. Bunu Trend-\u0259 a\u00e7\u0131qlamas\u0131nda Milli M\u0259clisin \u00fczv\u00fc Emin Hac\u0131yev deyib. Deputat qeyd edib ki, sosial layih\u0259l\u0259rin he\u00e7 bir halda t\u0259xir\u0259&hellip;","_links":{"self":[{"href":"https:\/\/arantv.az\/index.php?rest_route=\/wp\/v2\/posts\/171827"}],"collection":[{"href":"https:\/\/arantv.az\/index.php?rest_route=\/wp\/v2\/posts"}],"about":[{"href":"https:\/\/arantv.az\/index.php?rest_route=\/wp\/v2\/types\/post"}],"author":[{"embeddable":true,"href":"https:\/\/arantv.az\/index.php?rest_route=\/wp\/v2\/users\/2"}],"replies":[{"embeddable":true,"href":"https:\/\/arantv.az\/index.php?rest_route=%2Fwp%2Fv2%2Fcomments&post=171827"}],"version-history":[{"count":0,"href":"https:\/\/arantv.az\/index.php?rest_route=\/wp\/v2\/posts\/171827\/revisions"}],"wp:featuredmedia":[{"embeddable":true,"href":"https:\/\/arantv.az\/index.php?rest_route=\/wp\/v2\/media\/171828"}],"wp:attachment":[{"href":"https:\/\/arantv.az\/index.php?rest_route=%2Fwp%2Fv2%2Fmedia&parent=171827"}],"wp:term":[{"taxonomy":"category","embeddable":true,"href":"https:\/\/arantv.az\/index.php?rest_route=%2Fwp%2Fv2%2Fcategories&post=171827"},{"taxonomy":"post_tag","embeddable":true,"href":"https:\/\/arantv.az\/index.php?rest_route=%2Fwp%2Fv2%2Ftags&post=171827"}],"curies":[{"name":"wp","href":"https:\/\/api.w.org\/{rel}","templated":true}]}}