{"id":171831,"date":"2020-05-27T10:23:43","date_gmt":"2020-05-27T07:23:43","guid":{"rendered":"http:\/\/arantv.az\/?p=171831"},"modified":"2020-05-27T10:23:43","modified_gmt":"2020-05-27T07:23:43","slug":"adil-%c9%99liyev-erm%c9%99nistanin-az%c9%99rbaycandan-avropa-m%c9%99hk%c9%99m%c9%99si-il%c9%99-bagli-n%c9%99-is%c9%99-t%c9%99l%c9%99b-ir%c9%99li-surm%c9%99sin%c9%99-hec-bir-m%c9%99n%c9%99vi-haqqi-yox","status":"publish","type":"post","link":"https:\/\/arantv.az\/?p=171831","title":{"rendered":"Adil \u018fliyev: Erm\u0259nistan\u0131n Az\u0259rbaycandan Avropa M\u0259hk\u0259m\u0259si il\u0259 ba\u011fl\u0131 n\u0259 is\u0259 t\u0259l\u0259b ir\u0259li s\u00fcrm\u0259sin\u0259 he\u00e7 bir m\u0259n\u0259vi haqq\u0131 yoxdur"},"content":{"rendered":"<p>Avropa \u0130nsan Haqlar\u0131 M\u0259hk\u0259m\u0259sinin Ramil S\u0259f\u0259rovla ba\u011fl\u0131 q\u0259rar\u0131 Az\u0259rbaycan \u00fc\u00e7\u00fcn \u0259h\u0259miyy\u0259t k\u0259sb etmir. Az\u0259rbaycana v\u0259 Macar\u0131stana qar\u015f\u0131 iddia qald\u0131ran Erm\u0259nistan\u0131n bu add\u0131m\u0131 arxadan at\u0131lan da\u015fa b\u0259nz\u0259yir. Ramil S\u0259f\u0259rov 2012-ci ild\u0259 Macar\u0131standan Az\u0259rbaycana ekstradisiya olunub, \u00fcst\u00fcnd\u0259n 8 il ke\u00e7s\u0259 d\u0259, erm\u0259nil\u0259rin &#8220;hirsi&#8221; soyumay\u0131b.<\/p>\n<p><strong>ARANTV.AZ\u00a0<\/strong>\u00a0<a href=\"http:\/\/az.trend.az\/\" target=\"_blank\" rel=\"noopener\">Trend<\/a>-\u0259 istinad\u0259n bildirir ki,\u00a0bunu Milli M\u0259clisin vitse-spikeri Adil \u018fliyev deyib.<\/p>\n<p>O bildirib ki, Ramil S\u0259f\u0259rov Az\u0259rbaycan\u0131n f\u0259xri o\u011fludur: &#8220;Onun yerind\u0259 hans\u0131 soyda\u015f\u0131m\u0131z olsayd\u0131, Az\u0259rbaycan bayra\u011f\u0131n\u0131 t\u0259hqir ed\u0259ni c\u0259zaland\u0131rard\u0131. Erm\u0259nistan hakimiyy\u0259ti hans\u0131 haqla Ramil S\u0259f\u0259rovun i\u015fi \u00fczr\u0259 maddi v\u0259 m\u0259n\u0259vi z\u0259r\u0259rin \u0259v\u0259zinin \u00f6d\u0259ilm\u0259sini t\u0259l\u0259b edir?<\/p>\n<p>Ramil S\u0259f\u0259rov 8 il Macar\u0131stan h\u0259bsxanas\u0131nda yat\u0131b, Az\u0259rbaycana ekstradisiya olunub v\u0259 d\u00f6vl\u0259t ba\u015f\u00e7\u0131s\u0131 \u0130lham \u018fliyevin q\u0259rar\u0131 il\u0259 \u0259fv edilib. B\u0259lk\u0259 erm\u0259nil\u0259r d\u00fc\u015f\u00fcn\u00fcrd\u00fcl\u0259r ki, Macar\u0131standa 8 il h\u0259bs h\u0259yat\u0131 ya\u015fayan Ramil S\u0259f\u0259rov \u00f6mr\u00fcn\u00fcn qalan hiss\u0259sini d\u0259 v\u0259t\u0259nind\u0259 h\u0259bsd\u0259 yatmal\u0131 idi? Erm\u0259nistan hakimiyy\u0259ti v\u0259 Da\u011fl\u0131q Qaraba\u011fdak\u0131 separat\u00e7\u0131lar onu qara-qara d\u00fc\u015f\u00fcns\u00fcnl\u0259r ki, t\u00f6r\u0259tdikl\u0259rin cinay\u0259tl\u0259r\u0259, i\u015f\u011fala, q\u0259tliamlara v\u0259 soyq\u0131r\u0131mlara g\u00f6r\u0259 cavab verm\u0259li olacaqlar.<\/p>\n<p>Dig\u0259r t\u0259r\u0259fd\u0259n h\u0259min Avropa \u0130nsan H\u00fcquqlar\u0131 M\u0259hk\u0259m\u0259sinin 2015-ci ild\u0259 &#8220;\u00c7\u0131raqovlar v\u0259 dig\u0259rl\u0259ri Erm\u0259nistana qar\u015f\u0131&#8221; q\u0259rar\u0131 var. H\u0259min q\u0259rara g\u00f6r\u0259, Az\u0259rbaycan \u0259razil\u0259rinin i\u015f\u011fal\u0131na g\u00f6r\u0259 Erm\u0259nistan\u0131n m\u0259suliyy\u0259ti t\u0259sbit olunub. Bu Az\u0259rbaycan torpaqlar\u0131n\u0131n i\u015f\u011fal\u0131n\u0131n, y\u0259ni cinay\u0259tin r\u0259sm\u0259n t\u0259sdiqidir. Avropa \u0130nsan H\u00fcquqlar\u0131 M\u0259hk\u0259m\u0259sind\u0259n &#8220;\u0259dal\u0259t&#8221; t\u0259l\u0259b ed\u0259n Erm\u0259nistan eyni t\u0259\u015fkilat\u0131n bir ba\u015fqa vacib q\u0259rar\u0131n\u0131 yerin\u0259 yetirm\u0259k &#8211; i\u015f\u011fala v\u0259 bir milyondan art\u0131q soyda\u015f\u0131m\u0131z\u0131n h\u00fcquqlar\u0131n\u0131n pozuntusuna son qoymaq ist\u0259mir.<\/p>\n<p>Ona g\u00f6r\u0259 d\u0259 Erm\u0259nistan hakimiyy\u0259tinin Az\u0259rbaycandan Avropa M\u0259hk\u0259m\u0259si il\u0259 ba\u011fl\u0131 n\u0259 is\u0259 t\u0259l\u0259b ir\u0259li s\u00fcrm\u0259sin\u0259 he\u00e7 bir m\u0259n\u0259vi haqq\u0131 yoxdur. \u00d6z\u00fc d\u0259 Avropa \u0130nsan H\u00fcquqlar\u0131 M\u0259hk\u0259m\u0259si Erm\u0259nistan\u0131n \u0259sas ist\u0259yini yerin\u0259 yetirm\u0259yib. Birincisi, M\u0259hk\u0259m\u0259 q\u0259rar\u0131 \u0259sas \u00e7\u0259ki\u015fm\u0259 obyekti olan \u0259fv f\u0259rman\u0131n\u0131n l\u0259\u011fvini v\u0259 ya \u0259laq\u0259dar \u015f\u0259xs \u00fczr\u0259 i\u015fin yenid\u0259n a\u00e7\u0131lmas\u0131n\u0131 t\u0259l\u0259b etmir. \u0130kincisi, ya\u015famaq h\u00fcququnun maddi pozuntusu il\u0259 ba\u011fl\u0131 iddia r\u0259dd edilib. Az\u0259rbaycana, onun bayra\u011f\u0131na v\u0259 m\u0259ml\u0259k\u0259timizin layiqli \u00f6vlad\u0131na dil uzadanlar layiqli cavablar\u0131n\u0131 al\u0131blar v\u0259 bundan sonra da alacaqlar&#8221;.<\/p>\n","protected":false},"excerpt":{"rendered":"<p>Avropa \u0130nsan Haqlar\u0131 M\u0259hk\u0259m\u0259sinin Ramil S\u0259f\u0259rovla ba\u011fl\u0131 q\u0259rar\u0131 Az\u0259rbaycan \u00fc\u00e7\u00fcn \u0259h\u0259miyy\u0259t k\u0259sb etmir. Az\u0259rbaycana v\u0259 Macar\u0131stana qar\u015f\u0131 iddia qald\u0131ran Erm\u0259nistan\u0131n bu add\u0131m\u0131 arxadan at\u0131lan da\u015fa b\u0259nz\u0259yir. Ramil S\u0259f\u0259rov 2012-ci ild\u0259 Macar\u0131standan Az\u0259rbaycana ekstradisiya olunub, \u00fcst\u00fcnd\u0259n 8 il ke\u00e7s\u0259 d\u0259, erm\u0259nil\u0259rin &#8220;hirsi&#8221; soyumay\u0131b. ARANTV.AZ\u00a0\u00a0Trend-\u0259 istinad\u0259n bildirir ki,\u00a0bunu Milli M\u0259clisin vitse-spikeri Adil \u018fliyev deyib. O bildirib ki, Ramil S\u0259f\u0259rov Az\u0259rbaycan\u0131n f\u0259xri o\u011fludur: &#8220;Onun yerind\u0259 hans\u0131 soyda\u015f\u0131m\u0131z olsayd\u0131, Az\u0259rbaycan bayra\u011f\u0131n\u0131 t\u0259hqir ed\u0259ni c\u0259zaland\u0131rard\u0131. Erm\u0259nistan hakimiyy\u0259ti hans\u0131 haqla Ramil S\u0259f\u0259rovun i\u015fi \u00fczr\u0259 maddi v\u0259 m\u0259n\u0259vi z\u0259r\u0259rin \u0259v\u0259zinin \u00f6d\u0259ilm\u0259sini t\u0259l\u0259b edir? Ramil S\u0259f\u0259rov 8 il&hellip;<\/p>\n","protected":false},"author":2,"featured_media":171832,"comment_status":"closed","ping_status":"closed","sticky":false,"template":"","format":"standard","meta":{"om_disable_all_campaigns":false,"_monsterinsights_skip_tracking":false,"_monsterinsights_sitenote_active":false,"_monsterinsights_sitenote_note":"","_monsterinsights_sitenote_category":0},"categories":[4],"tags":[],"aioseo_notices":[],"gutentor_comment":0,"rttpg_featured_image_url":{"full":["https:\/\/arantv.az\/wp-content\/uploads\/2020\/05\/adil_eliyev_a.jpg",800,600,false],"landscape":["https:\/\/arantv.az\/wp-content\/uploads\/2020\/05\/adil_eliyev_a.jpg",800,600,false],"portraits":["https:\/\/arantv.az\/wp-content\/uploads\/2020\/05\/adil_eliyev_a.jpg",800,600,false],"thumbnail":["https:\/\/arantv.az\/wp-content\/uploads\/2020\/05\/adil_eliyev_a-150x150.jpg",150,150,true],"medium":["https:\/\/arantv.az\/wp-content\/uploads\/2020\/05\/adil_eliyev_a-300x225.jpg",300,225,true],"large":["https:\/\/arantv.az\/wp-content\/uploads\/2020\/05\/adil_eliyev_a.jpg",640,480,false],"1536x1536":["https:\/\/arantv.az\/wp-content\/uploads\/2020\/05\/adil_eliyev_a.jpg",800,600,false],"2048x2048":["https:\/\/arantv.az\/wp-content\/uploads\/2020\/05\/adil_eliyev_a.jpg",800,600,false],"post-thumbnail":["https:\/\/arantv.az\/wp-content\/uploads\/2020\/05\/adil_eliyev_a-240x172.jpg",240,172,true],"advps-thumb-one":["https:\/\/arantv.az\/wp-content\/uploads\/2020\/05\/adil_eliyev_a.jpg",800,600,false]},"rttpg_author":{"display_name":"V\u00fcsal Rafiqo\u011flu","author_link":"https:\/\/arantv.az\/?author=2"},"rttpg_comment":0,"rttpg_category":"<a href=\"https:\/\/arantv.az\/?cat=4\" rel=\"category\">Siyas\u0259t<\/a>","rttpg_excerpt":"Avropa \u0130nsan Haqlar\u0131 M\u0259hk\u0259m\u0259sinin Ramil S\u0259f\u0259rovla ba\u011fl\u0131 q\u0259rar\u0131 Az\u0259rbaycan \u00fc\u00e7\u00fcn \u0259h\u0259miyy\u0259t k\u0259sb etmir. Az\u0259rbaycana v\u0259 Macar\u0131stana qar\u015f\u0131 iddia qald\u0131ran Erm\u0259nistan\u0131n bu add\u0131m\u0131 arxadan at\u0131lan da\u015fa b\u0259nz\u0259yir. Ramil S\u0259f\u0259rov 2012-ci ild\u0259 Macar\u0131standan Az\u0259rbaycana ekstradisiya olunub, \u00fcst\u00fcnd\u0259n 8 il ke\u00e7s\u0259 d\u0259, erm\u0259nil\u0259rin &#8220;hirsi&#8221; soyumay\u0131b. ARANTV.AZ\u00a0\u00a0Trend-\u0259 istinad\u0259n bildirir ki,\u00a0bunu Milli M\u0259clisin vitse-spikeri Adil \u018fliyev deyib. O bildirib ki,&hellip;","_links":{"self":[{"href":"https:\/\/arantv.az\/index.php?rest_route=\/wp\/v2\/posts\/171831"}],"collection":[{"href":"https:\/\/arantv.az\/index.php?rest_route=\/wp\/v2\/posts"}],"about":[{"href":"https:\/\/arantv.az\/index.php?rest_route=\/wp\/v2\/types\/post"}],"author":[{"embeddable":true,"href":"https:\/\/arantv.az\/index.php?rest_route=\/wp\/v2\/users\/2"}],"replies":[{"embeddable":true,"href":"https:\/\/arantv.az\/index.php?rest_route=%2Fwp%2Fv2%2Fcomments&post=171831"}],"version-history":[{"count":0,"href":"https:\/\/arantv.az\/index.php?rest_route=\/wp\/v2\/posts\/171831\/revisions"}],"wp:featuredmedia":[{"embeddable":true,"href":"https:\/\/arantv.az\/index.php?rest_route=\/wp\/v2\/media\/171832"}],"wp:attachment":[{"href":"https:\/\/arantv.az\/index.php?rest_route=%2Fwp%2Fv2%2Fmedia&parent=171831"}],"wp:term":[{"taxonomy":"category","embeddable":true,"href":"https:\/\/arantv.az\/index.php?rest_route=%2Fwp%2Fv2%2Fcategories&post=171831"},{"taxonomy":"post_tag","embeddable":true,"href":"https:\/\/arantv.az\/index.php?rest_route=%2Fwp%2Fv2%2Ftags&post=171831"}],"curies":[{"name":"wp","href":"https:\/\/api.w.org\/{rel}","templated":true}]}}