{"id":17220,"date":"2018-10-05T14:51:36","date_gmt":"2018-10-05T11:51:36","guid":{"rendered":"http:\/\/arantv.az\/?p=17220"},"modified":"2018-10-05T14:51:36","modified_gmt":"2018-10-05T11:51:36","slug":"az%c9%99rbaycan-respublikasinin-k%c9%99nd-t%c9%99s%c9%99rrufati-nazirliyi-il%c9%99-xorvatiya-respublikasinin-k%c9%99nd-t%c9%99s%c9%99rrufati-nazirliyi-arasinda-%c9%99m%c9%99kdasliq-haqqinda-anlasma-me","status":"publish","type":"post","link":"https:\/\/arantv.az\/?p=17220","title":{"rendered":"Az\u0259rbaycan Respublikas\u0131n\u0131n K\u0259nd T\u0259s\u0259rr\u00fcfat\u0131 Nazirliyi il\u0259 Xorvatiya Respublikas\u0131n\u0131n K\u0259nd T\u0259s\u0259rr\u00fcfat\u0131 Nazirliyi aras\u0131nda \u0259m\u0259kda\u015fl\u0131q haqq\u0131nda Anla\u015fma Memorandumunun t\u0259sdiq edilm\u0259si bar\u0259d\u0259 Az\u0259rbaycan Respublikas\u0131 Prezidentinin F\u0259rman\u0131"},"content":{"rendered":"<p><strong>ARANTV.AZ<\/strong> x\u0259b\u0259r verir ki, f\u0259rmanda deyilir.<\/p>\n<p class=\"\">Az\u0259rbaycan Respublikas\u0131 Konstitusiyas\u0131n\u0131n 109-cu madd\u0259sinin 17-ci b\u0259ndini r\u0259hb\u0259r tutaraq q\u0259rara al\u0131ram:<\/p>\n<p>1. Az\u0259rbaycan Respublikas\u0131n\u0131n K\u0259nd T\u0259s\u0259rr\u00fcfat\u0131 Nazirliyi il\u0259 Xorvatiya Respublikas\u0131n\u0131n K\u0259nd T\u0259s\u0259rr\u00fcfat\u0131 Nazirliyi aras\u0131nda \u0259m\u0259kda\u015fl\u0131q haqq\u0131nda 2018-ci il sentyabr\u0131n 6-da Zaqreb \u015f\u0259h\u0259rind\u0259 imzalanm\u0131\u015f Anla\u015fma Memorandumu t\u0259sdiq edilsin.<\/p>\n<p>2. Bu F\u0259rman\u0131n 1-ci hiss\u0259sind\u0259 g\u00f6st\u0259ril\u0259n Anla\u015fma Memorandumu q\u00fcvv\u0259y\u0259 mindikd\u0259n sonra Az\u0259rbaycan Respublikas\u0131n\u0131n K\u0259nd T\u0259s\u0259rr\u00fcfat\u0131 Nazirliyi onun m\u00fcdd\u0259alar\u0131n\u0131n h\u0259yata ke\u00e7irilm\u0259sini t\u0259min etsin.<\/p>\n<p>3. Az\u0259rbaycan Respublikas\u0131n\u0131n Xarici \u0130\u015fl\u0259r Nazirliyi Anla\u015fma Memorandumunun q\u00fcvv\u0259y\u0259 minm\u0259si \u00fc\u00e7\u00fcn z\u0259ruri olan d\u00f6vl\u0259tdaxili prosedurlar\u0131n yerin\u0259 yetirildiyi bar\u0259d\u0259 Xorvatiya Respublikas\u0131 H\u00f6kum\u0259tin\u0259 bildiri\u015f g\u00f6nd\u0259rsin.<\/p>\n<p>\u0130lham \u018fliyev<\/p>\n<p>Az\u0259rbaycan Respublikas\u0131n\u0131n Prezidenti<\/p>\n<p>Bak\u0131 \u015f\u0259h\u0259ri, 4 oktyabr 2018-ci il.<\/p>\n","protected":false},"excerpt":{"rendered":"<p>ARANTV.AZ x\u0259b\u0259r verir ki, f\u0259rmanda deyilir. Az\u0259rbaycan Respublikas\u0131 Konstitusiyas\u0131n\u0131n 109-cu madd\u0259sinin 17-ci b\u0259ndini r\u0259hb\u0259r tutaraq q\u0259rara al\u0131ram: 1. Az\u0259rbaycan Respublikas\u0131n\u0131n K\u0259nd T\u0259s\u0259rr\u00fcfat\u0131 Nazirliyi il\u0259 Xorvatiya Respublikas\u0131n\u0131n K\u0259nd T\u0259s\u0259rr\u00fcfat\u0131 Nazirliyi aras\u0131nda \u0259m\u0259kda\u015fl\u0131q haqq\u0131nda 2018-ci il sentyabr\u0131n 6-da Zaqreb \u015f\u0259h\u0259rind\u0259 imzalanm\u0131\u015f Anla\u015fma Memorandumu t\u0259sdiq edilsin. 2. Bu F\u0259rman\u0131n 1-ci hiss\u0259sind\u0259 g\u00f6st\u0259ril\u0259n Anla\u015fma Memorandumu q\u00fcvv\u0259y\u0259 mindikd\u0259n sonra Az\u0259rbaycan Respublikas\u0131n\u0131n K\u0259nd T\u0259s\u0259rr\u00fcfat\u0131 Nazirliyi onun m\u00fcdd\u0259alar\u0131n\u0131n h\u0259yata ke\u00e7irilm\u0259sini t\u0259min etsin. 3. Az\u0259rbaycan Respublikas\u0131n\u0131n Xarici \u0130\u015fl\u0259r Nazirliyi Anla\u015fma Memorandumunun q\u00fcvv\u0259y\u0259 minm\u0259si \u00fc\u00e7\u00fcn z\u0259ruri olan d\u00f6vl\u0259tdaxili prosedurlar\u0131n yerin\u0259 yetirildiyi bar\u0259d\u0259 Xorvatiya Respublikas\u0131 H\u00f6kum\u0259tin\u0259 bildiri\u015f g\u00f6nd\u0259rsin. \u0130lham \u018fliyev&hellip;<\/p>\n","protected":false},"author":2,"featured_media":17221,"comment_status":"closed","ping_status":"closed","sticky":false,"template":"","format":"standard","meta":{"om_disable_all_campaigns":false,"_monsterinsights_skip_tracking":false,"_monsterinsights_sitenote_active":false,"_monsterinsights_sitenote_note":"","_monsterinsights_sitenote_category":0},"categories":[8],"tags":[],"aioseo_notices":[],"gutentor_comment":0,"rttpg_featured_image_url":{"full":["https:\/\/arantv.az\/wp-content\/uploads\/2018\/10\/maxresdefault-1.jpg",1280,720,false],"landscape":["https:\/\/arantv.az\/wp-content\/uploads\/2018\/10\/maxresdefault-1.jpg",1280,720,false],"portraits":["https:\/\/arantv.az\/wp-content\/uploads\/2018\/10\/maxresdefault-1.jpg",1280,720,false],"thumbnail":["https:\/\/arantv.az\/wp-content\/uploads\/2018\/10\/maxresdefault-1-150x150.jpg",150,150,true],"medium":["https:\/\/arantv.az\/wp-content\/uploads\/2018\/10\/maxresdefault-1-300x169.jpg",300,169,true],"large":["https:\/\/arantv.az\/wp-content\/uploads\/2018\/10\/maxresdefault-1-1024x576.jpg",640,360,true],"1536x1536":["https:\/\/arantv.az\/wp-content\/uploads\/2018\/10\/maxresdefault-1.jpg",1280,720,false],"2048x2048":["https:\/\/arantv.az\/wp-content\/uploads\/2018\/10\/maxresdefault-1.jpg",1280,720,false],"post-thumbnail":["https:\/\/arantv.az\/wp-content\/uploads\/2018\/10\/maxresdefault-1-240x172.jpg",240,172,true],"advps-thumb-one":["https:\/\/arantv.az\/wp-content\/uploads\/2018\/10\/maxresdefault-1-1200x620.jpg",1200,620,true]},"rttpg_author":{"display_name":"V\u00fcsal Rafiqo\u011flu","author_link":"https:\/\/arantv.az\/?author=2"},"rttpg_comment":0,"rttpg_category":"<a href=\"https:\/\/arantv.az\/?cat=8\" rel=\"category\">\u018fsas s\u0259hif\u0259<\/a>","rttpg_excerpt":"ARANTV.AZ x\u0259b\u0259r verir ki, f\u0259rmanda deyilir. Az\u0259rbaycan Respublikas\u0131 Konstitusiyas\u0131n\u0131n 109-cu madd\u0259sinin 17-ci b\u0259ndini r\u0259hb\u0259r tutaraq q\u0259rara al\u0131ram: 1. Az\u0259rbaycan Respublikas\u0131n\u0131n K\u0259nd T\u0259s\u0259rr\u00fcfat\u0131 Nazirliyi il\u0259 Xorvatiya Respublikas\u0131n\u0131n K\u0259nd T\u0259s\u0259rr\u00fcfat\u0131 Nazirliyi aras\u0131nda \u0259m\u0259kda\u015fl\u0131q haqq\u0131nda 2018-ci il sentyabr\u0131n 6-da Zaqreb \u015f\u0259h\u0259rind\u0259 imzalanm\u0131\u015f Anla\u015fma Memorandumu t\u0259sdiq edilsin. 2. Bu F\u0259rman\u0131n 1-ci hiss\u0259sind\u0259 g\u00f6st\u0259ril\u0259n Anla\u015fma Memorandumu q\u00fcvv\u0259y\u0259 mindikd\u0259n sonra Az\u0259rbaycan&hellip;","_links":{"self":[{"href":"https:\/\/arantv.az\/index.php?rest_route=\/wp\/v2\/posts\/17220"}],"collection":[{"href":"https:\/\/arantv.az\/index.php?rest_route=\/wp\/v2\/posts"}],"about":[{"href":"https:\/\/arantv.az\/index.php?rest_route=\/wp\/v2\/types\/post"}],"author":[{"embeddable":true,"href":"https:\/\/arantv.az\/index.php?rest_route=\/wp\/v2\/users\/2"}],"replies":[{"embeddable":true,"href":"https:\/\/arantv.az\/index.php?rest_route=%2Fwp%2Fv2%2Fcomments&post=17220"}],"version-history":[{"count":0,"href":"https:\/\/arantv.az\/index.php?rest_route=\/wp\/v2\/posts\/17220\/revisions"}],"wp:featuredmedia":[{"embeddable":true,"href":"https:\/\/arantv.az\/index.php?rest_route=\/wp\/v2\/media\/17221"}],"wp:attachment":[{"href":"https:\/\/arantv.az\/index.php?rest_route=%2Fwp%2Fv2%2Fmedia&parent=17220"}],"wp:term":[{"taxonomy":"category","embeddable":true,"href":"https:\/\/arantv.az\/index.php?rest_route=%2Fwp%2Fv2%2Fcategories&post=17220"},{"taxonomy":"post_tag","embeddable":true,"href":"https:\/\/arantv.az\/index.php?rest_route=%2Fwp%2Fv2%2Ftags&post=17220"}],"curies":[{"name":"wp","href":"https:\/\/api.w.org\/{rel}","templated":true}]}}