{"id":17233,"date":"2018-10-05T15:45:08","date_gmt":"2018-10-05T12:45:08","guid":{"rendered":"http:\/\/arantv.az\/?p=17233"},"modified":"2018-10-05T15:45:08","modified_gmt":"2018-10-05T12:45:08","slug":"ramil-usubov-yeni-polis-r%c9%99isl%c9%99ri-t%c9%99yin-etdi","status":"publish","type":"post","link":"https:\/\/arantv.az\/?p=17233","title":{"rendered":"Ramil Usubov yeni polis r\u0259isl\u0259ri t\u0259yin etdi"},"content":{"rendered":"<div class=\"spot\">Bak\u0131n\u0131n bir ne\u00e7\u0259 polis b\u00f6lm\u0259sind\u0259 yerd\u0259yi\u015fm\u0259l\u0259r qeyd\u0259 al\u0131n\u0131b.<\/div>\n<p><strong>ARANTV.AZ<\/strong>-\u0131n m\u0259lumat\u0131na g\u00f6r\u0259, daxili i\u015fl\u0259r naziri, general-polkovnik Ramil Usubov m\u00fcvafiq \u0259mr imzalay\u0131b. \u018fmr\u0259 \u0259sas\u0259n Sabun\u00e7u rayon Polis \u0130dar\u0259sinin (RP\u0130) 13-c\u00fc Polis B\u00f6lm\u0259sinin r\u0259isi \u0130ltimas Yusifli N\u0259simi rayon Polis \u0130dar\u0259sinin 19-cu \u015e\u00f6b\u0259sin\u0259 r\u0259is g\u00f6nd\u0259rilib. Onun yerin\u0259 is\u0259 20-ci B\u00f6lm\u0259nin r\u0259isi Nasir Babayev t\u0259yinat al\u0131b.\u00f6lk\u0259.az<\/p>\n","protected":false},"excerpt":{"rendered":"<p>Bak\u0131n\u0131n bir ne\u00e7\u0259 polis b\u00f6lm\u0259sind\u0259 yerd\u0259yi\u015fm\u0259l\u0259r qeyd\u0259 al\u0131n\u0131b. ARANTV.AZ-\u0131n m\u0259lumat\u0131na g\u00f6r\u0259, daxili i\u015fl\u0259r naziri, general-polkovnik Ramil Usubov m\u00fcvafiq \u0259mr imzalay\u0131b. \u018fmr\u0259 \u0259sas\u0259n Sabun\u00e7u rayon Polis \u0130dar\u0259sinin (RP\u0130) 13-c\u00fc Polis B\u00f6lm\u0259sinin r\u0259isi \u0130ltimas Yusifli N\u0259simi rayon Polis \u0130dar\u0259sinin 19-cu \u015e\u00f6b\u0259sin\u0259 r\u0259is g\u00f6nd\u0259rilib. Onun yerin\u0259 is\u0259 20-ci B\u00f6lm\u0259nin r\u0259isi Nasir Babayev t\u0259yinat al\u0131b.\u00f6lk\u0259.az<\/p>\n","protected":false},"author":2,"featured_media":17234,"comment_status":"closed","ping_status":"closed","sticky":false,"template":"","format":"standard","meta":{"om_disable_all_campaigns":false,"_monsterinsights_skip_tracking":false,"_monsterinsights_sitenote_active":false,"_monsterinsights_sitenote_note":"","_monsterinsights_sitenote_category":0},"categories":[19],"tags":[],"aioseo_notices":[],"gutentor_comment":0,"rttpg_featured_image_url":{"full":["https:\/\/arantv.az\/wp-content\/uploads\/2018\/10\/ramilusubov.jpg",620,375,false],"landscape":["https:\/\/arantv.az\/wp-content\/uploads\/2018\/10\/ramilusubov.jpg",620,375,false],"portraits":["https:\/\/arantv.az\/wp-content\/uploads\/2018\/10\/ramilusubov.jpg",620,375,false],"thumbnail":["https:\/\/arantv.az\/wp-content\/uploads\/2018\/10\/ramilusubov-150x150.jpg",150,150,true],"medium":["https:\/\/arantv.az\/wp-content\/uploads\/2018\/10\/ramilusubov-300x181.jpg",300,181,true],"large":["https:\/\/arantv.az\/wp-content\/uploads\/2018\/10\/ramilusubov.jpg",620,375,false],"1536x1536":["https:\/\/arantv.az\/wp-content\/uploads\/2018\/10\/ramilusubov.jpg",620,375,false],"2048x2048":["https:\/\/arantv.az\/wp-content\/uploads\/2018\/10\/ramilusubov.jpg",620,375,false],"post-thumbnail":["https:\/\/arantv.az\/wp-content\/uploads\/2018\/10\/ramilusubov-240x172.jpg",240,172,true],"advps-thumb-one":["https:\/\/arantv.az\/wp-content\/uploads\/2018\/10\/ramilusubov.jpg",620,375,false]},"rttpg_author":{"display_name":"V\u00fcsal Rafiqo\u011flu","author_link":"https:\/\/arantv.az\/?author=2"},"rttpg_comment":0,"rttpg_category":"<a href=\"https:\/\/arantv.az\/?cat=19\" rel=\"category\">G\u00fcnd\u0259m<\/a>","rttpg_excerpt":"Bak\u0131n\u0131n bir ne\u00e7\u0259 polis b\u00f6lm\u0259sind\u0259 yerd\u0259yi\u015fm\u0259l\u0259r qeyd\u0259 al\u0131n\u0131b. ARANTV.AZ-\u0131n m\u0259lumat\u0131na g\u00f6r\u0259, daxili i\u015fl\u0259r naziri, general-polkovnik Ramil Usubov m\u00fcvafiq \u0259mr imzalay\u0131b. \u018fmr\u0259 \u0259sas\u0259n Sabun\u00e7u rayon Polis \u0130dar\u0259sinin (RP\u0130) 13-c\u00fc Polis B\u00f6lm\u0259sinin r\u0259isi \u0130ltimas Yusifli N\u0259simi rayon Polis \u0130dar\u0259sinin 19-cu \u015e\u00f6b\u0259sin\u0259 r\u0259is g\u00f6nd\u0259rilib. Onun yerin\u0259 is\u0259 20-ci B\u00f6lm\u0259nin r\u0259isi Nasir Babayev t\u0259yinat al\u0131b.\u00f6lk\u0259.az","_links":{"self":[{"href":"https:\/\/arantv.az\/index.php?rest_route=\/wp\/v2\/posts\/17233"}],"collection":[{"href":"https:\/\/arantv.az\/index.php?rest_route=\/wp\/v2\/posts"}],"about":[{"href":"https:\/\/arantv.az\/index.php?rest_route=\/wp\/v2\/types\/post"}],"author":[{"embeddable":true,"href":"https:\/\/arantv.az\/index.php?rest_route=\/wp\/v2\/users\/2"}],"replies":[{"embeddable":true,"href":"https:\/\/arantv.az\/index.php?rest_route=%2Fwp%2Fv2%2Fcomments&post=17233"}],"version-history":[{"count":0,"href":"https:\/\/arantv.az\/index.php?rest_route=\/wp\/v2\/posts\/17233\/revisions"}],"wp:featuredmedia":[{"embeddable":true,"href":"https:\/\/arantv.az\/index.php?rest_route=\/wp\/v2\/media\/17234"}],"wp:attachment":[{"href":"https:\/\/arantv.az\/index.php?rest_route=%2Fwp%2Fv2%2Fmedia&parent=17233"}],"wp:term":[{"taxonomy":"category","embeddable":true,"href":"https:\/\/arantv.az\/index.php?rest_route=%2Fwp%2Fv2%2Fcategories&post=17233"},{"taxonomy":"post_tag","embeddable":true,"href":"https:\/\/arantv.az\/index.php?rest_route=%2Fwp%2Fv2%2Ftags&post=17233"}],"curies":[{"name":"wp","href":"https:\/\/api.w.org\/{rel}","templated":true}]}}