{"id":172723,"date":"2020-05-28T16:44:45","date_gmt":"2020-05-28T13:44:45","guid":{"rendered":"http:\/\/arantv.az\/?p=172723"},"modified":"2020-05-28T16:44:45","modified_gmt":"2020-05-28T13:44:45","slug":"italiya-hokum%c9%99ti-ilham-%c9%99liyev-v%c9%99-mehriban-%c9%99liyevaya-t%c9%99s%c9%99kkur-etdi","status":"publish","type":"post","link":"https:\/\/arantv.az\/?p=172723","title":{"rendered":"\u0130taliya h\u00f6kum\u0259ti \u0130lham \u018fliyev v\u0259 Mehriban \u018fliyevaya t\u0259\u015f\u0259kk\u00fcr etdi"},"content":{"rendered":"<div class=\"spot\">\u0130taliyada 28 May &#8211; Respublika G\u00fcn\u00fc m\u00fcnasib\u0259til\u0259 videokonfrans ke\u00e7irilib.<\/div>\n<p><strong>ARANTV.AZ<\/strong> x\u0259b\u0259r verir ki, \u0130taliyan\u0131n Xarici \u0130\u015fl\u0259r v\u0259 Beyn\u0259lxalq \u018fm\u0259kda\u015fl\u0131q Nazirliyinin d\u00f6vl\u0259t katibi, Az\u0259rbaycan-\u0130taliya iqtisadi \u0259m\u0259kda\u015fl\u0131q \u00fczr\u0259 H\u00f6kum\u0259tl\u0259raras\u0131 Komissiyan\u0131n h\u0259ms\u0259dri Manlio Di Stefano \u0130taliya h\u00f6kum\u0259ti ad\u0131ndan Az\u0259rbaycan xalq\u0131n\u0131 Respublika G\u00fcn\u00fc m\u00fcnasib\u0259til\u0259 t\u0259brik edib.<\/p>\n<p>O daha sonra Az\u0259rbaycan Prezidentinin \u0130taliyaya d\u00f6vl\u0259t s\u0259f\u0259rini iki \u00f6lk\u0259 aras\u0131ndak\u0131 m\u00fcnasib\u0259tl\u0259rd\u0259 tarixi m\u0259rh\u0259l\u0259 adland\u0131r\u0131b v\u0259 bu s\u0259f\u0259rin m\u00fcst\u0259sna strateji t\u0259r\u0259fda\u015fl\u0131q xarakteri da\u015f\u0131yan \u0259laq\u0259l\u0259r\u0259 b\u00f6y\u00fck t\u0259kan verdiyini s\u00f6yl\u0259yib. S\u0259f\u0259r vaxt\u0131 \u00e7oxsayl\u0131 s\u0259n\u0259dl\u0259rin, o c\u00fcml\u0259d\u0259n iki \u00f6lk\u0259nin h\u00f6kum\u0259t ba\u015f\u00e7\u0131lar\u0131 aras\u0131nda \u00c7ox\u00f6l\u00e7\u00fcl\u00fc Strateji T\u0259r\u0259fda\u015fl\u0131\u011f\u0131n G\u00fccl\u0259ndirilm\u0259sin\u0259 dair Birg\u0259 B\u0259yannam\u0259nin imzaland\u0131\u011f\u0131n\u0131, haz\u0131rda pandemiyadan ir\u0259li g\u0259l\u0259n \u00e7\u0259tinlikl\u0259r\u0259 baxmayaraq, iki \u00f6lk\u0259 aras\u0131nda siyasi, iqtisadi, elm, t\u0259hsil v\u0259 m\u0259d\u0259niyy\u0259t sah\u0259l\u0259rind\u0259 \u0259m\u0259kda\u015fl\u0131\u011f\u0131n daha da d\u0259rinl\u0259\u015f\u0259c\u0259yin\u0259 nikbinlikl\u0259 baxd\u0131\u011f\u0131n\u0131 v\u0259 Prezident \u0130lham \u018fliyevin s\u0259f\u0259ri vaxt\u0131 bu m\u00f6vzularda apar\u0131m\u0131\u015f geni\u015f v\u0259 \u00e7ox maraql\u0131 m\u00fczakir\u0259l\u0259rd\u0259 \u015f\u0259xs\u0259n i\u015ftirak etdiyini bildirib.<\/p>\n<p>M\u00fcnasib\u0259tl\u0259rd\u0259 iqtisadi sektorun \u0259h\u0259miyy\u0259tini vur\u011fulayan d\u00f6vl\u0259t katibi \u0130taliyan\u0131n uzun ill\u0259rdir Az\u0259rbaycan\u0131n \u0259n b\u00f6y\u00fck ticar\u0259t t\u0259r\u0259fda\u015f\u0131 oldu\u011funu, x\u00fcsusil\u0259 d\u0259 enerji sektorunda g\u00fccl\u00fc \u0259m\u0259kda\u015fl\u0131\u011f\u0131n oldu\u011funu, TAP layih\u0259sinin istisamara verilm\u0259si il\u0259 bu \u0259m\u0259kda\u015fl\u0131\u011f\u0131n daha da d\u0259rinl\u0259\u015f\u0259c\u0259yini, iqtisadiyyat\u0131n dig\u0259r sah\u0259l\u0259rind\u0259 m\u00f6vcud olan geni\u015f imkanlardan faydalanma\u011f\u0131n \u0259h\u0259miyy\u0259tini bildirib. \u0130ki \u00f6lk\u0259 aras\u0131nda humanitar sah\u0259l\u0259rd\u0259 d\u0259 geni\u015f \u0259m\u0259kda\u015fl\u0131\u011f\u0131n m\u00f6vcud oldu\u011funu, m\u0259d\u0259niyy\u0259t, universitetl\u0259raras\u0131, elm v\u0259 texnologiyalar sah\u0259l\u0259rind\u0259 \u00e7oxsayl\u0131 m\u00fcbadil\u0259l\u0259rin h\u0259yata ke\u00e7iridiyini, 2020-ci ild\u0259 \u0130taliyada Az\u0259rbaycan M\u0259d\u0259niyy\u0259t \u0130linin elan olundu\u011funu v\u0259 epidemioloji v\u0259ziyy\u0259tin d\u00fcz\u0259lm\u0259si il\u0259 \u0130taliyada Az\u0259rbaycan m\u0259d\u0259niyy\u0259tin\u0259 h\u0259sr olunmu\u015f t\u0259dbirl\u0259rin davam ed\u0259c\u0259yin\u0259 b\u00f6y\u00fck \u00fcmidl\u0259r b\u0259sl\u0259dyini v\u0259 bu t\u0259dbirl\u0259rin iki \u00f6lk\u0259 aras\u0131nda yax\u0131n dostluq \u0259laq\u0259l\u0259rini daha da d\u0259rinl\u0259\u015fdir\u0259c\u0259yin\u0259 \u0259minliyini bildirib.<\/p>\n<p>Manlio Di Stefano \u00e7\u0131x\u0131\u015f\u0131n\u0131n sonunda bu imkandan istifad\u0259 ed\u0259r\u0259k \u0130taliyada \u00e7ox a\u011f\u0131r epidemioloji v\u0259ziyy\u0259td\u0259 Az\u0259rbaycan\u0131n \u0130taliyaya g\u00f6st\u0259rdiyi yard\u0131ma v\u0259 yax\u0131nl\u0131q v\u0259 h\u0259mr\u0259yliyin t\u0259c\u0259ss\u00fcm\u00fc olan dig\u0259r t\u0259\u015f\u0259bb\u00fcsl\u0259r\u0259 g\u00f6r\u0259 Az\u0259rbaycan h\u00f6kum\u0259tin\u0259, \u015f\u0259xs\u0259n Prezident \u0130lham \u018fliyev\u0259 v\u0259 Birinci vitse-prezident Mehriban \u018fliyevaya d\u0259rin t\u0259\u015f\u0259kk\u00fcr\u00fcn\u00fc bildirib, ba\u015f nazir C\u00fczeppe Konte, xarici i\u015fl\u0259r naziri Luici Di Maio v\u0259 \u00f6z\u00fcn\u00fcn d\u0259 d\u0259f\u0259l\u0259rl\u0259 dediyi kimi b\u00fct\u00fcn bunlar\u0131 he\u00e7 zaman unutmayacaqlar\u0131n\u0131 v\u0259 g\u00f6st\u0259ril\u0259n bu d\u0259st\u0259yin iki \u00f6lk\u0259 aras\u0131nda daha da g\u00fccl\u0259n\u0259c\u0259k d\u0259rin m\u00fcnasib\u0259tl\u0259rin g\u00f6st\u0259ricisi oldu\u011funu deyib.<\/p>\n<p>D\u00f6vl\u0259t katibi Az\u0259rbaycan v\u0259 Avropa Birliyi aras\u0131nda yeni t\u0259r\u0259fda\u015fl\u0131q sazi\u015finin tezlikl\u0259 imzalanmas\u0131nda \u0130taliyan\u0131n b\u00fct\u00fcn laz\u0131mi d\u0259st\u0259k verm\u0259y\u0259 haz\u0131r oldu\u011funu bildirib.&#8221;\u00d6lk\u0259.Az&#8221;<\/p>\n","protected":false},"excerpt":{"rendered":"<p>\u0130taliyada 28 May &#8211; Respublika G\u00fcn\u00fc m\u00fcnasib\u0259til\u0259 videokonfrans ke\u00e7irilib. ARANTV.AZ x\u0259b\u0259r verir ki, \u0130taliyan\u0131n Xarici \u0130\u015fl\u0259r v\u0259 Beyn\u0259lxalq \u018fm\u0259kda\u015fl\u0131q Nazirliyinin d\u00f6vl\u0259t katibi, Az\u0259rbaycan-\u0130taliya iqtisadi \u0259m\u0259kda\u015fl\u0131q \u00fczr\u0259 H\u00f6kum\u0259tl\u0259raras\u0131 Komissiyan\u0131n h\u0259ms\u0259dri Manlio Di Stefano \u0130taliya h\u00f6kum\u0259ti ad\u0131ndan Az\u0259rbaycan xalq\u0131n\u0131 Respublika G\u00fcn\u00fc m\u00fcnasib\u0259til\u0259 t\u0259brik edib. O daha sonra Az\u0259rbaycan Prezidentinin \u0130taliyaya d\u00f6vl\u0259t s\u0259f\u0259rini iki \u00f6lk\u0259 aras\u0131ndak\u0131 m\u00fcnasib\u0259tl\u0259rd\u0259 tarixi m\u0259rh\u0259l\u0259 adland\u0131r\u0131b v\u0259 bu s\u0259f\u0259rin m\u00fcst\u0259sna strateji t\u0259r\u0259fda\u015fl\u0131q xarakteri da\u015f\u0131yan \u0259laq\u0259l\u0259r\u0259 b\u00f6y\u00fck t\u0259kan verdiyini s\u00f6yl\u0259yib. S\u0259f\u0259r vaxt\u0131 \u00e7oxsayl\u0131 s\u0259n\u0259dl\u0259rin, o c\u00fcml\u0259d\u0259n iki \u00f6lk\u0259nin h\u00f6kum\u0259t ba\u015f\u00e7\u0131lar\u0131 aras\u0131nda \u00c7ox\u00f6l\u00e7\u00fcl\u00fc Strateji T\u0259r\u0259fda\u015fl\u0131\u011f\u0131n G\u00fccl\u0259ndirilm\u0259sin\u0259 dair Birg\u0259 B\u0259yannam\u0259nin imzaland\u0131\u011f\u0131n\u0131, haz\u0131rda&hellip;<\/p>\n","protected":false},"author":2,"featured_media":172724,"comment_status":"closed","ping_status":"closed","sticky":false,"template":"","format":"standard","meta":{"om_disable_all_campaigns":false,"_monsterinsights_skip_tracking":false,"_monsterinsights_sitenote_active":false,"_monsterinsights_sitenote_note":"","_monsterinsights_sitenote_category":0},"categories":[4],"tags":[],"aioseo_notices":[],"gutentor_comment":0,"rttpg_featured_image_url":{"full":["https:\/\/arantv.az\/wp-content\/uploads\/2020\/05\/68cce165-7f4f-472e-bbc3-47bdc63f0c02.jpg",2560,1736,false],"landscape":["https:\/\/arantv.az\/wp-content\/uploads\/2020\/05\/68cce165-7f4f-472e-bbc3-47bdc63f0c02.jpg",2560,1736,false],"portraits":["https:\/\/arantv.az\/wp-content\/uploads\/2020\/05\/68cce165-7f4f-472e-bbc3-47bdc63f0c02.jpg",2560,1736,false],"thumbnail":["https:\/\/arantv.az\/wp-content\/uploads\/2020\/05\/68cce165-7f4f-472e-bbc3-47bdc63f0c02-150x150.jpg",150,150,true],"medium":["https:\/\/arantv.az\/wp-content\/uploads\/2020\/05\/68cce165-7f4f-472e-bbc3-47bdc63f0c02-300x203.jpg",300,203,true],"large":["https:\/\/arantv.az\/wp-content\/uploads\/2020\/05\/68cce165-7f4f-472e-bbc3-47bdc63f0c02-1024x694.jpg",640,434,true],"1536x1536":["https:\/\/arantv.az\/wp-content\/uploads\/2020\/05\/68cce165-7f4f-472e-bbc3-47bdc63f0c02.jpg",1536,1042,false],"2048x2048":["https:\/\/arantv.az\/wp-content\/uploads\/2020\/05\/68cce165-7f4f-472e-bbc3-47bdc63f0c02.jpg",2048,1389,false],"post-thumbnail":["https:\/\/arantv.az\/wp-content\/uploads\/2020\/05\/68cce165-7f4f-472e-bbc3-47bdc63f0c02-240x172.jpg",240,172,true],"advps-thumb-one":["https:\/\/arantv.az\/wp-content\/uploads\/2020\/05\/68cce165-7f4f-472e-bbc3-47bdc63f0c02-1200x620.jpg",1200,620,true]},"rttpg_author":{"display_name":"V\u00fcsal Rafiqo\u011flu","author_link":"https:\/\/arantv.az\/?author=2"},"rttpg_comment":0,"rttpg_category":"<a href=\"https:\/\/arantv.az\/?cat=4\" rel=\"category\">Siyas\u0259t<\/a>","rttpg_excerpt":"\u0130taliyada 28 May &#8211; Respublika G\u00fcn\u00fc m\u00fcnasib\u0259til\u0259 videokonfrans ke\u00e7irilib. ARANTV.AZ x\u0259b\u0259r verir ki, \u0130taliyan\u0131n Xarici \u0130\u015fl\u0259r v\u0259 Beyn\u0259lxalq \u018fm\u0259kda\u015fl\u0131q Nazirliyinin d\u00f6vl\u0259t katibi, Az\u0259rbaycan-\u0130taliya iqtisadi \u0259m\u0259kda\u015fl\u0131q \u00fczr\u0259 H\u00f6kum\u0259tl\u0259raras\u0131 Komissiyan\u0131n h\u0259ms\u0259dri Manlio Di Stefano \u0130taliya h\u00f6kum\u0259ti ad\u0131ndan Az\u0259rbaycan xalq\u0131n\u0131 Respublika G\u00fcn\u00fc m\u00fcnasib\u0259til\u0259 t\u0259brik edib. O daha sonra Az\u0259rbaycan Prezidentinin \u0130taliyaya d\u00f6vl\u0259t s\u0259f\u0259rini iki \u00f6lk\u0259 aras\u0131ndak\u0131 m\u00fcnasib\u0259tl\u0259rd\u0259 tarixi&hellip;","_links":{"self":[{"href":"https:\/\/arantv.az\/index.php?rest_route=\/wp\/v2\/posts\/172723"}],"collection":[{"href":"https:\/\/arantv.az\/index.php?rest_route=\/wp\/v2\/posts"}],"about":[{"href":"https:\/\/arantv.az\/index.php?rest_route=\/wp\/v2\/types\/post"}],"author":[{"embeddable":true,"href":"https:\/\/arantv.az\/index.php?rest_route=\/wp\/v2\/users\/2"}],"replies":[{"embeddable":true,"href":"https:\/\/arantv.az\/index.php?rest_route=%2Fwp%2Fv2%2Fcomments&post=172723"}],"version-history":[{"count":0,"href":"https:\/\/arantv.az\/index.php?rest_route=\/wp\/v2\/posts\/172723\/revisions"}],"wp:featuredmedia":[{"embeddable":true,"href":"https:\/\/arantv.az\/index.php?rest_route=\/wp\/v2\/media\/172724"}],"wp:attachment":[{"href":"https:\/\/arantv.az\/index.php?rest_route=%2Fwp%2Fv2%2Fmedia&parent=172723"}],"wp:term":[{"taxonomy":"category","embeddable":true,"href":"https:\/\/arantv.az\/index.php?rest_route=%2Fwp%2Fv2%2Fcategories&post=172723"},{"taxonomy":"post_tag","embeddable":true,"href":"https:\/\/arantv.az\/index.php?rest_route=%2Fwp%2Fv2%2Ftags&post=172723"}],"curies":[{"name":"wp","href":"https:\/\/api.w.org\/{rel}","templated":true}]}}