{"id":17273,"date":"2018-10-05T16:20:27","date_gmt":"2018-10-05T13:20:27","guid":{"rendered":"http:\/\/arantv.az\/?p=17273"},"modified":"2018-10-05T16:20:27","modified_gmt":"2018-10-05T13:20:27","slug":"cingiz-q%c9%99nizad%c9%99-zatulinin-fikirl%c9%99rini-rusiyanin-movqeyi-kimi-q%c9%99bul-ed%c9%99-bilm%c9%99rik","status":"publish","type":"post","link":"https:\/\/arantv.az\/?p=17273","title":{"rendered":"\u00c7ingiz Q\u0259nizad\u0259: &#8220;Zatulinin fikirl\u0259rini Rusiyan\u0131n m\u00f6vqeyi kimi q\u0259bul ed\u0259 bilm\u0259rik&#8221;"},"content":{"rendered":"<p><strong>Rusiya federasiyas\u0131n\u0131n D\u00f6vl\u0259t Dumas\u0131n\u0131n MDB i\u015fl\u0259ri v\u0259 h\u0259mv\u0259t\u0259nl\u0259rl\u0259 \u0259laq\u0259l\u0259r \u00fczr\u0259 komit\u0259sinin s\u0259dr m\u00fcavini Konstantin Zatulinin fikirl\u0259rini Rusiyan\u0131n m\u00f6vqeyi kimi q\u0259bul ed\u0259 bilm\u0259rik.<\/strong><\/p>\n<p><b>ARANTV.AZ\u00a0<\/b>x\u0259b\u0259r verir ki, bu s\u00f6zl\u0259ri mill\u0259t v\u0259kili \u00c7ingiz Q\u0259nizad\u0259 Milli M\u0259clisd\u0259 \u00e7\u0131x\u0131\u015f\u0131 zaman\u0131 K.Zatulinin Az\u0259rbaycan \u0259leyhin\u0259 n\u00f6vb\u0259ti aqressiv a\u00e7\u0131qlamas\u0131na m\u00fcnasib\u0259t bildir\u0259rk\u0259n deyib.<\/p>\n<p>Mill\u0259t v\u0259kili bildirib ki, komit\u0259 r\u0259hb\u0259rilyind\u0259 olan \u015f\u0259xsin bel\u0259 bir m\u00f6vqeyi q\u0259bulolunmazd\u0131r.<\/p>\n<div id=\"AdributorNativeVideo0\" class=\"AdributorNativeVideo\"><\/div>\n<p>\u201cT\u0259bii ki, biz onun fikirl\u0259rini Rusiyan\u0131n m\u00f6vqeyi kimi q\u0259bul ed\u0259 bilm\u0259rik. Zatulin iddia edib ki, \u0259g\u0259r Da\u011fl\u0131q Qaraba\u011fda m\u00fcharib\u0259 ba\u015flasa, bu, Az\u0259rbaycan\u0131n da\u011f\u0131lmas\u0131 il\u0259 n\u0259tic\u0259l\u0259n\u0259 bil\u0259r. Daha sonra iddia edir ki, Az\u0259rbaycan\u0131n siyas\u0259ti s\u0259n\u0259dl\u0259rd\u0259n f\u0259rqli olaraq ba\u015fqa c\u00fcrd\u00fcr. O, bir h\u0259mkar\u0131m\u0131z\u0131n \u00f6z\u00fcn\u0259m\u0259xsus fikirl\u0259rini \u0259sas g\u00f6t\u00fcr\u00fcb, bunu Az\u0259rbaycan d\u00f6vl\u0259tinin siyas\u0259ti kimi t\u0259qdim etm\u0259y\u0259 \u00e7al\u0131\u015f\u0131b. T\u0259bii ki, biz bunu q\u0259tiyy\u0259tl\u0259 pisl\u0259yirik\u201d.<\/p>\n<p>\u00c7.Q\u0259nizad\u0259 daha sonra Zatulinin erm\u0259nil\u0259r\u0259 ba\u011fl\u0131 olmas\u0131na diqq\u0259t \u00e7\u0259kib: \u201cZatulin Da\u011fl\u0131q Qaraba\u011fda qondarma parlament se\u00e7kil\u0259ri ke\u00e7iril\u0259rk\u0259n qanunsuz olaraq Da\u011fl\u0131q Qaraba\u011fa s\u0259f\u0259r edib v\u0259 Az\u0259rbaycan X\u0130N t\u0259r\u0259find\u0259n arzuolunmaz \u015f\u0259xsl\u0259r s\u0131ras\u0131na sal\u0131n\u0131b. \u00dcst\u0259lik, o, Batumid\u0259 anadan olub v\u0259 orada acarlarla b\u0259rab\u0259r, erm\u0259nil\u0259r d\u0259 ya\u015fay\u0131r\u201d.publika.az<\/p>\n","protected":false},"excerpt":{"rendered":"<p>Rusiya federasiyas\u0131n\u0131n D\u00f6vl\u0259t Dumas\u0131n\u0131n MDB i\u015fl\u0259ri v\u0259 h\u0259mv\u0259t\u0259nl\u0259rl\u0259 \u0259laq\u0259l\u0259r \u00fczr\u0259 komit\u0259sinin s\u0259dr m\u00fcavini Konstantin Zatulinin fikirl\u0259rini Rusiyan\u0131n m\u00f6vqeyi kimi q\u0259bul ed\u0259 bilm\u0259rik. ARANTV.AZ\u00a0x\u0259b\u0259r verir ki, bu s\u00f6zl\u0259ri mill\u0259t v\u0259kili \u00c7ingiz Q\u0259nizad\u0259 Milli M\u0259clisd\u0259 \u00e7\u0131x\u0131\u015f\u0131 zaman\u0131 K.Zatulinin Az\u0259rbaycan \u0259leyhin\u0259 n\u00f6vb\u0259ti aqressiv a\u00e7\u0131qlamas\u0131na m\u00fcnasib\u0259t bildir\u0259rk\u0259n deyib. Mill\u0259t v\u0259kili bildirib ki, komit\u0259 r\u0259hb\u0259rilyind\u0259 olan \u015f\u0259xsin bel\u0259 bir m\u00f6vqeyi q\u0259bulolunmazd\u0131r. \u201cT\u0259bii ki, biz onun fikirl\u0259rini Rusiyan\u0131n m\u00f6vqeyi kimi q\u0259bul ed\u0259 bilm\u0259rik. Zatulin iddia edib ki, \u0259g\u0259r Da\u011fl\u0131q Qaraba\u011fda m\u00fcharib\u0259 ba\u015flasa, bu, Az\u0259rbaycan\u0131n da\u011f\u0131lmas\u0131 il\u0259 n\u0259tic\u0259l\u0259n\u0259 bil\u0259r. Daha sonra iddia edir ki, Az\u0259rbaycan\u0131n siyas\u0259ti s\u0259n\u0259dl\u0259rd\u0259n&hellip;<\/p>\n","protected":false},"author":2,"featured_media":17274,"comment_status":"closed","ping_status":"closed","sticky":false,"template":"","format":"standard","meta":{"om_disable_all_campaigns":false,"_monsterinsights_skip_tracking":false,"_monsterinsights_sitenote_active":false,"_monsterinsights_sitenote_note":"","_monsterinsights_sitenote_category":0},"categories":[4],"tags":[],"aioseo_notices":[],"gutentor_comment":0,"rttpg_featured_image_url":{"full":["https:\/\/arantv.az\/wp-content\/uploads\/2018\/10\/cingiz-qenizade-brifinq-17.jpg",800,450,false],"landscape":["https:\/\/arantv.az\/wp-content\/uploads\/2018\/10\/cingiz-qenizade-brifinq-17.jpg",800,450,false],"portraits":["https:\/\/arantv.az\/wp-content\/uploads\/2018\/10\/cingiz-qenizade-brifinq-17.jpg",800,450,false],"thumbnail":["https:\/\/arantv.az\/wp-content\/uploads\/2018\/10\/cingiz-qenizade-brifinq-17-150x150.jpg",150,150,true],"medium":["https:\/\/arantv.az\/wp-content\/uploads\/2018\/10\/cingiz-qenizade-brifinq-17-300x169.jpg",300,169,true],"large":["https:\/\/arantv.az\/wp-content\/uploads\/2018\/10\/cingiz-qenizade-brifinq-17.jpg",640,360,false],"1536x1536":["https:\/\/arantv.az\/wp-content\/uploads\/2018\/10\/cingiz-qenizade-brifinq-17.jpg",800,450,false],"2048x2048":["https:\/\/arantv.az\/wp-content\/uploads\/2018\/10\/cingiz-qenizade-brifinq-17.jpg",800,450,false],"post-thumbnail":["https:\/\/arantv.az\/wp-content\/uploads\/2018\/10\/cingiz-qenizade-brifinq-17-240x172.jpg",240,172,true],"advps-thumb-one":["https:\/\/arantv.az\/wp-content\/uploads\/2018\/10\/cingiz-qenizade-brifinq-17.jpg",800,450,false]},"rttpg_author":{"display_name":"V\u00fcsal Rafiqo\u011flu","author_link":"https:\/\/arantv.az\/?author=2"},"rttpg_comment":0,"rttpg_category":"<a href=\"https:\/\/arantv.az\/?cat=4\" rel=\"category\">Siyas\u0259t<\/a>","rttpg_excerpt":"Rusiya federasiyas\u0131n\u0131n D\u00f6vl\u0259t Dumas\u0131n\u0131n MDB i\u015fl\u0259ri v\u0259 h\u0259mv\u0259t\u0259nl\u0259rl\u0259 \u0259laq\u0259l\u0259r \u00fczr\u0259 komit\u0259sinin s\u0259dr m\u00fcavini Konstantin Zatulinin fikirl\u0259rini Rusiyan\u0131n m\u00f6vqeyi kimi q\u0259bul ed\u0259 bilm\u0259rik. ARANTV.AZ\u00a0x\u0259b\u0259r verir ki, bu s\u00f6zl\u0259ri mill\u0259t v\u0259kili \u00c7ingiz Q\u0259nizad\u0259 Milli M\u0259clisd\u0259 \u00e7\u0131x\u0131\u015f\u0131 zaman\u0131 K.Zatulinin Az\u0259rbaycan \u0259leyhin\u0259 n\u00f6vb\u0259ti aqressiv a\u00e7\u0131qlamas\u0131na m\u00fcnasib\u0259t bildir\u0259rk\u0259n deyib. Mill\u0259t v\u0259kili bildirib ki, komit\u0259 r\u0259hb\u0259rilyind\u0259 olan \u015f\u0259xsin bel\u0259 bir m\u00f6vqeyi&hellip;","_links":{"self":[{"href":"https:\/\/arantv.az\/index.php?rest_route=\/wp\/v2\/posts\/17273"}],"collection":[{"href":"https:\/\/arantv.az\/index.php?rest_route=\/wp\/v2\/posts"}],"about":[{"href":"https:\/\/arantv.az\/index.php?rest_route=\/wp\/v2\/types\/post"}],"author":[{"embeddable":true,"href":"https:\/\/arantv.az\/index.php?rest_route=\/wp\/v2\/users\/2"}],"replies":[{"embeddable":true,"href":"https:\/\/arantv.az\/index.php?rest_route=%2Fwp%2Fv2%2Fcomments&post=17273"}],"version-history":[{"count":0,"href":"https:\/\/arantv.az\/index.php?rest_route=\/wp\/v2\/posts\/17273\/revisions"}],"wp:featuredmedia":[{"embeddable":true,"href":"https:\/\/arantv.az\/index.php?rest_route=\/wp\/v2\/media\/17274"}],"wp:attachment":[{"href":"https:\/\/arantv.az\/index.php?rest_route=%2Fwp%2Fv2%2Fmedia&parent=17273"}],"wp:term":[{"taxonomy":"category","embeddable":true,"href":"https:\/\/arantv.az\/index.php?rest_route=%2Fwp%2Fv2%2Fcategories&post=17273"},{"taxonomy":"post_tag","embeddable":true,"href":"https:\/\/arantv.az\/index.php?rest_route=%2Fwp%2Fv2%2Ftags&post=17273"}],"curies":[{"name":"wp","href":"https:\/\/api.w.org\/{rel}","templated":true}]}}