{"id":172741,"date":"2020-05-28T21:00:47","date_gmt":"2020-05-28T18:00:47","guid":{"rendered":"http:\/\/arantv.az\/?p=172741"},"modified":"2020-05-28T21:00:47","modified_gmt":"2020-05-28T18:00:47","slug":"turkiy%c9%99-m%c9%99tbuati-az%c9%99rbaycanin-respublika-gunun%c9%99-h%c9%99sr-olunmus-sujet-hazirlayib-video","status":"publish","type":"post","link":"https:\/\/arantv.az\/?p=172741","title":{"rendered":"T\u00fcrkiy\u0259 m\u0259tbuat\u0131 Az\u0259rbaycan\u0131n Respublika G\u00fcn\u00fcn\u0259 h\u0259sr olunmu\u015f s\u00fcjet haz\u0131rlay\u0131b &#8211; V\u0130DEO"},"content":{"rendered":"<article class=\"news\">\n<div class=\"news-inner\">\n<p>Bu g\u00fcn Az\u0259rbaycanda Respublika G\u00fcn\u00fc qeyd olunur.<\/p>\n<p>Bu m\u00fcnasib\u0259tl\u0259 h\u0259m yerli, h\u0259m d\u0259 xarici media\u00a0\u00f6lk\u0259mizin \u015fanl\u0131 tarixin\u0259 h\u0259sr olunmu\u015f s\u00fcjetl\u0259r, reportajlar haz\u0131rlay\u0131blar.<\/p>\n<p>Qarda\u015f T\u00fcrkiy\u0259nin &#8220;HaberGlobal&#8221; telekanal\u0131 da istisna deyil. Telekanal\u0131n C\u00fcmhuriyy\u0259tin 102 illiyin\u0259 h\u0259sr olunmu\u015f s\u00fcjetind\u0259 Az\u0259rbaycan xalq\u0131n\u0131n m\u00fcs\u0259lman \u015e\u0259rqind\u0259 ilk demokratik respublika yaratd\u0131\u011f\u0131 qeyd edilib.<\/p>\n<div>S\u00f6z\u00fcged\u0259n s\u00fcjeti t\u0259qdim edirik.<\/div>\n<div>\n<div><iframe loading=\"lazy\" src=\"https:\/\/player.baku.tv\/embed\/19392\" width=\"560\" height=\"315\" frameborder=\"0\" allowfullscreen=\"allowfullscreen\" data-mce-fragment=\"1\"><\/iframe><\/div>\n<\/div>\n<\/div>\n<\/article>\n<h2 class=\"news-share-title\"><\/h2>\n","protected":false},"excerpt":{"rendered":"<p>Bu g\u00fcn Az\u0259rbaycanda Respublika G\u00fcn\u00fc qeyd olunur. Bu m\u00fcnasib\u0259tl\u0259 h\u0259m yerli, h\u0259m d\u0259 xarici media\u00a0\u00f6lk\u0259mizin \u015fanl\u0131 tarixin\u0259 h\u0259sr olunmu\u015f s\u00fcjetl\u0259r, reportajlar haz\u0131rlay\u0131blar. Qarda\u015f T\u00fcrkiy\u0259nin &#8220;HaberGlobal&#8221; telekanal\u0131 da istisna deyil. Telekanal\u0131n C\u00fcmhuriyy\u0259tin 102 illiyin\u0259 h\u0259sr olunmu\u015f s\u00fcjetind\u0259 Az\u0259rbaycan xalq\u0131n\u0131n m\u00fcs\u0259lman \u015e\u0259rqind\u0259 ilk demokratik respublika yaratd\u0131\u011f\u0131 qeyd edilib. S\u00f6z\u00fcged\u0259n s\u00fcjeti t\u0259qdim edirik.<\/p>\n","protected":false},"author":2,"featured_media":172745,"comment_status":"closed","ping_status":"closed","sticky":false,"template":"","format":"standard","meta":{"om_disable_all_campaigns":false,"_monsterinsights_skip_tracking":false,"_monsterinsights_sitenote_active":false,"_monsterinsights_sitenote_note":"","_monsterinsights_sitenote_category":0},"categories":[19],"tags":[],"aioseo_notices":[],"gutentor_comment":0,"rttpg_featured_image_url":{"full":["https:\/\/arantv.az\/wp-content\/uploads\/2020\/05\/101038995_591179408189564_908140344766365696_n.jpg",620,349,false],"landscape":["https:\/\/arantv.az\/wp-content\/uploads\/2020\/05\/101038995_591179408189564_908140344766365696_n.jpg",620,349,false],"portraits":["https:\/\/arantv.az\/wp-content\/uploads\/2020\/05\/101038995_591179408189564_908140344766365696_n.jpg",620,349,false],"thumbnail":["https:\/\/arantv.az\/wp-content\/uploads\/2020\/05\/101038995_591179408189564_908140344766365696_n-150x150.jpg",150,150,true],"medium":["https:\/\/arantv.az\/wp-content\/uploads\/2020\/05\/101038995_591179408189564_908140344766365696_n-300x169.jpg",300,169,true],"large":["https:\/\/arantv.az\/wp-content\/uploads\/2020\/05\/101038995_591179408189564_908140344766365696_n.jpg",620,349,false],"1536x1536":["https:\/\/arantv.az\/wp-content\/uploads\/2020\/05\/101038995_591179408189564_908140344766365696_n.jpg",620,349,false],"2048x2048":["https:\/\/arantv.az\/wp-content\/uploads\/2020\/05\/101038995_591179408189564_908140344766365696_n.jpg",620,349,false],"post-thumbnail":["https:\/\/arantv.az\/wp-content\/uploads\/2020\/05\/101038995_591179408189564_908140344766365696_n-240x172.jpg",240,172,true],"advps-thumb-one":["https:\/\/arantv.az\/wp-content\/uploads\/2020\/05\/101038995_591179408189564_908140344766365696_n.jpg",620,349,false]},"rttpg_author":{"display_name":"V\u00fcsal Rafiqo\u011flu","author_link":"https:\/\/arantv.az\/?author=2"},"rttpg_comment":0,"rttpg_category":"<a href=\"https:\/\/arantv.az\/?cat=19\" rel=\"category\">G\u00fcnd\u0259m<\/a>","rttpg_excerpt":"Bu g\u00fcn Az\u0259rbaycanda Respublika G\u00fcn\u00fc qeyd olunur. Bu m\u00fcnasib\u0259tl\u0259 h\u0259m yerli, h\u0259m d\u0259 xarici media\u00a0\u00f6lk\u0259mizin \u015fanl\u0131 tarixin\u0259 h\u0259sr olunmu\u015f s\u00fcjetl\u0259r, reportajlar haz\u0131rlay\u0131blar. Qarda\u015f T\u00fcrkiy\u0259nin &#8220;HaberGlobal&#8221; telekanal\u0131 da istisna deyil. Telekanal\u0131n C\u00fcmhuriyy\u0259tin 102 illiyin\u0259 h\u0259sr olunmu\u015f s\u00fcjetind\u0259 Az\u0259rbaycan xalq\u0131n\u0131n m\u00fcs\u0259lman \u015e\u0259rqind\u0259 ilk demokratik respublika yaratd\u0131\u011f\u0131 qeyd edilib. S\u00f6z\u00fcged\u0259n s\u00fcjeti t\u0259qdim edirik.","_links":{"self":[{"href":"https:\/\/arantv.az\/index.php?rest_route=\/wp\/v2\/posts\/172741"}],"collection":[{"href":"https:\/\/arantv.az\/index.php?rest_route=\/wp\/v2\/posts"}],"about":[{"href":"https:\/\/arantv.az\/index.php?rest_route=\/wp\/v2\/types\/post"}],"author":[{"embeddable":true,"href":"https:\/\/arantv.az\/index.php?rest_route=\/wp\/v2\/users\/2"}],"replies":[{"embeddable":true,"href":"https:\/\/arantv.az\/index.php?rest_route=%2Fwp%2Fv2%2Fcomments&post=172741"}],"version-history":[{"count":0,"href":"https:\/\/arantv.az\/index.php?rest_route=\/wp\/v2\/posts\/172741\/revisions"}],"wp:featuredmedia":[{"embeddable":true,"href":"https:\/\/arantv.az\/index.php?rest_route=\/wp\/v2\/media\/172745"}],"wp:attachment":[{"href":"https:\/\/arantv.az\/index.php?rest_route=%2Fwp%2Fv2%2Fmedia&parent=172741"}],"wp:term":[{"taxonomy":"category","embeddable":true,"href":"https:\/\/arantv.az\/index.php?rest_route=%2Fwp%2Fv2%2Fcategories&post=172741"},{"taxonomy":"post_tag","embeddable":true,"href":"https:\/\/arantv.az\/index.php?rest_route=%2Fwp%2Fv2%2Ftags&post=172741"}],"curies":[{"name":"wp","href":"https:\/\/api.w.org\/{rel}","templated":true}]}}