{"id":172781,"date":"2020-05-29T07:57:30","date_gmt":"2020-05-29T04:57:30","guid":{"rendered":"http:\/\/arantv.az\/?p=172781"},"modified":"2020-05-29T07:57:30","modified_gmt":"2020-05-29T04:57:30","slug":"az%c9%99rbaycanda-bal-istehsali-artib","status":"publish","type":"post","link":"https:\/\/arantv.az\/?p=172781","title":{"rendered":"Az\u0259rbaycanda bal istehsal\u0131 art\u0131b"},"content":{"rendered":"<p>Az\u0259rbaycanda x\u00fcsusi karantin rejimi d\u00f6vr\u00fcnd\u0259 ar\u0131\u00e7\u0131l\u0131q m\u0259hsullar\u0131n\u0131n sat\u0131\u015f\u0131 \u00e7oxal\u0131b.<\/p>\n<p><strong>ARANTV.AZ<\/strong> bildirir ki, bunu\u00a0<a href=\"http:\/\/az.trend.az\/\" target=\"_blank\" rel=\"noopener\">Trend<\/a>-\u0259 Az\u0259rbaycan Ar\u0131\u00e7\u0131lar Assosiasiyas\u0131n\u0131n s\u0259dri B\u0259dr\u0259ddin H\u0259sr\u0259tov deyib.<\/p>\n<p>O bildirib ki, daxili bazarda sat\u0131\u015flar\u0131 \u00f6t\u0259n ilin eyni d\u00f6vr\u00fc il\u0259 m\u00fcqayis\u0259d\u0259 20 faiz art\u0131b.<\/p>\n<p>Onun s\u00f6zl\u0259rin\u0259 g\u00f6r\u0259, Az\u0259rbaycanda kifay\u0259t q\u0259d\u0259r bal ehtiyat\u0131 olmas\u0131na baxmayaraq \u00f6lk\u0259y\u0259 bal idxal\u0131 da art\u0131b:<\/p>\n<p>&#8220;Bu fonda xarici istehsal\u00e7\u0131larla r\u0259qab\u0259t art\u0131r v\u0259 daxili bazarda yerli istehsal olan bal\u0131n sat\u0131\u015f\u0131 azal\u0131r. \u00d6t\u0259n il \u0130ran v\u0259 Ukraynadan b\u00f6y\u00fck h\u0259cmd\u0259 ucuz g\u00fcn\u0259baxan bal\u0131 idxal olunub&#8221;.<\/p>\n<p>B.H\u0259sr\u0259tov qeyd edib ki, 2019-cu ild\u0259 Az\u0259rbaycanda sat\u0131\u015f \u00fc\u00e7\u00fcn 6 min ton bal istehsal olunub, \u0259halinin t\u0259l\u0259bat\u0131 is\u0259, hesablamalara \u0259sas\u0259n 5 min ton t\u0259\u015fkil edib: &#8220;Bu, onu ifad\u0259 edir ki, \u00f6lk\u0259d\u0259 t\u0259l\u0259bat\u0131n t\u0259min olunmas\u0131 \u00fc\u00e7\u00fcn kifay\u0259t q\u0259d\u0259r bal ehtiyat\u0131 var v\u0259 idxala z\u0259rur\u0259t yoxdur&#8221;.<\/p>\n<p>Assosiasiya s\u0259dri \u0259lav\u0259 edib ki, iki il \u0259vv\u0259l Az\u0259rbaycanda ar\u0131 ail\u0259si 200 min idis\u0259, bu il ar\u0131 ail\u0259l\u0259rinin say\u0131 500 min\u0259 \u00e7at\u0131b:<\/p>\n<p>&#8220;M\u0259hsuldarl\u0131q da \u00e7oxal\u0131b, \u0259g\u0259r \u0259vv\u0259ll\u0259r bir ar\u0131 p\u0259t\u0259yind\u0259n 10 kiloqram bal \u0259ld\u0259 edirdiks\u0259, indi m\u0259hsuldarl\u0131q 5 kiloqram da art\u0131b. May\u0131n sonunda biz 2020-ci ilin ilk bal\u0131n\u0131 hasil ed\u0259c\u0259yik, bu proses avqustun sonunad\u0259k davam ed\u0259c\u0259k&#8221;.<\/p>\n","protected":false},"excerpt":{"rendered":"<p>Az\u0259rbaycanda x\u00fcsusi karantin rejimi d\u00f6vr\u00fcnd\u0259 ar\u0131\u00e7\u0131l\u0131q m\u0259hsullar\u0131n\u0131n sat\u0131\u015f\u0131 \u00e7oxal\u0131b. ARANTV.AZ bildirir ki, bunu\u00a0Trend-\u0259 Az\u0259rbaycan Ar\u0131\u00e7\u0131lar Assosiasiyas\u0131n\u0131n s\u0259dri B\u0259dr\u0259ddin H\u0259sr\u0259tov deyib. O bildirib ki, daxili bazarda sat\u0131\u015flar\u0131 \u00f6t\u0259n ilin eyni d\u00f6vr\u00fc il\u0259 m\u00fcqayis\u0259d\u0259 20 faiz art\u0131b. Onun s\u00f6zl\u0259rin\u0259 g\u00f6r\u0259, Az\u0259rbaycanda kifay\u0259t q\u0259d\u0259r bal ehtiyat\u0131 olmas\u0131na baxmayaraq \u00f6lk\u0259y\u0259 bal idxal\u0131 da art\u0131b: &#8220;Bu fonda xarici istehsal\u00e7\u0131larla r\u0259qab\u0259t art\u0131r v\u0259 daxili bazarda yerli istehsal olan bal\u0131n sat\u0131\u015f\u0131 azal\u0131r. \u00d6t\u0259n il \u0130ran v\u0259 Ukraynadan b\u00f6y\u00fck h\u0259cmd\u0259 ucuz g\u00fcn\u0259baxan bal\u0131 idxal olunub&#8221;. B.H\u0259sr\u0259tov qeyd edib ki, 2019-cu ild\u0259 Az\u0259rbaycanda sat\u0131\u015f \u00fc\u00e7\u00fcn 6 min ton bal&hellip;<\/p>\n","protected":false},"author":2,"featured_media":172782,"comment_status":"closed","ping_status":"closed","sticky":false,"template":"","format":"standard","meta":{"om_disable_all_campaigns":false,"_monsterinsights_skip_tracking":false,"_monsterinsights_sitenote_active":false,"_monsterinsights_sitenote_note":"","_monsterinsights_sitenote_category":0},"categories":[19],"tags":[],"aioseo_notices":[],"gutentor_comment":0,"rttpg_featured_image_url":{"full":["https:\/\/arantv.az\/wp-content\/uploads\/2020\/05\/853841.jpg",1200,900,false],"landscape":["https:\/\/arantv.az\/wp-content\/uploads\/2020\/05\/853841.jpg",1200,900,false],"portraits":["https:\/\/arantv.az\/wp-content\/uploads\/2020\/05\/853841.jpg",1200,900,false],"thumbnail":["https:\/\/arantv.az\/wp-content\/uploads\/2020\/05\/853841-150x150.jpg",150,150,true],"medium":["https:\/\/arantv.az\/wp-content\/uploads\/2020\/05\/853841-300x225.jpg",300,225,true],"large":["https:\/\/arantv.az\/wp-content\/uploads\/2020\/05\/853841-1024x768.jpg",640,480,true],"1536x1536":["https:\/\/arantv.az\/wp-content\/uploads\/2020\/05\/853841.jpg",1200,900,false],"2048x2048":["https:\/\/arantv.az\/wp-content\/uploads\/2020\/05\/853841.jpg",1200,900,false],"post-thumbnail":["https:\/\/arantv.az\/wp-content\/uploads\/2020\/05\/853841-240x172.jpg",240,172,true],"advps-thumb-one":["https:\/\/arantv.az\/wp-content\/uploads\/2020\/05\/853841-1200x620.jpg",1200,620,true]},"rttpg_author":{"display_name":"V\u00fcsal Rafiqo\u011flu","author_link":"https:\/\/arantv.az\/?author=2"},"rttpg_comment":0,"rttpg_category":"<a href=\"https:\/\/arantv.az\/?cat=19\" rel=\"category\">G\u00fcnd\u0259m<\/a>","rttpg_excerpt":"Az\u0259rbaycanda x\u00fcsusi karantin rejimi d\u00f6vr\u00fcnd\u0259 ar\u0131\u00e7\u0131l\u0131q m\u0259hsullar\u0131n\u0131n sat\u0131\u015f\u0131 \u00e7oxal\u0131b. ARANTV.AZ bildirir ki, bunu\u00a0Trend-\u0259 Az\u0259rbaycan Ar\u0131\u00e7\u0131lar Assosiasiyas\u0131n\u0131n s\u0259dri B\u0259dr\u0259ddin H\u0259sr\u0259tov deyib. O bildirib ki, daxili bazarda sat\u0131\u015flar\u0131 \u00f6t\u0259n ilin eyni d\u00f6vr\u00fc il\u0259 m\u00fcqayis\u0259d\u0259 20 faiz art\u0131b. Onun s\u00f6zl\u0259rin\u0259 g\u00f6r\u0259, Az\u0259rbaycanda kifay\u0259t q\u0259d\u0259r bal ehtiyat\u0131 olmas\u0131na baxmayaraq \u00f6lk\u0259y\u0259 bal idxal\u0131 da art\u0131b: &#8220;Bu fonda xarici istehsal\u00e7\u0131larla r\u0259qab\u0259t&hellip;","_links":{"self":[{"href":"https:\/\/arantv.az\/index.php?rest_route=\/wp\/v2\/posts\/172781"}],"collection":[{"href":"https:\/\/arantv.az\/index.php?rest_route=\/wp\/v2\/posts"}],"about":[{"href":"https:\/\/arantv.az\/index.php?rest_route=\/wp\/v2\/types\/post"}],"author":[{"embeddable":true,"href":"https:\/\/arantv.az\/index.php?rest_route=\/wp\/v2\/users\/2"}],"replies":[{"embeddable":true,"href":"https:\/\/arantv.az\/index.php?rest_route=%2Fwp%2Fv2%2Fcomments&post=172781"}],"version-history":[{"count":0,"href":"https:\/\/arantv.az\/index.php?rest_route=\/wp\/v2\/posts\/172781\/revisions"}],"wp:featuredmedia":[{"embeddable":true,"href":"https:\/\/arantv.az\/index.php?rest_route=\/wp\/v2\/media\/172782"}],"wp:attachment":[{"href":"https:\/\/arantv.az\/index.php?rest_route=%2Fwp%2Fv2%2Fmedia&parent=172781"}],"wp:term":[{"taxonomy":"category","embeddable":true,"href":"https:\/\/arantv.az\/index.php?rest_route=%2Fwp%2Fv2%2Fcategories&post=172781"},{"taxonomy":"post_tag","embeddable":true,"href":"https:\/\/arantv.az\/index.php?rest_route=%2Fwp%2Fv2%2Ftags&post=172781"}],"curies":[{"name":"wp","href":"https:\/\/api.w.org\/{rel}","templated":true}]}}