{"id":172789,"date":"2020-05-29T08:00:06","date_gmt":"2020-05-29T05:00:06","guid":{"rendered":"http:\/\/arantv.az\/?p=172789"},"modified":"2020-05-29T08:00:06","modified_gmt":"2020-05-29T05:00:06","slug":"dunyada-ilk-d%c9%99f%c9%99-turkiy%c9%99d%c9%99-su-v%c9%99-tullanti-sularinda-sars-cov2-virusu-arasdirilir","status":"publish","type":"post","link":"https:\/\/arantv.az\/?p=172789","title":{"rendered":"D\u00fcnyada ilk d\u0259f\u0259 T\u00fcrkiy\u0259d\u0259 su v\u0259 tullant\u0131 sular\u0131nda SARS-CoV2 virusu ara\u015fd\u0131r\u0131l\u0131r"},"content":{"rendered":"<p>D\u00fcnyada ilk d\u0259f\u0259 T\u00fcrkiy\u0259d\u0259 su v\u0259 tullant\u0131 sular\u0131nda SARS-CoV2 virusunun olma ehtimal\u0131 ara\u015fd\u0131r\u0131l\u0131r. T\u0259dqiqatlar\u0131n apar\u0131lmas\u0131 \u00fc\u00e7\u00fcn pilot \u015f\u0259h\u0259r se\u00e7il\u0259n \u0130stanbulun h\u0259r rayonunda tullant\u0131 sular\u0131nda virus a\u015fkarlan\u0131b. Virusun sularda g\u00f6r\u00fclm\u0259 s\u0131xl\u0131\u011f\u0131 rayonlara g\u00f6r\u0259 d\u0259yi\u015fir.<\/p>\n<p><strong>ARANTV.AZ\u00a0<\/strong>\u00a0<a href=\"http:\/\/azertag.az\/\" target=\"_blank\" rel=\"noopener\">AZ\u018fRTAC<\/a>-a istinad\u0259n bildirir ki, T\u00fcrkiy\u0259nin K\u0259nd T\u0259s\u0259rr\u00fcfat\u0131 v\u0259 Me\u015f\u0259\u00e7ilik naziri Bekir Pakdemirli \u00f6lk\u0259nin Su \u0130nstitutu \u0130dar\u0259si il\u0259 birg\u0259 bu istiqam\u0259td\u0259 ara\u015fd\u0131rmalar\u0131n apar\u0131laca\u011f\u0131n\u0131 v\u0259 m\u00fcmk\u00fcn riskl\u0259r\u0259 qar\u015f\u0131 erk\u0259n x\u0259b\u0259rdarl\u0131q sisteminin haz\u0131rlanaca\u011f\u0131n\u0131 bildirmi\u015fdi.<\/p>\n<p>Bu istiqam\u0259td\u0259 ara\u015fd\u0131rmalar \u0130stanbulla yana\u015f\u0131, \u00f6lk\u0259nin bir ne\u00e7\u0259 \u015f\u0259h\u0259rind\u0259 d\u0259 apar\u0131l\u0131b. Bu m\u0259qs\u0259dl\u0259 \u00fc\u00e7 x\u00fcsusi laboratoriya f\u0259aliyy\u0259t\u0259 ba\u015flay\u0131b. T\u0259dqiqatlardan m\u0259lum olub ki, SARS-CoV2 virusuna pal\u00e7\u0131q sular\u0131nda daha s\u0131x rast g\u0259linir. B\u0259zi \u015f\u0259h\u0259rl\u0259rd\u0259 yoluxanlar\u0131n say\u0131n\u0131n az olmas\u0131na baxmayaraq, tullant\u0131 sular\u0131nda virus m\u00fc\u015fahid\u0259 olunub.<\/p>\n<p>Bu ara\u015fd\u0131rmalar hava limanlar\u0131 v\u0259 turistik b\u00f6lg\u0259l\u0259rd\u0259 davam etdiril\u0259c\u0259k.<\/p>\n","protected":false},"excerpt":{"rendered":"<p>D\u00fcnyada ilk d\u0259f\u0259 T\u00fcrkiy\u0259d\u0259 su v\u0259 tullant\u0131 sular\u0131nda SARS-CoV2 virusunun olma ehtimal\u0131 ara\u015fd\u0131r\u0131l\u0131r. T\u0259dqiqatlar\u0131n apar\u0131lmas\u0131 \u00fc\u00e7\u00fcn pilot \u015f\u0259h\u0259r se\u00e7il\u0259n \u0130stanbulun h\u0259r rayonunda tullant\u0131 sular\u0131nda virus a\u015fkarlan\u0131b. Virusun sularda g\u00f6r\u00fclm\u0259 s\u0131xl\u0131\u011f\u0131 rayonlara g\u00f6r\u0259 d\u0259yi\u015fir. ARANTV.AZ\u00a0\u00a0AZ\u018fRTAC-a istinad\u0259n bildirir ki, T\u00fcrkiy\u0259nin K\u0259nd T\u0259s\u0259rr\u00fcfat\u0131 v\u0259 Me\u015f\u0259\u00e7ilik naziri Bekir Pakdemirli \u00f6lk\u0259nin Su \u0130nstitutu \u0130dar\u0259si il\u0259 birg\u0259 bu istiqam\u0259td\u0259 ara\u015fd\u0131rmalar\u0131n apar\u0131laca\u011f\u0131n\u0131 v\u0259 m\u00fcmk\u00fcn riskl\u0259r\u0259 qar\u015f\u0131 erk\u0259n x\u0259b\u0259rdarl\u0131q sisteminin haz\u0131rlanaca\u011f\u0131n\u0131 bildirmi\u015fdi. Bu istiqam\u0259td\u0259 ara\u015fd\u0131rmalar \u0130stanbulla yana\u015f\u0131, \u00f6lk\u0259nin bir ne\u00e7\u0259 \u015f\u0259h\u0259rind\u0259 d\u0259 apar\u0131l\u0131b. Bu m\u0259qs\u0259dl\u0259 \u00fc\u00e7 x\u00fcsusi laboratoriya f\u0259aliyy\u0259t\u0259 ba\u015flay\u0131b. T\u0259dqiqatlardan m\u0259lum olub ki, SARS-CoV2 virusuna pal\u00e7\u0131q sular\u0131nda&hellip;<\/p>\n","protected":false},"author":2,"featured_media":172790,"comment_status":"closed","ping_status":"closed","sticky":false,"template":"","format":"standard","meta":{"om_disable_all_campaigns":false,"_monsterinsights_skip_tracking":false,"_monsterinsights_sitenote_active":false,"_monsterinsights_sitenote_note":"","_monsterinsights_sitenote_category":0},"categories":[7],"tags":[],"aioseo_notices":[],"gutentor_comment":0,"rttpg_featured_image_url":{"full":["https:\/\/arantv.az\/wp-content\/uploads\/2020\/05\/853832.jpg",856,669,false],"landscape":["https:\/\/arantv.az\/wp-content\/uploads\/2020\/05\/853832.jpg",856,669,false],"portraits":["https:\/\/arantv.az\/wp-content\/uploads\/2020\/05\/853832.jpg",856,669,false],"thumbnail":["https:\/\/arantv.az\/wp-content\/uploads\/2020\/05\/853832-150x150.jpg",150,150,true],"medium":["https:\/\/arantv.az\/wp-content\/uploads\/2020\/05\/853832-300x234.jpg",300,234,true],"large":["https:\/\/arantv.az\/wp-content\/uploads\/2020\/05\/853832.jpg",640,500,false],"1536x1536":["https:\/\/arantv.az\/wp-content\/uploads\/2020\/05\/853832.jpg",856,669,false],"2048x2048":["https:\/\/arantv.az\/wp-content\/uploads\/2020\/05\/853832.jpg",856,669,false],"post-thumbnail":["https:\/\/arantv.az\/wp-content\/uploads\/2020\/05\/853832-240x172.jpg",240,172,true],"advps-thumb-one":["https:\/\/arantv.az\/wp-content\/uploads\/2020\/05\/853832-856x620.jpg",856,620,true]},"rttpg_author":{"display_name":"V\u00fcsal Rafiqo\u011flu","author_link":"https:\/\/arantv.az\/?author=2"},"rttpg_comment":0,"rttpg_category":"<a href=\"https:\/\/arantv.az\/?cat=7\" rel=\"category\">D\u00fcnya<\/a>","rttpg_excerpt":"D\u00fcnyada ilk d\u0259f\u0259 T\u00fcrkiy\u0259d\u0259 su v\u0259 tullant\u0131 sular\u0131nda SARS-CoV2 virusunun olma ehtimal\u0131 ara\u015fd\u0131r\u0131l\u0131r. T\u0259dqiqatlar\u0131n apar\u0131lmas\u0131 \u00fc\u00e7\u00fcn pilot \u015f\u0259h\u0259r se\u00e7il\u0259n \u0130stanbulun h\u0259r rayonunda tullant\u0131 sular\u0131nda virus a\u015fkarlan\u0131b. Virusun sularda g\u00f6r\u00fclm\u0259 s\u0131xl\u0131\u011f\u0131 rayonlara g\u00f6r\u0259 d\u0259yi\u015fir. ARANTV.AZ\u00a0\u00a0AZ\u018fRTAC-a istinad\u0259n bildirir ki, T\u00fcrkiy\u0259nin K\u0259nd T\u0259s\u0259rr\u00fcfat\u0131 v\u0259 Me\u015f\u0259\u00e7ilik naziri Bekir Pakdemirli \u00f6lk\u0259nin Su \u0130nstitutu \u0130dar\u0259si il\u0259 birg\u0259 bu istiqam\u0259td\u0259 ara\u015fd\u0131rmalar\u0131n apar\u0131laca\u011f\u0131n\u0131&hellip;","_links":{"self":[{"href":"https:\/\/arantv.az\/index.php?rest_route=\/wp\/v2\/posts\/172789"}],"collection":[{"href":"https:\/\/arantv.az\/index.php?rest_route=\/wp\/v2\/posts"}],"about":[{"href":"https:\/\/arantv.az\/index.php?rest_route=\/wp\/v2\/types\/post"}],"author":[{"embeddable":true,"href":"https:\/\/arantv.az\/index.php?rest_route=\/wp\/v2\/users\/2"}],"replies":[{"embeddable":true,"href":"https:\/\/arantv.az\/index.php?rest_route=%2Fwp%2Fv2%2Fcomments&post=172789"}],"version-history":[{"count":0,"href":"https:\/\/arantv.az\/index.php?rest_route=\/wp\/v2\/posts\/172789\/revisions"}],"wp:featuredmedia":[{"embeddable":true,"href":"https:\/\/arantv.az\/index.php?rest_route=\/wp\/v2\/media\/172790"}],"wp:attachment":[{"href":"https:\/\/arantv.az\/index.php?rest_route=%2Fwp%2Fv2%2Fmedia&parent=172789"}],"wp:term":[{"taxonomy":"category","embeddable":true,"href":"https:\/\/arantv.az\/index.php?rest_route=%2Fwp%2Fv2%2Fcategories&post=172789"},{"taxonomy":"post_tag","embeddable":true,"href":"https:\/\/arantv.az\/index.php?rest_route=%2Fwp%2Fv2%2Ftags&post=172789"}],"curies":[{"name":"wp","href":"https:\/\/api.w.org\/{rel}","templated":true}]}}