{"id":172793,"date":"2020-05-29T08:00:59","date_gmt":"2020-05-29T05:00:59","guid":{"rendered":"http:\/\/arantv.az\/?p=172793"},"modified":"2020-05-29T08:00:59","modified_gmt":"2020-05-29T05:00:59","slug":"dunya-meteorologiya-t%c9%99skilati-yay-movsumunun-olduqca-isti-kec%c9%99c%c9%99yin%c9%99-dair-x%c9%99b%c9%99rdarliq-edib","status":"publish","type":"post","link":"https:\/\/arantv.az\/?p=172793","title":{"rendered":"D\u00fcnya Meteorologiya T\u0259\u015fkilat\u0131 yay m\u00f6vs\u00fcm\u00fcn\u00fcn olduqca isti ke\u00e7\u0259c\u0259yin\u0259 dair x\u0259b\u0259rdarl\u0131q edib"},"content":{"rendered":"<p>D\u00fcnya Meteorologiya T\u0259\u015fkilat\u0131 bu il yay m\u00f6vs\u00fcm\u00fcn\u00fcn planetimizin \u015fimal yar\u0131mk\u00fcr\u0259sind\u0259 rekord s\u0259viyy\u0259d\u0259 isti ke\u00e7\u0259 bil\u0259c\u0259yin\u0259 dair x\u0259b\u0259rdarl\u0131q edib.<\/p>\n<p><strong>ARANTV.AZ<\/strong>\u00a0\u00a0<a href=\"http:\/\/azertag.az\/\" target=\"_blank\" rel=\"noopener\">AZ\u018fRTAC<\/a>-a istinad\u0259n bildirir ki, t\u0259\u015fkilat\u0131n n\u00fcmay\u0259nd\u0259si Kler Nullis koronavirus pandemiyas\u0131 il\u0259 b\u0259rab\u0259r bu fenomeni d\u0259 diqq\u0259td\u0259 saxlama\u011f\u0131 t\u00f6vsiy\u0259 edib. Onun s\u00f6zl\u0259rin\u0259 g\u00f6r\u0259, 2020-ci ilin ilk aylar\u0131n\u0131n isti ke\u00e7m\u0259si bu ilin meteoroloji \u00f6l\u00e7m\u0259l\u0259r tarixind\u0259 rekorda imza ataca\u011f\u0131n\u0131 ehtimal etm\u0259y\u0259 \u0259sas verir. Pandemiya d\u00f6vr\u00fcnd\u0259 n\u0259 q\u0259d\u0259r m\u00fcr\u0259kk\u0259b olsa da, \u015f\u0259h\u0259r v\u0259 b\u0259l\u0259diyy\u0259l\u0259r indid\u0259n insanlar\u0131 istid\u0259n v\u0259 g\u00fcnvurmadan qorumaq \u00fc\u00e7\u00fcn m\u00fcvafiq t\u0259dbirl\u0259r g\u00f6rm\u0259lidirl\u0259r.<\/p>\n<p>K.Nullis, h\u0259m\u00e7inin qeyd edib ki, yay m\u00f6vs\u00fcm\u00fcn\u00fcn olduqca isti ke\u00e7diyi ill\u0259rd\u0259 ad\u0259t\u0259n insanlara kondisioner sisteml\u0259rinin yax\u015f\u0131 \u00e7al\u0131\u015fd\u0131\u011f\u0131 ticar\u0259t m\u0259rk\u0259zl\u0259rind\u0259 daha \u00e7ox vaxt ke\u00e7irm\u0259k, istid\u0259n \u0259ziyy\u0259t \u00e7\u0259k\u0259n qon\u015fu v\u0259 t\u0259nha ya\u015fayan insanlar\u0131 tez-tez yoluxmaq t\u00f6vsiy\u0259 olunurdu. Bu il is\u0259 pandemiya il\u0259 \u0259laq\u0259dar olaraq sosial m\u0259saf\u0259 v\u0259 evd\u0259 qalma t\u00f6vsiy\u0259l\u0259ri \u00f6n planda dayan\u0131r ki, bu da istil\u0259rl\u0259 ba\u011fl\u0131 f\u0259rqli yana\u015fma t\u0259l\u0259b ed\u0259c\u0259k.<\/p>\n<p>Beyn\u0259lxalq t\u0259\u015fkilat qar\u015f\u0131dak\u0131 m\u00fcmk\u00fcn istil\u0259ri n\u0259z\u0259r\u0259 alaraq g\u00fcnd\u0259lik h\u0259yatda edilm\u0259si vacib olan i\u015fl\u0259rd\u0259n ibar\u0259t siyah\u0131 haz\u0131rlay\u0131b, eyni zamanda, pandemiyaya paralel \u015f\u0259kild\u0259 istil\u0259r\u0259 qar\u015f\u0131 m\u00fcbariz\u0259 \u00fc\u00e7\u00fcn ideyalar paketi \u00fcz\u0259rind\u0259 i\u015f apar\u0131l\u0131r.<\/p>\n","protected":false},"excerpt":{"rendered":"<p>D\u00fcnya Meteorologiya T\u0259\u015fkilat\u0131 bu il yay m\u00f6vs\u00fcm\u00fcn\u00fcn planetimizin \u015fimal yar\u0131mk\u00fcr\u0259sind\u0259 rekord s\u0259viyy\u0259d\u0259 isti ke\u00e7\u0259 bil\u0259c\u0259yin\u0259 dair x\u0259b\u0259rdarl\u0131q edib. ARANTV.AZ\u00a0\u00a0AZ\u018fRTAC-a istinad\u0259n bildirir ki, t\u0259\u015fkilat\u0131n n\u00fcmay\u0259nd\u0259si Kler Nullis koronavirus pandemiyas\u0131 il\u0259 b\u0259rab\u0259r bu fenomeni d\u0259 diqq\u0259td\u0259 saxlama\u011f\u0131 t\u00f6vsiy\u0259 edib. Onun s\u00f6zl\u0259rin\u0259 g\u00f6r\u0259, 2020-ci ilin ilk aylar\u0131n\u0131n isti ke\u00e7m\u0259si bu ilin meteoroloji \u00f6l\u00e7m\u0259l\u0259r tarixind\u0259 rekorda imza ataca\u011f\u0131n\u0131 ehtimal etm\u0259y\u0259 \u0259sas verir. Pandemiya d\u00f6vr\u00fcnd\u0259 n\u0259 q\u0259d\u0259r m\u00fcr\u0259kk\u0259b olsa da, \u015f\u0259h\u0259r v\u0259 b\u0259l\u0259diyy\u0259l\u0259r indid\u0259n insanlar\u0131 istid\u0259n v\u0259 g\u00fcnvurmadan qorumaq \u00fc\u00e7\u00fcn m\u00fcvafiq t\u0259dbirl\u0259r g\u00f6rm\u0259lidirl\u0259r. K.Nullis, h\u0259m\u00e7inin qeyd edib ki, yay m\u00f6vs\u00fcm\u00fcn\u00fcn olduqca isti ke\u00e7diyi ill\u0259rd\u0259 ad\u0259t\u0259n&hellip;<\/p>\n","protected":false},"author":2,"featured_media":172794,"comment_status":"closed","ping_status":"closed","sticky":false,"template":"","format":"standard","meta":{"om_disable_all_campaigns":false,"_monsterinsights_skip_tracking":false,"_monsterinsights_sitenote_active":false,"_monsterinsights_sitenote_note":"","_monsterinsights_sitenote_category":0},"categories":[24],"tags":[],"aioseo_notices":[],"gutentor_comment":0,"rttpg_featured_image_url":{"full":["https:\/\/arantv.az\/wp-content\/uploads\/2020\/05\/853827.jpg",1000,562,false],"landscape":["https:\/\/arantv.az\/wp-content\/uploads\/2020\/05\/853827.jpg",1000,562,false],"portraits":["https:\/\/arantv.az\/wp-content\/uploads\/2020\/05\/853827.jpg",1000,562,false],"thumbnail":["https:\/\/arantv.az\/wp-content\/uploads\/2020\/05\/853827-150x150.jpg",150,150,true],"medium":["https:\/\/arantv.az\/wp-content\/uploads\/2020\/05\/853827-300x169.jpg",300,169,true],"large":["https:\/\/arantv.az\/wp-content\/uploads\/2020\/05\/853827.jpg",640,360,false],"1536x1536":["https:\/\/arantv.az\/wp-content\/uploads\/2020\/05\/853827.jpg",1000,562,false],"2048x2048":["https:\/\/arantv.az\/wp-content\/uploads\/2020\/05\/853827.jpg",1000,562,false],"post-thumbnail":["https:\/\/arantv.az\/wp-content\/uploads\/2020\/05\/853827-240x172.jpg",240,172,true],"advps-thumb-one":["https:\/\/arantv.az\/wp-content\/uploads\/2020\/05\/853827.jpg",1000,562,false]},"rttpg_author":{"display_name":"V\u00fcsal Rafiqo\u011flu","author_link":"https:\/\/arantv.az\/?author=2"},"rttpg_comment":0,"rttpg_category":"<a href=\"https:\/\/arantv.az\/?cat=24\" rel=\"category\">Maraql\u0131<\/a>","rttpg_excerpt":"D\u00fcnya Meteorologiya T\u0259\u015fkilat\u0131 bu il yay m\u00f6vs\u00fcm\u00fcn\u00fcn planetimizin \u015fimal yar\u0131mk\u00fcr\u0259sind\u0259 rekord s\u0259viyy\u0259d\u0259 isti ke\u00e7\u0259 bil\u0259c\u0259yin\u0259 dair x\u0259b\u0259rdarl\u0131q edib. ARANTV.AZ\u00a0\u00a0AZ\u018fRTAC-a istinad\u0259n bildirir ki, t\u0259\u015fkilat\u0131n n\u00fcmay\u0259nd\u0259si Kler Nullis koronavirus pandemiyas\u0131 il\u0259 b\u0259rab\u0259r bu fenomeni d\u0259 diqq\u0259td\u0259 saxlama\u011f\u0131 t\u00f6vsiy\u0259 edib. Onun s\u00f6zl\u0259rin\u0259 g\u00f6r\u0259, 2020-ci ilin ilk aylar\u0131n\u0131n isti ke\u00e7m\u0259si bu ilin meteoroloji \u00f6l\u00e7m\u0259l\u0259r tarixind\u0259 rekorda imza ataca\u011f\u0131n\u0131 ehtimal&hellip;","_links":{"self":[{"href":"https:\/\/arantv.az\/index.php?rest_route=\/wp\/v2\/posts\/172793"}],"collection":[{"href":"https:\/\/arantv.az\/index.php?rest_route=\/wp\/v2\/posts"}],"about":[{"href":"https:\/\/arantv.az\/index.php?rest_route=\/wp\/v2\/types\/post"}],"author":[{"embeddable":true,"href":"https:\/\/arantv.az\/index.php?rest_route=\/wp\/v2\/users\/2"}],"replies":[{"embeddable":true,"href":"https:\/\/arantv.az\/index.php?rest_route=%2Fwp%2Fv2%2Fcomments&post=172793"}],"version-history":[{"count":0,"href":"https:\/\/arantv.az\/index.php?rest_route=\/wp\/v2\/posts\/172793\/revisions"}],"wp:featuredmedia":[{"embeddable":true,"href":"https:\/\/arantv.az\/index.php?rest_route=\/wp\/v2\/media\/172794"}],"wp:attachment":[{"href":"https:\/\/arantv.az\/index.php?rest_route=%2Fwp%2Fv2%2Fmedia&parent=172793"}],"wp:term":[{"taxonomy":"category","embeddable":true,"href":"https:\/\/arantv.az\/index.php?rest_route=%2Fwp%2Fv2%2Fcategories&post=172793"},{"taxonomy":"post_tag","embeddable":true,"href":"https:\/\/arantv.az\/index.php?rest_route=%2Fwp%2Fv2%2Ftags&post=172793"}],"curies":[{"name":"wp","href":"https:\/\/api.w.org\/{rel}","templated":true}]}}