{"id":172797,"date":"2020-05-29T08:01:50","date_gmt":"2020-05-29T05:01:50","guid":{"rendered":"http:\/\/arantv.az\/?p=172797"},"modified":"2020-05-29T08:01:50","modified_gmt":"2020-05-29T05:01:50","slug":"turkiy%c9%99d%c9%99-covid-19-x%c9%99st%c9%99l%c9%99rinin-olum-nisb%c9%99ti-28-t%c9%99skil-edir","status":"publish","type":"post","link":"https:\/\/arantv.az\/?p=172797","title":{"rendered":"T\u00fcrkiy\u0259d\u0259 COVID-19 x\u0259st\u0259l\u0259rinin \u00f6l\u00fcm nisb\u0259ti 2,8 t\u0259\u015fkil edir"},"content":{"rendered":"<p>Johns Hopkins Universitetind\u0259n al\u0131nan m\u0259lumata g\u00f6r\u0259, may\u0131n 26-dan etibar\u0259n T\u00fcrkiy\u0259d\u0259 COVID-19 x\u0259st\u0259l\u0259rinin \u00f6l\u00fcm nisb\u0259ti 2,8 t\u0259\u015fkil edir.<\/p>\n<p><strong>ARANTV.AZ<\/strong>\u00a0<a href=\"http:\/\/azertag.az\/\" target=\"_blank\" rel=\"noopener\">AZ\u018fRTAC<\/a>-a istinad\u0259n x\u0259b\u0259r verir ki, bu bar\u0259d\u0259 T\u00fcrkiy\u0259nin S\u0259hiyy\u0259 naziri Fahrettin Koca sosial media hesab\u0131ndan bildirib.<\/p>\n<p>Bunu \u00f6lk\u0259nin u\u011furu adland\u0131ran nazir bu g\u00f6st\u0259ricil\u0259rin B\u00f6y\u00fck Britaniyada 14,1, \u0130taliyada 14,3, Fransada 15,5, AB\u015e-da is\u0259 5,9 faiz oldu\u011funu deyib.<\/p>\n","protected":false},"excerpt":{"rendered":"<p>Johns Hopkins Universitetind\u0259n al\u0131nan m\u0259lumata g\u00f6r\u0259, may\u0131n 26-dan etibar\u0259n T\u00fcrkiy\u0259d\u0259 COVID-19 x\u0259st\u0259l\u0259rinin \u00f6l\u00fcm nisb\u0259ti 2,8 t\u0259\u015fkil edir. ARANTV.AZ\u00a0AZ\u018fRTAC-a istinad\u0259n x\u0259b\u0259r verir ki, bu bar\u0259d\u0259 T\u00fcrkiy\u0259nin S\u0259hiyy\u0259 naziri Fahrettin Koca sosial media hesab\u0131ndan bildirib. Bunu \u00f6lk\u0259nin u\u011furu adland\u0131ran nazir bu g\u00f6st\u0259ricil\u0259rin B\u00f6y\u00fck Britaniyada 14,1, \u0130taliyada 14,3, Fransada 15,5, AB\u015e-da is\u0259 5,9 faiz oldu\u011funu deyib.<\/p>\n","protected":false},"author":2,"featured_media":172798,"comment_status":"closed","ping_status":"closed","sticky":false,"template":"","format":"standard","meta":{"om_disable_all_campaigns":false,"_monsterinsights_skip_tracking":false,"_monsterinsights_sitenote_active":false,"_monsterinsights_sitenote_note":"","_monsterinsights_sitenote_category":0},"categories":[7],"tags":[],"aioseo_notices":[],"gutentor_comment":0,"rttpg_featured_image_url":{"full":["https:\/\/arantv.az\/wp-content\/uploads\/2020\/05\/853833.jpg",860,669,false],"landscape":["https:\/\/arantv.az\/wp-content\/uploads\/2020\/05\/853833.jpg",860,669,false],"portraits":["https:\/\/arantv.az\/wp-content\/uploads\/2020\/05\/853833.jpg",860,669,false],"thumbnail":["https:\/\/arantv.az\/wp-content\/uploads\/2020\/05\/853833-150x150.jpg",150,150,true],"medium":["https:\/\/arantv.az\/wp-content\/uploads\/2020\/05\/853833-300x233.jpg",300,233,true],"large":["https:\/\/arantv.az\/wp-content\/uploads\/2020\/05\/853833.jpg",640,498,false],"1536x1536":["https:\/\/arantv.az\/wp-content\/uploads\/2020\/05\/853833.jpg",860,669,false],"2048x2048":["https:\/\/arantv.az\/wp-content\/uploads\/2020\/05\/853833.jpg",860,669,false],"post-thumbnail":["https:\/\/arantv.az\/wp-content\/uploads\/2020\/05\/853833-240x172.jpg",240,172,true],"advps-thumb-one":["https:\/\/arantv.az\/wp-content\/uploads\/2020\/05\/853833-860x620.jpg",860,620,true]},"rttpg_author":{"display_name":"V\u00fcsal Rafiqo\u011flu","author_link":"https:\/\/arantv.az\/?author=2"},"rttpg_comment":0,"rttpg_category":"<a href=\"https:\/\/arantv.az\/?cat=7\" rel=\"category\">D\u00fcnya<\/a>","rttpg_excerpt":"Johns Hopkins Universitetind\u0259n al\u0131nan m\u0259lumata g\u00f6r\u0259, may\u0131n 26-dan etibar\u0259n T\u00fcrkiy\u0259d\u0259 COVID-19 x\u0259st\u0259l\u0259rinin \u00f6l\u00fcm nisb\u0259ti 2,8 t\u0259\u015fkil edir. ARANTV.AZ\u00a0AZ\u018fRTAC-a istinad\u0259n x\u0259b\u0259r verir ki, bu bar\u0259d\u0259 T\u00fcrkiy\u0259nin S\u0259hiyy\u0259 naziri Fahrettin Koca sosial media hesab\u0131ndan bildirib. Bunu \u00f6lk\u0259nin u\u011furu adland\u0131ran nazir bu g\u00f6st\u0259ricil\u0259rin B\u00f6y\u00fck Britaniyada 14,1, \u0130taliyada 14,3, Fransada 15,5, AB\u015e-da is\u0259 5,9 faiz oldu\u011funu deyib.","_links":{"self":[{"href":"https:\/\/arantv.az\/index.php?rest_route=\/wp\/v2\/posts\/172797"}],"collection":[{"href":"https:\/\/arantv.az\/index.php?rest_route=\/wp\/v2\/posts"}],"about":[{"href":"https:\/\/arantv.az\/index.php?rest_route=\/wp\/v2\/types\/post"}],"author":[{"embeddable":true,"href":"https:\/\/arantv.az\/index.php?rest_route=\/wp\/v2\/users\/2"}],"replies":[{"embeddable":true,"href":"https:\/\/arantv.az\/index.php?rest_route=%2Fwp%2Fv2%2Fcomments&post=172797"}],"version-history":[{"count":0,"href":"https:\/\/arantv.az\/index.php?rest_route=\/wp\/v2\/posts\/172797\/revisions"}],"wp:featuredmedia":[{"embeddable":true,"href":"https:\/\/arantv.az\/index.php?rest_route=\/wp\/v2\/media\/172798"}],"wp:attachment":[{"href":"https:\/\/arantv.az\/index.php?rest_route=%2Fwp%2Fv2%2Fmedia&parent=172797"}],"wp:term":[{"taxonomy":"category","embeddable":true,"href":"https:\/\/arantv.az\/index.php?rest_route=%2Fwp%2Fv2%2Fcategories&post=172797"},{"taxonomy":"post_tag","embeddable":true,"href":"https:\/\/arantv.az\/index.php?rest_route=%2Fwp%2Fv2%2Ftags&post=172797"}],"curies":[{"name":"wp","href":"https:\/\/api.w.org\/{rel}","templated":true}]}}