{"id":17349,"date":"2018-10-06T09:30:13","date_gmt":"2018-10-06T06:30:13","guid":{"rendered":"http:\/\/arantv.az\/?p=17349"},"modified":"2018-10-06T09:30:13","modified_gmt":"2018-10-06T06:30:13","slug":"az%c9%99rbaycandan-avropaya-yeni-reysl%c9%99r-acilir","status":"publish","type":"post","link":"https:\/\/arantv.az\/?p=17349","title":{"rendered":"Az\u0259rbaycandan Avropaya yeni reysl\u0259r a\u00e7\u0131l\u0131r"},"content":{"rendered":"<p>Az\u0259rbaycandan bir s\u0131ra istiqam\u0259tl\u0259r\u0259 m\u00fct\u0259madi reysl\u0259r a\u00e7\u0131lacaq.<\/p>\n<p><strong>ARANTV.AZ<\/strong>-\u0131n m\u0259lumat\u0131na g\u00f6r\u0259, bunu jurnalistl\u0259r\u0259 a\u00e7\u0131qlamas\u0131nda D\u00f6vl\u0259t Turizm Agentliyinin n\u00fcmay\u0259nd\u0259si\u00a0<strong>K\u0259nan Quluzad\u0259<\/strong>\u00a0bildirib.<\/p>\n<p>Onun s\u00f6zl\u0259rin\u0259 g\u00f6r\u0259, reysl\u0259rin a\u00e7\u0131lmas\u0131 istiqam\u0259tind\u0259 Asiya istiqam\u0259tind\u0259 dan\u0131\u015f\u0131qlar yekunla\u015fmaqdad\u0131r:<\/p>\n<p>\u201cHindistan istiqam\u0259tind\u0259 reysl\u0259rin a\u00e7\u0131lmas\u0131 planla\u015fd\u0131r\u0131l\u0131r. Almaniya, \u0130sve\u00e7, Avstriya istiqam\u0259tind\u0259 reysl\u0259rin a\u00e7\u0131lmas\u0131 m\u00fczakir\u0259 edilir. M\u0259qs\u0259d turistl\u0259rin Az\u0259rbaycana birba\u015fa u\u00e7u\u015flarla g\u0259lm\u0259sini t\u0259min etm\u0259kdir\u201d.<\/p>\n<p>K\u0259nan Quluzad\u0259 qeyd edib ki, haz\u0131rda 10-dan \u00e7ox bazarda marketinq i\u015fl\u0259ri apar\u0131l\u0131r:<\/p>\n<p>\u201c\u0130lin sonundan ba\u015flayaraq bu istiqam\u0259td\u0259 Az\u0259rbaycan\u0131n r\u0259smi turizm n\u00fcmay\u0259nd\u0259likl\u0259ri a\u00e7\u0131lacaq. \u0130lk n\u00fcmay\u0259nd\u0259liyin\u00a0Rusiyada a\u00e7\u0131laca\u011f\u0131 g\u00f6zl\u0259nilir. N\u0259tic\u0259d\u0259, orada Az\u0259rbaycan\u0131n t\u0259bli\u011fat i\u015fl\u0259ri apar\u0131lacaq. \u00c7arter reysl\u0259ri olan istiqam\u0259tl\u0259r art\u0131r\u0131lacaq.<\/p>\n<p>Bu, Az\u0259rbaycandan h\u0259min \u00f6lk\u0259l\u0259r\u0259 turistin birba\u015fa getm\u0259si \u00fc\u00e7\u00fcnd\u00fcr. Eyni zamanda, Az\u0259rbaycan\u0131 t\u0259bli\u011f etm\u0259k v\u0259 \u00f6lk\u0259miz\u0259 turistl\u0259rin g\u0259lm\u0259sin\u0259 \u015f\u0259rait yaradacaq\u201d.oxu.az<\/p>\n","protected":false},"excerpt":{"rendered":"<p>Az\u0259rbaycandan bir s\u0131ra istiqam\u0259tl\u0259r\u0259 m\u00fct\u0259madi reysl\u0259r a\u00e7\u0131lacaq. ARANTV.AZ-\u0131n m\u0259lumat\u0131na g\u00f6r\u0259, bunu jurnalistl\u0259r\u0259 a\u00e7\u0131qlamas\u0131nda D\u00f6vl\u0259t Turizm Agentliyinin n\u00fcmay\u0259nd\u0259si\u00a0K\u0259nan Quluzad\u0259\u00a0bildirib. Onun s\u00f6zl\u0259rin\u0259 g\u00f6r\u0259, reysl\u0259rin a\u00e7\u0131lmas\u0131 istiqam\u0259tind\u0259 Asiya istiqam\u0259tind\u0259 dan\u0131\u015f\u0131qlar yekunla\u015fmaqdad\u0131r: \u201cHindistan istiqam\u0259tind\u0259 reysl\u0259rin a\u00e7\u0131lmas\u0131 planla\u015fd\u0131r\u0131l\u0131r. Almaniya, \u0130sve\u00e7, Avstriya istiqam\u0259tind\u0259 reysl\u0259rin a\u00e7\u0131lmas\u0131 m\u00fczakir\u0259 edilir. M\u0259qs\u0259d turistl\u0259rin Az\u0259rbaycana birba\u015fa u\u00e7u\u015flarla g\u0259lm\u0259sini t\u0259min etm\u0259kdir\u201d. K\u0259nan Quluzad\u0259 qeyd edib ki, haz\u0131rda 10-dan \u00e7ox bazarda marketinq i\u015fl\u0259ri apar\u0131l\u0131r: \u201c\u0130lin sonundan ba\u015flayaraq bu istiqam\u0259td\u0259 Az\u0259rbaycan\u0131n r\u0259smi turizm n\u00fcmay\u0259nd\u0259likl\u0259ri a\u00e7\u0131lacaq. \u0130lk n\u00fcmay\u0259nd\u0259liyin\u00a0Rusiyada a\u00e7\u0131laca\u011f\u0131 g\u00f6zl\u0259nilir. N\u0259tic\u0259d\u0259, orada Az\u0259rbaycan\u0131n t\u0259bli\u011fat i\u015fl\u0259ri apar\u0131lacaq. \u00c7arter reysl\u0259ri olan istiqam\u0259tl\u0259r art\u0131r\u0131lacaq. Bu, Az\u0259rbaycandan h\u0259min \u00f6lk\u0259l\u0259r\u0259&hellip;<\/p>\n","protected":false},"author":2,"featured_media":17350,"comment_status":"closed","ping_status":"closed","sticky":false,"template":"","format":"standard","meta":{"om_disable_all_campaigns":false,"_monsterinsights_skip_tracking":false,"_monsterinsights_sitenote_active":false,"_monsterinsights_sitenote_note":"","_monsterinsights_sitenote_category":0},"categories":[1],"tags":[],"aioseo_notices":[],"gutentor_comment":0,"rttpg_featured_image_url":{"full":["https:\/\/arantv.az\/wp-content\/uploads\/2018\/10\/azal4k-az05_llbg.jpg",620,464,false],"landscape":["https:\/\/arantv.az\/wp-content\/uploads\/2018\/10\/azal4k-az05_llbg.jpg",620,464,false],"portraits":["https:\/\/arantv.az\/wp-content\/uploads\/2018\/10\/azal4k-az05_llbg.jpg",620,464,false],"thumbnail":["https:\/\/arantv.az\/wp-content\/uploads\/2018\/10\/azal4k-az05_llbg-150x150.jpg",150,150,true],"medium":["https:\/\/arantv.az\/wp-content\/uploads\/2018\/10\/azal4k-az05_llbg-300x225.jpg",300,225,true],"large":["https:\/\/arantv.az\/wp-content\/uploads\/2018\/10\/azal4k-az05_llbg.jpg",620,464,false],"1536x1536":["https:\/\/arantv.az\/wp-content\/uploads\/2018\/10\/azal4k-az05_llbg.jpg",620,464,false],"2048x2048":["https:\/\/arantv.az\/wp-content\/uploads\/2018\/10\/azal4k-az05_llbg.jpg",620,464,false],"post-thumbnail":["https:\/\/arantv.az\/wp-content\/uploads\/2018\/10\/azal4k-az05_llbg-240x172.jpg",240,172,true],"advps-thumb-one":["https:\/\/arantv.az\/wp-content\/uploads\/2018\/10\/azal4k-az05_llbg.jpg",620,464,false]},"rttpg_author":{"display_name":"V\u00fcsal Rafiqo\u011flu","author_link":"https:\/\/arantv.az\/?author=2"},"rttpg_comment":0,"rttpg_category":"<a href=\"https:\/\/arantv.az\/?cat=1\" rel=\"category\">C\u0259miyy\u0259t<\/a>","rttpg_excerpt":"Az\u0259rbaycandan bir s\u0131ra istiqam\u0259tl\u0259r\u0259 m\u00fct\u0259madi reysl\u0259r a\u00e7\u0131lacaq. ARANTV.AZ-\u0131n m\u0259lumat\u0131na g\u00f6r\u0259, bunu jurnalistl\u0259r\u0259 a\u00e7\u0131qlamas\u0131nda D\u00f6vl\u0259t Turizm Agentliyinin n\u00fcmay\u0259nd\u0259si\u00a0K\u0259nan Quluzad\u0259\u00a0bildirib. Onun s\u00f6zl\u0259rin\u0259 g\u00f6r\u0259, reysl\u0259rin a\u00e7\u0131lmas\u0131 istiqam\u0259tind\u0259 Asiya istiqam\u0259tind\u0259 dan\u0131\u015f\u0131qlar yekunla\u015fmaqdad\u0131r: \u201cHindistan istiqam\u0259tind\u0259 reysl\u0259rin a\u00e7\u0131lmas\u0131 planla\u015fd\u0131r\u0131l\u0131r. Almaniya, \u0130sve\u00e7, Avstriya istiqam\u0259tind\u0259 reysl\u0259rin a\u00e7\u0131lmas\u0131 m\u00fczakir\u0259 edilir. M\u0259qs\u0259d turistl\u0259rin Az\u0259rbaycana birba\u015fa u\u00e7u\u015flarla g\u0259lm\u0259sini t\u0259min etm\u0259kdir\u201d. K\u0259nan Quluzad\u0259 qeyd edib ki, haz\u0131rda&hellip;","_links":{"self":[{"href":"https:\/\/arantv.az\/index.php?rest_route=\/wp\/v2\/posts\/17349"}],"collection":[{"href":"https:\/\/arantv.az\/index.php?rest_route=\/wp\/v2\/posts"}],"about":[{"href":"https:\/\/arantv.az\/index.php?rest_route=\/wp\/v2\/types\/post"}],"author":[{"embeddable":true,"href":"https:\/\/arantv.az\/index.php?rest_route=\/wp\/v2\/users\/2"}],"replies":[{"embeddable":true,"href":"https:\/\/arantv.az\/index.php?rest_route=%2Fwp%2Fv2%2Fcomments&post=17349"}],"version-history":[{"count":0,"href":"https:\/\/arantv.az\/index.php?rest_route=\/wp\/v2\/posts\/17349\/revisions"}],"wp:featuredmedia":[{"embeddable":true,"href":"https:\/\/arantv.az\/index.php?rest_route=\/wp\/v2\/media\/17350"}],"wp:attachment":[{"href":"https:\/\/arantv.az\/index.php?rest_route=%2Fwp%2Fv2%2Fmedia&parent=17349"}],"wp:term":[{"taxonomy":"category","embeddable":true,"href":"https:\/\/arantv.az\/index.php?rest_route=%2Fwp%2Fv2%2Fcategories&post=17349"},{"taxonomy":"post_tag","embeddable":true,"href":"https:\/\/arantv.az\/index.php?rest_route=%2Fwp%2Fv2%2Ftags&post=17349"}],"curies":[{"name":"wp","href":"https:\/\/api.w.org\/{rel}","templated":true}]}}