{"id":17358,"date":"2018-10-06T09:50:07","date_gmt":"2018-10-06T06:50:07","guid":{"rendered":"http:\/\/arantv.az\/?p=17358"},"modified":"2018-10-06T09:50:07","modified_gmt":"2018-10-06T06:50:07","slug":"az%c9%99rbaycanda-faktiki-hava-s%c9%99raiti-aciqlandi","status":"publish","type":"post","link":"https:\/\/arantv.az\/?p=17358","title":{"rendered":"Az\u0259rbaycanda faktiki hava \u015f\u0259raiti a\u00e7\u0131qland\u0131"},"content":{"rendered":"<p>\u00d6lk\u0259 \u0259razisind\u0259 hava \u015f\u0259raiti qeyri sabit olaraq qal\u0131r.<\/p>\n<p>Bu bar\u0259d\u0259<strong>\u00a0ARANTV.AZ<\/strong>-a Ekologiya v\u0259 T\u0259bii S\u0259rv\u0259tl\u0259r Nazirliyinin Milli Hidrometeorologiya Departamentinin Hidrometeoroloji Proqnozlar B\u00fcrosunun direktoru\u00a0<strong>G\u00fcl\u015fad M\u0259mm\u0259dova\u00a0<\/strong>m\u0259lumat verib:<\/p>\n<p>\u201cB\u0259zi yerl\u0259rd\u0259 \u015fim\u015f\u0259k \u00e7ax\u0131b, ya\u011f\u0131\u015f ya\u011f\u0131b, b\u0259zi yerl\u0259rd\u0259 is\u0259 leysan xarakterli olub.\u00a0Da\u011fl\u0131q \u0259razil\u0259rd\u0259 is\u0259 qar ya\u011f\u0131b\u201d.<\/p>\n<p>G\u00fcl\u015fad M\u0259mm\u0259dova qeyd edib ki, Bak\u0131 v\u0259 Ab\u015feron yarmadas\u0131nda ya\u011f\u0131\u015f 6 mm, b\u00f6lg\u0259l\u0259rd\u0259 ya\u011f\u0131\u015f 1-16 mm olub,\u00a0X\u0131nal\u0131qda bir\u00a0santimetr qar\u00a0ya\u011f\u0131b.<\/p>\n","protected":false},"excerpt":{"rendered":"<p>\u00d6lk\u0259 \u0259razisind\u0259 hava \u015f\u0259raiti qeyri sabit olaraq qal\u0131r. Bu bar\u0259d\u0259\u00a0ARANTV.AZ-a Ekologiya v\u0259 T\u0259bii S\u0259rv\u0259tl\u0259r Nazirliyinin Milli Hidrometeorologiya Departamentinin Hidrometeoroloji Proqnozlar B\u00fcrosunun direktoru\u00a0G\u00fcl\u015fad M\u0259mm\u0259dova\u00a0m\u0259lumat verib: \u201cB\u0259zi yerl\u0259rd\u0259 \u015fim\u015f\u0259k \u00e7ax\u0131b, ya\u011f\u0131\u015f ya\u011f\u0131b, b\u0259zi yerl\u0259rd\u0259 is\u0259 leysan xarakterli olub.\u00a0Da\u011fl\u0131q \u0259razil\u0259rd\u0259 is\u0259 qar ya\u011f\u0131b\u201d. G\u00fcl\u015fad M\u0259mm\u0259dova qeyd edib ki, Bak\u0131 v\u0259 Ab\u015feron yarmadas\u0131nda ya\u011f\u0131\u015f 6 mm, b\u00f6lg\u0259l\u0259rd\u0259 ya\u011f\u0131\u015f 1-16 mm olub,\u00a0X\u0131nal\u0131qda bir\u00a0santimetr qar\u00a0ya\u011f\u0131b.<\/p>\n","protected":false},"author":2,"featured_media":17359,"comment_status":"closed","ping_status":"closed","sticky":false,"template":"","format":"standard","meta":{"om_disable_all_campaigns":false,"_monsterinsights_skip_tracking":false,"_monsterinsights_sitenote_active":false,"_monsterinsights_sitenote_note":"","_monsterinsights_sitenote_category":0},"categories":[1],"tags":[],"aioseo_notices":[],"gutentor_comment":0,"rttpg_featured_image_url":{"full":["https:\/\/arantv.az\/wp-content\/uploads\/2018\/10\/qar.jpg",620,413,false],"landscape":["https:\/\/arantv.az\/wp-content\/uploads\/2018\/10\/qar.jpg",620,413,false],"portraits":["https:\/\/arantv.az\/wp-content\/uploads\/2018\/10\/qar.jpg",620,413,false],"thumbnail":["https:\/\/arantv.az\/wp-content\/uploads\/2018\/10\/qar-150x150.jpg",150,150,true],"medium":["https:\/\/arantv.az\/wp-content\/uploads\/2018\/10\/qar-300x200.jpg",300,200,true],"large":["https:\/\/arantv.az\/wp-content\/uploads\/2018\/10\/qar.jpg",620,413,false],"1536x1536":["https:\/\/arantv.az\/wp-content\/uploads\/2018\/10\/qar.jpg",620,413,false],"2048x2048":["https:\/\/arantv.az\/wp-content\/uploads\/2018\/10\/qar.jpg",620,413,false],"post-thumbnail":["https:\/\/arantv.az\/wp-content\/uploads\/2018\/10\/qar-240x172.jpg",240,172,true],"advps-thumb-one":["https:\/\/arantv.az\/wp-content\/uploads\/2018\/10\/qar.jpg",620,413,false]},"rttpg_author":{"display_name":"V\u00fcsal Rafiqo\u011flu","author_link":"https:\/\/arantv.az\/?author=2"},"rttpg_comment":0,"rttpg_category":"<a href=\"https:\/\/arantv.az\/?cat=1\" rel=\"category\">C\u0259miyy\u0259t<\/a>","rttpg_excerpt":"\u00d6lk\u0259 \u0259razisind\u0259 hava \u015f\u0259raiti qeyri sabit olaraq qal\u0131r. Bu bar\u0259d\u0259\u00a0ARANTV.AZ-a Ekologiya v\u0259 T\u0259bii S\u0259rv\u0259tl\u0259r Nazirliyinin Milli Hidrometeorologiya Departamentinin Hidrometeoroloji Proqnozlar B\u00fcrosunun direktoru\u00a0G\u00fcl\u015fad M\u0259mm\u0259dova\u00a0m\u0259lumat verib: \u201cB\u0259zi yerl\u0259rd\u0259 \u015fim\u015f\u0259k \u00e7ax\u0131b, ya\u011f\u0131\u015f ya\u011f\u0131b, b\u0259zi yerl\u0259rd\u0259 is\u0259 leysan xarakterli olub.\u00a0Da\u011fl\u0131q \u0259razil\u0259rd\u0259 is\u0259 qar ya\u011f\u0131b\u201d. G\u00fcl\u015fad M\u0259mm\u0259dova qeyd edib ki, Bak\u0131 v\u0259 Ab\u015feron yarmadas\u0131nda ya\u011f\u0131\u015f 6 mm, b\u00f6lg\u0259l\u0259rd\u0259 ya\u011f\u0131\u015f 1-16&hellip;","_links":{"self":[{"href":"https:\/\/arantv.az\/index.php?rest_route=\/wp\/v2\/posts\/17358"}],"collection":[{"href":"https:\/\/arantv.az\/index.php?rest_route=\/wp\/v2\/posts"}],"about":[{"href":"https:\/\/arantv.az\/index.php?rest_route=\/wp\/v2\/types\/post"}],"author":[{"embeddable":true,"href":"https:\/\/arantv.az\/index.php?rest_route=\/wp\/v2\/users\/2"}],"replies":[{"embeddable":true,"href":"https:\/\/arantv.az\/index.php?rest_route=%2Fwp%2Fv2%2Fcomments&post=17358"}],"version-history":[{"count":0,"href":"https:\/\/arantv.az\/index.php?rest_route=\/wp\/v2\/posts\/17358\/revisions"}],"wp:featuredmedia":[{"embeddable":true,"href":"https:\/\/arantv.az\/index.php?rest_route=\/wp\/v2\/media\/17359"}],"wp:attachment":[{"href":"https:\/\/arantv.az\/index.php?rest_route=%2Fwp%2Fv2%2Fmedia&parent=17358"}],"wp:term":[{"taxonomy":"category","embeddable":true,"href":"https:\/\/arantv.az\/index.php?rest_route=%2Fwp%2Fv2%2Fcategories&post=17358"},{"taxonomy":"post_tag","embeddable":true,"href":"https:\/\/arantv.az\/index.php?rest_route=%2Fwp%2Fv2%2Ftags&post=17358"}],"curies":[{"name":"wp","href":"https:\/\/api.w.org\/{rel}","templated":true}]}}