{"id":17393,"date":"2018-10-06T11:43:23","date_gmt":"2018-10-06T08:43:23","guid":{"rendered":"http:\/\/arantv.az\/?p=17393"},"modified":"2018-10-06T11:43:23","modified_gmt":"2018-10-06T08:43:23","slug":"oqtay-%c9%99s%c9%99dov-turkiy%c9%99y%c9%99-ged%c9%99c%c9%99k","status":"publish","type":"post","link":"https:\/\/arantv.az\/?p=17393","title":{"rendered":"Oqtay \u018fs\u0259dov T\u00fcrkiy\u0259y\u0259 ged\u0259c\u0259k"},"content":{"rendered":"<p>Az\u0259rbaycan Milli M\u0259clisinin s\u0259dri Oqtay \u018fs\u0259dovun ba\u015f\u00e7\u0131l\u0131q etdiyi n\u00fcmay\u0259nd\u0259 hey\u0259ti oktyabr\u0131n 8-9-da T\u00fcrkiy\u0259nin Antalya \u015f\u0259h\u0259rind\u0259 s\u0259f\u0259rd\u0259 olacaq.<\/p>\n<p><b>ARANTV.AZ\u00a0<\/b>\u00a0\u201creport\u201da istinad\u0259n x\u0259b\u0259r verir ki, s\u0259f\u0259rd\u0259 m\u0259qs\u0259d Avrasiya \u00f6lk\u0259l\u0259ri parlament s\u0259drl\u0259rinin 3-c\u00fc g\u00f6r\u00fc\u015f\u00fcnd\u0259 i\u015ftirak etm\u0259kdir.<\/p>\n<p>T\u0259dbir\u0259 40-dan \u00e7ox \u00f6lk\u0259nin parlament n\u00fcmay\u0259nd\u0259l\u0259ri v\u0259 bir s\u0131ra beyn\u0259lxalq t\u0259\u015fkilatlar\u0131n t\u0259msil\u00e7il\u0259ri qat\u0131lacaqlar.<\/p>\n<p>Toplant\u0131da \u201cAvrasiyada iqtisadi \u0259m\u0259kda\u015fl\u0131q, \u0259traf m\u00fchit v\u0259 davaml\u0131 inki\u015faf\u201d m\u00f6vzusunda m\u00fczakir\u0259l\u0259r apar\u0131lacaq. M\u00f6vzu il\u0259 \u0259laq\u0259dar Milli M\u0259clisin s\u0259dri \u00e7\u0131x\u0131\u015f ed\u0259c\u0259k. O.\u018fs\u0259dovun t\u0259dbird\u0259 i\u015ftirak ed\u0259n n\u00fcmay\u0259nd\u0259 hey\u0259tl\u0259rinin ba\u015f\u00e7\u0131lar\u0131 il\u0259 bir s\u0131ra g\u00f6r\u00fc\u015fl\u0259ri n\u0259z\u0259rd\u0259 tutulub.<\/p>\n<p>N\u00fcmay\u0259nd\u0259 hey\u0259tinin t\u0259rkibin\u0259 Milli M\u0259clisin H\u00fcquq siyas\u0259ti v\u0259 d\u00f6vl\u0259t quruculu\u011fu komit\u0259sinin s\u0259dri \u018fli H\u00fcseynli, deputatlardan Xanlar F\u0259tiyev, A\u011falar V\u0259liyev, parlament Aparat\u0131n\u0131n r\u0259hb\u0259ri S\u0259fa Mirz\u0259yev v\u0259 dig\u0259r r\u0259smi \u015f\u0259xsl\u0259r daxildir.<\/p>\n","protected":false},"excerpt":{"rendered":"<p>Az\u0259rbaycan Milli M\u0259clisinin s\u0259dri Oqtay \u018fs\u0259dovun ba\u015f\u00e7\u0131l\u0131q etdiyi n\u00fcmay\u0259nd\u0259 hey\u0259ti oktyabr\u0131n 8-9-da T\u00fcrkiy\u0259nin Antalya \u015f\u0259h\u0259rind\u0259 s\u0259f\u0259rd\u0259 olacaq. ARANTV.AZ\u00a0\u00a0\u201creport\u201da istinad\u0259n x\u0259b\u0259r verir ki, s\u0259f\u0259rd\u0259 m\u0259qs\u0259d Avrasiya \u00f6lk\u0259l\u0259ri parlament s\u0259drl\u0259rinin 3-c\u00fc g\u00f6r\u00fc\u015f\u00fcnd\u0259 i\u015ftirak etm\u0259kdir. T\u0259dbir\u0259 40-dan \u00e7ox \u00f6lk\u0259nin parlament n\u00fcmay\u0259nd\u0259l\u0259ri v\u0259 bir s\u0131ra beyn\u0259lxalq t\u0259\u015fkilatlar\u0131n t\u0259msil\u00e7il\u0259ri qat\u0131lacaqlar. Toplant\u0131da \u201cAvrasiyada iqtisadi \u0259m\u0259kda\u015fl\u0131q, \u0259traf m\u00fchit v\u0259 davaml\u0131 inki\u015faf\u201d m\u00f6vzusunda m\u00fczakir\u0259l\u0259r apar\u0131lacaq. M\u00f6vzu il\u0259 \u0259laq\u0259dar Milli M\u0259clisin s\u0259dri \u00e7\u0131x\u0131\u015f ed\u0259c\u0259k. O.\u018fs\u0259dovun t\u0259dbird\u0259 i\u015ftirak ed\u0259n n\u00fcmay\u0259nd\u0259 hey\u0259tl\u0259rinin ba\u015f\u00e7\u0131lar\u0131 il\u0259 bir s\u0131ra g\u00f6r\u00fc\u015fl\u0259ri n\u0259z\u0259rd\u0259 tutulub. N\u00fcmay\u0259nd\u0259 hey\u0259tinin t\u0259rkibin\u0259 Milli M\u0259clisin H\u00fcquq siyas\u0259ti v\u0259 d\u00f6vl\u0259t quruculu\u011fu komit\u0259sinin s\u0259dri&hellip;<\/p>\n","protected":false},"author":2,"featured_media":17394,"comment_status":"closed","ping_status":"closed","sticky":false,"template":"","format":"standard","meta":{"om_disable_all_campaigns":false,"_monsterinsights_skip_tracking":false,"_monsterinsights_sitenote_active":false,"_monsterinsights_sitenote_note":"","_monsterinsights_sitenote_category":0},"categories":[19],"tags":[],"aioseo_notices":[],"gutentor_comment":0,"rttpg_featured_image_url":{"full":["https:\/\/arantv.az\/wp-content\/uploads\/2018\/10\/1538812178_oktay-esedov.jpg",650,387,false],"landscape":["https:\/\/arantv.az\/wp-content\/uploads\/2018\/10\/1538812178_oktay-esedov.jpg",650,387,false],"portraits":["https:\/\/arantv.az\/wp-content\/uploads\/2018\/10\/1538812178_oktay-esedov.jpg",650,387,false],"thumbnail":["https:\/\/arantv.az\/wp-content\/uploads\/2018\/10\/1538812178_oktay-esedov-150x150.jpg",150,150,true],"medium":["https:\/\/arantv.az\/wp-content\/uploads\/2018\/10\/1538812178_oktay-esedov-300x179.jpg",300,179,true],"large":["https:\/\/arantv.az\/wp-content\/uploads\/2018\/10\/1538812178_oktay-esedov.jpg",640,381,false],"1536x1536":["https:\/\/arantv.az\/wp-content\/uploads\/2018\/10\/1538812178_oktay-esedov.jpg",650,387,false],"2048x2048":["https:\/\/arantv.az\/wp-content\/uploads\/2018\/10\/1538812178_oktay-esedov.jpg",650,387,false],"post-thumbnail":["https:\/\/arantv.az\/wp-content\/uploads\/2018\/10\/1538812178_oktay-esedov-240x172.jpg",240,172,true],"advps-thumb-one":["https:\/\/arantv.az\/wp-content\/uploads\/2018\/10\/1538812178_oktay-esedov.jpg",650,387,false]},"rttpg_author":{"display_name":"V\u00fcsal Rafiqo\u011flu","author_link":"https:\/\/arantv.az\/?author=2"},"rttpg_comment":0,"rttpg_category":"<a href=\"https:\/\/arantv.az\/?cat=19\" rel=\"category\">G\u00fcnd\u0259m<\/a>","rttpg_excerpt":"Az\u0259rbaycan Milli M\u0259clisinin s\u0259dri Oqtay \u018fs\u0259dovun ba\u015f\u00e7\u0131l\u0131q etdiyi n\u00fcmay\u0259nd\u0259 hey\u0259ti oktyabr\u0131n 8-9-da T\u00fcrkiy\u0259nin Antalya \u015f\u0259h\u0259rind\u0259 s\u0259f\u0259rd\u0259 olacaq. ARANTV.AZ\u00a0\u00a0\u201creport\u201da istinad\u0259n x\u0259b\u0259r verir ki, s\u0259f\u0259rd\u0259 m\u0259qs\u0259d Avrasiya \u00f6lk\u0259l\u0259ri parlament s\u0259drl\u0259rinin 3-c\u00fc g\u00f6r\u00fc\u015f\u00fcnd\u0259 i\u015ftirak etm\u0259kdir. T\u0259dbir\u0259 40-dan \u00e7ox \u00f6lk\u0259nin parlament n\u00fcmay\u0259nd\u0259l\u0259ri v\u0259 bir s\u0131ra beyn\u0259lxalq t\u0259\u015fkilatlar\u0131n t\u0259msil\u00e7il\u0259ri qat\u0131lacaqlar. Toplant\u0131da \u201cAvrasiyada iqtisadi \u0259m\u0259kda\u015fl\u0131q, \u0259traf m\u00fchit v\u0259 davaml\u0131 inki\u015faf\u201d m\u00f6vzusunda&hellip;","_links":{"self":[{"href":"https:\/\/arantv.az\/index.php?rest_route=\/wp\/v2\/posts\/17393"}],"collection":[{"href":"https:\/\/arantv.az\/index.php?rest_route=\/wp\/v2\/posts"}],"about":[{"href":"https:\/\/arantv.az\/index.php?rest_route=\/wp\/v2\/types\/post"}],"author":[{"embeddable":true,"href":"https:\/\/arantv.az\/index.php?rest_route=\/wp\/v2\/users\/2"}],"replies":[{"embeddable":true,"href":"https:\/\/arantv.az\/index.php?rest_route=%2Fwp%2Fv2%2Fcomments&post=17393"}],"version-history":[{"count":0,"href":"https:\/\/arantv.az\/index.php?rest_route=\/wp\/v2\/posts\/17393\/revisions"}],"wp:featuredmedia":[{"embeddable":true,"href":"https:\/\/arantv.az\/index.php?rest_route=\/wp\/v2\/media\/17394"}],"wp:attachment":[{"href":"https:\/\/arantv.az\/index.php?rest_route=%2Fwp%2Fv2%2Fmedia&parent=17393"}],"wp:term":[{"taxonomy":"category","embeddable":true,"href":"https:\/\/arantv.az\/index.php?rest_route=%2Fwp%2Fv2%2Fcategories&post=17393"},{"taxonomy":"post_tag","embeddable":true,"href":"https:\/\/arantv.az\/index.php?rest_route=%2Fwp%2Fv2%2Ftags&post=17393"}],"curies":[{"name":"wp","href":"https:\/\/api.w.org\/{rel}","templated":true}]}}