{"id":17404,"date":"2018-10-06T14:09:07","date_gmt":"2018-10-06T11:09:07","guid":{"rendered":"http:\/\/arantv.az\/?p=17404"},"modified":"2018-10-06T14:09:07","modified_gmt":"2018-10-06T11:09:07","slug":"almaniya-cempionatinin-bombardiri-futbol-millimiz%c9%99-cagirildi-r%c9%99smi","status":"publish","type":"post","link":"https:\/\/arantv.az\/?p=17404","title":{"rendered":"Almaniya \u00e7empionat\u0131n\u0131n bombardiri futbol millimiz\u0259 \u00e7a\u011f\u0131r\u0131ld\u0131 \u2013 R\u018fSM\u0130"},"content":{"rendered":"<p>Az\u0259rbaycan millisinin UEFA Mill\u0259tl\u0259r Liqas\u0131ndak\u0131 n\u00f6vb\u0259ti iki oyun \u00fc\u00e7\u00fcn hey\u0259ti a\u00e7\u0131qlan\u0131b.<\/p>\n<p><b>ARANTV.AZ\u00a0<\/b>x\u0259b\u0259r verir ki, ba\u015f m\u0259\u015fq\u00e7i\u00a0<strong>Qurban Qurbanov<\/strong>\u00a023 oyun\u00e7uya d\u0259v\u0259t g\u00f6nd\u0259rib.<\/p>\n<p>H\u0259min futbol\u00e7ular oktyabr\u0131n 11-d\u0259 s\u0259f\u0259rd\u0259 Farer adalar\u0131, 14-d\u0259 is\u0259 Bak\u0131 Olimpiya Stadionunda Malta il\u0259 qar\u015f\u0131la\u015fmada ba\u015f m\u0259\u015fq\u00e7inin ixtiyar\u0131nda olacaq.<\/p>\n<p>Almaniya 3-c\u00fc Liqas\u0131n\u0131n alt\u0131 qolla bombardiri olan\u00a0<strong>R\u00fcf\u0259t Dada\u015fov<\/strong>\u00a0(<strong>Renat Dada\u015fov<\/strong>un b\u00f6y\u00fck qarda\u015f\u0131 \u2013 S.M.) ilk d\u0259f\u0259 Qurbanovun \u00e7al\u0131\u015fd\u0131rd\u0131\u011f\u0131 y\u0131\u011fmaya \u00e7a\u011f\u0131r\u0131l\u0131b. O \u0259vv\u0259ll\u0259r y\u0131\u011fmam\u0131zda 16 oyun ke\u00e7irib v\u0259 d\u00f6rd qola imza at\u0131b.<\/p>\n<p><strong>Qap\u0131\u00e7\u0131lar:<\/strong>\u00a0Kamran A\u011fayev (\u201cKe\u015fl\u0259\u201d), S\u0259lah\u0259t A\u011fayev (\u201cNeft\u00e7i\u201d), \u015eahruddin M\u0259h\u0259mm\u0259d\u0259liyev (\u201cQaraba\u011f\u201d);<\/p>\n<p><strong>M\u00fcdafi\u0259\u00e7il\u0259r:<\/strong>\u00a0Maksim Medvedev, B\u0259d\u0259vi H\u00fcseynov, Rahil M\u0259mm\u0259dov (h\u0259r \u00fc\u00e7\u00fc \u201cQaraba\u011f\u201d), M\u0259h\u0259mm\u0259d Mirz\u0259b\u0259yov (\u201cNeft\u00e7i\u201d), T\u0259mkin X\u0259lilzad\u0259, Urfan Abbasov (h\u0259r ikisi \u201cQ\u0259b\u0259l\u0259\u201d), B\u0259xtiyar H\u0259s\u0259nal\u0131zad\u0259 (\u201cSumqay\u0131t\u201d), Pavel Pa\u015fayev (\u201cAleksandriya\u201d, Ukrayna);<\/p>\n<p><strong>Yar\u0131mm\u00fcdafi\u0259\u00e7il\u0259r:<\/strong>\u00a0Qara Qarayev, Araz Abdullayev (h\u0259r ikisi \u201cQaraba\u011f\u201d), Emin Mahmudov, Namiq \u018fl\u0259sg\u0259rov (h\u0259r ikisi \u201cNeft\u00e7i\u201d), Rahid \u018fmirquliyev (\u201cS\u0259bail\u201d), Cavid \u0130mamverdiyev (\u201cSabah\u201d), Ri\u00e7ard Almeyda (\u201cAstana\u201d, Qazax\u0131stan), Dmitri N\u0259z\u0259rov (\u201cErtsqebirqe\u201d, Almaniya);<\/p>\n<p><strong>H\u00fccum\u00e7ular:<\/strong>\u00a0Mahir M\u0259d\u0259tov (\u201cQaraba\u011f\u201d), Ramil \u015eeydayev (\u201cKr\u0131lya Sovetov\u201d, Rusiya), R\u00fcf\u0259t Dada\u015fov (\u201cProyssen\u201d, Almaniya), Ruslan Qurbanov (\u201cS\u0259bail\u201d).oxu.az<\/p>\n","protected":false},"excerpt":{"rendered":"<p>Az\u0259rbaycan millisinin UEFA Mill\u0259tl\u0259r Liqas\u0131ndak\u0131 n\u00f6vb\u0259ti iki oyun \u00fc\u00e7\u00fcn hey\u0259ti a\u00e7\u0131qlan\u0131b. ARANTV.AZ\u00a0x\u0259b\u0259r verir ki, ba\u015f m\u0259\u015fq\u00e7i\u00a0Qurban Qurbanov\u00a023 oyun\u00e7uya d\u0259v\u0259t g\u00f6nd\u0259rib. H\u0259min futbol\u00e7ular oktyabr\u0131n 11-d\u0259 s\u0259f\u0259rd\u0259 Farer adalar\u0131, 14-d\u0259 is\u0259 Bak\u0131 Olimpiya Stadionunda Malta il\u0259 qar\u015f\u0131la\u015fmada ba\u015f m\u0259\u015fq\u00e7inin ixtiyar\u0131nda olacaq. Almaniya 3-c\u00fc Liqas\u0131n\u0131n alt\u0131 qolla bombardiri olan\u00a0R\u00fcf\u0259t Dada\u015fov\u00a0(Renat Dada\u015fovun b\u00f6y\u00fck qarda\u015f\u0131 \u2013 S.M.) ilk d\u0259f\u0259 Qurbanovun \u00e7al\u0131\u015fd\u0131rd\u0131\u011f\u0131 y\u0131\u011fmaya \u00e7a\u011f\u0131r\u0131l\u0131b. O \u0259vv\u0259ll\u0259r y\u0131\u011fmam\u0131zda 16 oyun ke\u00e7irib v\u0259 d\u00f6rd qola imza at\u0131b. Qap\u0131\u00e7\u0131lar:\u00a0Kamran A\u011fayev (\u201cKe\u015fl\u0259\u201d), S\u0259lah\u0259t A\u011fayev (\u201cNeft\u00e7i\u201d), \u015eahruddin M\u0259h\u0259mm\u0259d\u0259liyev (\u201cQaraba\u011f\u201d); M\u00fcdafi\u0259\u00e7il\u0259r:\u00a0Maksim Medvedev, B\u0259d\u0259vi H\u00fcseynov, Rahil M\u0259mm\u0259dov (h\u0259r \u00fc\u00e7\u00fc \u201cQaraba\u011f\u201d), M\u0259h\u0259mm\u0259d Mirz\u0259b\u0259yov (\u201cNeft\u00e7i\u201d),&hellip;<\/p>\n","protected":false},"author":2,"featured_media":17405,"comment_status":"closed","ping_status":"closed","sticky":false,"template":"","format":"standard","meta":{"om_disable_all_campaigns":false,"_monsterinsights_skip_tracking":false,"_monsterinsights_sitenote_active":false,"_monsterinsights_sitenote_note":"","_monsterinsights_sitenote_category":0},"categories":[6],"tags":[],"aioseo_notices":[],"gutentor_comment":0,"rttpg_featured_image_url":{"full":["https:\/\/arantv.az\/wp-content\/uploads\/2018\/10\/rufat.jpg",620,400,false],"landscape":["https:\/\/arantv.az\/wp-content\/uploads\/2018\/10\/rufat.jpg",620,400,false],"portraits":["https:\/\/arantv.az\/wp-content\/uploads\/2018\/10\/rufat.jpg",620,400,false],"thumbnail":["https:\/\/arantv.az\/wp-content\/uploads\/2018\/10\/rufat-150x150.jpg",150,150,true],"medium":["https:\/\/arantv.az\/wp-content\/uploads\/2018\/10\/rufat-300x194.jpg",300,194,true],"large":["https:\/\/arantv.az\/wp-content\/uploads\/2018\/10\/rufat.jpg",620,400,false],"1536x1536":["https:\/\/arantv.az\/wp-content\/uploads\/2018\/10\/rufat.jpg",620,400,false],"2048x2048":["https:\/\/arantv.az\/wp-content\/uploads\/2018\/10\/rufat.jpg",620,400,false],"post-thumbnail":["https:\/\/arantv.az\/wp-content\/uploads\/2018\/10\/rufat-240x172.jpg",240,172,true],"advps-thumb-one":["https:\/\/arantv.az\/wp-content\/uploads\/2018\/10\/rufat.jpg",620,400,false]},"rttpg_author":{"display_name":"V\u00fcsal Rafiqo\u011flu","author_link":"https:\/\/arantv.az\/?author=2"},"rttpg_comment":0,"rttpg_category":"<a href=\"https:\/\/arantv.az\/?cat=6\" rel=\"category\">\u0130dman<\/a>","rttpg_excerpt":"Az\u0259rbaycan millisinin UEFA Mill\u0259tl\u0259r Liqas\u0131ndak\u0131 n\u00f6vb\u0259ti iki oyun \u00fc\u00e7\u00fcn hey\u0259ti a\u00e7\u0131qlan\u0131b. ARANTV.AZ\u00a0x\u0259b\u0259r verir ki, ba\u015f m\u0259\u015fq\u00e7i\u00a0Qurban Qurbanov\u00a023 oyun\u00e7uya d\u0259v\u0259t g\u00f6nd\u0259rib. H\u0259min futbol\u00e7ular oktyabr\u0131n 11-d\u0259 s\u0259f\u0259rd\u0259 Farer adalar\u0131, 14-d\u0259 is\u0259 Bak\u0131 Olimpiya Stadionunda Malta il\u0259 qar\u015f\u0131la\u015fmada ba\u015f m\u0259\u015fq\u00e7inin ixtiyar\u0131nda olacaq. Almaniya 3-c\u00fc Liqas\u0131n\u0131n alt\u0131 qolla bombardiri olan\u00a0R\u00fcf\u0259t Dada\u015fov\u00a0(Renat Dada\u015fovun b\u00f6y\u00fck qarda\u015f\u0131 \u2013 S.M.) ilk d\u0259f\u0259 Qurbanovun&hellip;","_links":{"self":[{"href":"https:\/\/arantv.az\/index.php?rest_route=\/wp\/v2\/posts\/17404"}],"collection":[{"href":"https:\/\/arantv.az\/index.php?rest_route=\/wp\/v2\/posts"}],"about":[{"href":"https:\/\/arantv.az\/index.php?rest_route=\/wp\/v2\/types\/post"}],"author":[{"embeddable":true,"href":"https:\/\/arantv.az\/index.php?rest_route=\/wp\/v2\/users\/2"}],"replies":[{"embeddable":true,"href":"https:\/\/arantv.az\/index.php?rest_route=%2Fwp%2Fv2%2Fcomments&post=17404"}],"version-history":[{"count":0,"href":"https:\/\/arantv.az\/index.php?rest_route=\/wp\/v2\/posts\/17404\/revisions"}],"wp:featuredmedia":[{"embeddable":true,"href":"https:\/\/arantv.az\/index.php?rest_route=\/wp\/v2\/media\/17405"}],"wp:attachment":[{"href":"https:\/\/arantv.az\/index.php?rest_route=%2Fwp%2Fv2%2Fmedia&parent=17404"}],"wp:term":[{"taxonomy":"category","embeddable":true,"href":"https:\/\/arantv.az\/index.php?rest_route=%2Fwp%2Fv2%2Fcategories&post=17404"},{"taxonomy":"post_tag","embeddable":true,"href":"https:\/\/arantv.az\/index.php?rest_route=%2Fwp%2Fv2%2Ftags&post=17404"}],"curies":[{"name":"wp","href":"https:\/\/api.w.org\/{rel}","templated":true}]}}