{"id":17450,"date":"2018-10-06T14:45:04","date_gmt":"2018-10-06T11:45:04","guid":{"rendered":"http:\/\/arantv.az\/?p=17450"},"modified":"2018-10-06T14:45:04","modified_gmt":"2018-10-06T11:45:04","slug":"c%c9%99msid-naxcivanski-adina-h%c9%99rbi-liseyd%c9%99-beyn%c9%99lxalq-mu%c9%99lliml%c9%99r-gunu-qeyd-edilib","status":"publish","type":"post","link":"https:\/\/arantv.az\/?p=17450","title":{"rendered":"C\u0259m\u015fid Nax\u00e7\u0131vanski ad\u0131na H\u0259rbi liseyd\u0259 Beyn\u0259lxalq M\u00fc\u0259lliml\u0259r G\u00fcn\u00fc qeyd edilib"},"content":{"rendered":"<div class=\"vi_in_desc\">\n<div class=\"vi_text\">\n<p><strong>ARANTV.AZ<\/strong> x\u0259b\u0259r verir ki, Oktyabr\u0131n 5-d\u0259 C\u0259m\u015fid Nax\u00e7\u0131vanski ad\u0131na H\u0259rbi liseyd\u0259 Beyn\u0259lxalq M\u00fc\u0259lliml\u0259r G\u00fcn\u00fc t\u0259nt\u0259n\u0259li sur\u0259td\u0259 qeyd edilib. \u00dcmummilli lider Heyd\u0259r \u018fliyevin v\u0259 V\u0259t\u0259nimizin m\u00fcst\u0259qilliyi, \u0259razi b\u00fct\u00f6vl\u00fcy\u00fc u\u011frunda\u00a0 \u015f\u0259hid olanlar\u0131n\u00a0 xatir\u0259si bir d\u0259qiq\u0259lik s\u00fckutla yad edilib, D\u00f6vl\u0259t himni s\u0259sl\u0259ndirilib.<br \/>\nM\u00fc\u0259llim v\u0259 kursant hey\u0259tinin i\u015ftirak etdiyi t\u0259dbird\u0259 \u0259vv\u0259lc\u0259 H\u0259rbi liseyin r\u0259isi general-mayor B\u0259kir Orucov Beyn\u0259lxalq M\u00fc\u0259lliml\u0259r G\u00fcn\u00fc m\u00fcnasib\u0259til\u0259 pedaqoji kollektivi t\u0259brik edib.<br \/>\nH\u0259rbi liseyin bir qrup m\u00fc\u0259llimi kursantlar\u0131n v\u0259t\u0259np\u0259rv\u0259rlik ruhunda t\u0259rbiy\u0259 olunmas\u0131nda \u0259ld\u0259 etdiyi nailiyy\u0259tl\u0259r\u0259, \u015f\u0259r\u0259fli pe\u015f\u0259 borcunu layiqinc\u0259 yerin\u0259 yetirdiyin\u0259 g\u00f6r\u0259 r\u0259hb\u0259rlik ad\u0131ndan t\u0259\u015f\u0259kk\u00fcr v\u0259 f\u0259xri f\u0259rmanlarla t\u0259ltif olunub.<br \/>\nSonda H\u0259zi Aslanov ad\u0131na M\u0259rk\u0259zi Zabitl\u0259r Evinin Mahn\u0131 v\u0259 R\u0259qs Ansambl\u0131\u00a0 konsert proqram\u0131 il\u0259 \u00e7\u0131x\u0131\u015f edib.<\/p>\n<\/div>\n<div class=\"bx-wrapper\">\n<div class=\"bx-viewport\">\n<ul class=\"bxslider\">\n<li class=\"bx-clone\"><a class=\"fancybox\" href=\"https:\/\/mod.gov.az\/\/images\/gallery\/95289515872afa4a7eab7756a6f21a74.jpg\" rel=\"group31548\"><img src=\"https:\/\/mod.gov.az\/\/images\/gallery\/95289515872afa4a7eab7756a6f21a74.jpg\" \/><\/a><\/li>\n<li><a class=\"fancybox\" href=\"https:\/\/mod.gov.az\/\/images\/gallery\/939b65d280e1a933595b1f1d1bbf32c6.jpg\" rel=\"group31548\"><img src=\"https:\/\/mod.gov.az\/\/images\/gallery\/939b65d280e1a933595b1f1d1bbf32c6.jpg\" \/><\/a><\/li>\n<li><a class=\"fancybox\" href=\"https:\/\/mod.gov.az\/\/images\/gallery\/059157188ebf8f1f4541e68067da3c00.jpg\" rel=\"group31548\"><img src=\"https:\/\/mod.gov.az\/\/images\/gallery\/059157188ebf8f1f4541e68067da3c00.jpg\" \/><\/a><\/li>\n<\/ul>\n<\/div>\n<\/div>\n<\/div>\n<div><\/div>\n","protected":false},"excerpt":{"rendered":"<p>ARANTV.AZ x\u0259b\u0259r verir ki, Oktyabr\u0131n 5-d\u0259 C\u0259m\u015fid Nax\u00e7\u0131vanski ad\u0131na H\u0259rbi liseyd\u0259 Beyn\u0259lxalq M\u00fc\u0259lliml\u0259r G\u00fcn\u00fc t\u0259nt\u0259n\u0259li sur\u0259td\u0259 qeyd edilib. \u00dcmummilli lider Heyd\u0259r \u018fliyevin v\u0259 V\u0259t\u0259nimizin m\u00fcst\u0259qilliyi, \u0259razi b\u00fct\u00f6vl\u00fcy\u00fc u\u011frunda\u00a0 \u015f\u0259hid olanlar\u0131n\u00a0 xatir\u0259si bir d\u0259qiq\u0259lik s\u00fckutla yad edilib, D\u00f6vl\u0259t himni s\u0259sl\u0259ndirilib. M\u00fc\u0259llim v\u0259 kursant hey\u0259tinin i\u015ftirak etdiyi t\u0259dbird\u0259 \u0259vv\u0259lc\u0259 H\u0259rbi liseyin r\u0259isi general-mayor B\u0259kir Orucov Beyn\u0259lxalq M\u00fc\u0259lliml\u0259r G\u00fcn\u00fc m\u00fcnasib\u0259til\u0259 pedaqoji kollektivi t\u0259brik edib. H\u0259rbi liseyin bir qrup m\u00fc\u0259llimi kursantlar\u0131n v\u0259t\u0259np\u0259rv\u0259rlik ruhunda t\u0259rbiy\u0259 olunmas\u0131nda \u0259ld\u0259 etdiyi nailiyy\u0259tl\u0259r\u0259, \u015f\u0259r\u0259fli pe\u015f\u0259 borcunu layiqinc\u0259 yerin\u0259 yetirdiyin\u0259 g\u00f6r\u0259 r\u0259hb\u0259rlik ad\u0131ndan t\u0259\u015f\u0259kk\u00fcr v\u0259 f\u0259xri f\u0259rmanlarla t\u0259ltif olunub. Sonda&hellip;<\/p>\n","protected":false},"author":2,"featured_media":17451,"comment_status":"closed","ping_status":"closed","sticky":false,"template":"","format":"standard","meta":{"om_disable_all_campaigns":false,"_monsterinsights_skip_tracking":false,"_monsterinsights_sitenote_active":false,"_monsterinsights_sitenote_note":"","_monsterinsights_sitenote_category":0},"categories":[1],"tags":[],"aioseo_notices":[],"gutentor_comment":0,"rttpg_featured_image_url":{"full":["https:\/\/arantv.az\/wp-content\/uploads\/2018\/10\/939b65d280e1a933595b1f1d1bbf32c6.jpg",1000,667,false],"landscape":["https:\/\/arantv.az\/wp-content\/uploads\/2018\/10\/939b65d280e1a933595b1f1d1bbf32c6.jpg",1000,667,false],"portraits":["https:\/\/arantv.az\/wp-content\/uploads\/2018\/10\/939b65d280e1a933595b1f1d1bbf32c6.jpg",1000,667,false],"thumbnail":["https:\/\/arantv.az\/wp-content\/uploads\/2018\/10\/939b65d280e1a933595b1f1d1bbf32c6-150x150.jpg",150,150,true],"medium":["https:\/\/arantv.az\/wp-content\/uploads\/2018\/10\/939b65d280e1a933595b1f1d1bbf32c6-300x200.jpg",300,200,true],"large":["https:\/\/arantv.az\/wp-content\/uploads\/2018\/10\/939b65d280e1a933595b1f1d1bbf32c6.jpg",640,427,false],"1536x1536":["https:\/\/arantv.az\/wp-content\/uploads\/2018\/10\/939b65d280e1a933595b1f1d1bbf32c6.jpg",1000,667,false],"2048x2048":["https:\/\/arantv.az\/wp-content\/uploads\/2018\/10\/939b65d280e1a933595b1f1d1bbf32c6.jpg",1000,667,false],"post-thumbnail":["https:\/\/arantv.az\/wp-content\/uploads\/2018\/10\/939b65d280e1a933595b1f1d1bbf32c6-240x172.jpg",240,172,true],"advps-thumb-one":["https:\/\/arantv.az\/wp-content\/uploads\/2018\/10\/939b65d280e1a933595b1f1d1bbf32c6-1000x620.jpg",1000,620,true]},"rttpg_author":{"display_name":"V\u00fcsal Rafiqo\u011flu","author_link":"https:\/\/arantv.az\/?author=2"},"rttpg_comment":0,"rttpg_category":"<a href=\"https:\/\/arantv.az\/?cat=1\" rel=\"category\">C\u0259miyy\u0259t<\/a>","rttpg_excerpt":"ARANTV.AZ x\u0259b\u0259r verir ki, Oktyabr\u0131n 5-d\u0259 C\u0259m\u015fid Nax\u00e7\u0131vanski ad\u0131na H\u0259rbi liseyd\u0259 Beyn\u0259lxalq M\u00fc\u0259lliml\u0259r G\u00fcn\u00fc t\u0259nt\u0259n\u0259li sur\u0259td\u0259 qeyd edilib. \u00dcmummilli lider Heyd\u0259r \u018fliyevin v\u0259 V\u0259t\u0259nimizin m\u00fcst\u0259qilliyi, \u0259razi b\u00fct\u00f6vl\u00fcy\u00fc u\u011frunda\u00a0 \u015f\u0259hid olanlar\u0131n\u00a0 xatir\u0259si bir d\u0259qiq\u0259lik s\u00fckutla yad edilib, D\u00f6vl\u0259t himni s\u0259sl\u0259ndirilib. M\u00fc\u0259llim v\u0259 kursant hey\u0259tinin i\u015ftirak etdiyi t\u0259dbird\u0259 \u0259vv\u0259lc\u0259 H\u0259rbi liseyin r\u0259isi general-mayor B\u0259kir Orucov Beyn\u0259lxalq M\u00fc\u0259lliml\u0259r&hellip;","_links":{"self":[{"href":"https:\/\/arantv.az\/index.php?rest_route=\/wp\/v2\/posts\/17450"}],"collection":[{"href":"https:\/\/arantv.az\/index.php?rest_route=\/wp\/v2\/posts"}],"about":[{"href":"https:\/\/arantv.az\/index.php?rest_route=\/wp\/v2\/types\/post"}],"author":[{"embeddable":true,"href":"https:\/\/arantv.az\/index.php?rest_route=\/wp\/v2\/users\/2"}],"replies":[{"embeddable":true,"href":"https:\/\/arantv.az\/index.php?rest_route=%2Fwp%2Fv2%2Fcomments&post=17450"}],"version-history":[{"count":0,"href":"https:\/\/arantv.az\/index.php?rest_route=\/wp\/v2\/posts\/17450\/revisions"}],"wp:featuredmedia":[{"embeddable":true,"href":"https:\/\/arantv.az\/index.php?rest_route=\/wp\/v2\/media\/17451"}],"wp:attachment":[{"href":"https:\/\/arantv.az\/index.php?rest_route=%2Fwp%2Fv2%2Fmedia&parent=17450"}],"wp:term":[{"taxonomy":"category","embeddable":true,"href":"https:\/\/arantv.az\/index.php?rest_route=%2Fwp%2Fv2%2Fcategories&post=17450"},{"taxonomy":"post_tag","embeddable":true,"href":"https:\/\/arantv.az\/index.php?rest_route=%2Fwp%2Fv2%2Ftags&post=17450"}],"curies":[{"name":"wp","href":"https:\/\/api.w.org\/{rel}","templated":true}]}}