{"id":17459,"date":"2018-10-06T14:49:20","date_gmt":"2018-10-06T11:49:20","guid":{"rendered":"http:\/\/arantv.az\/?p=17459"},"modified":"2018-10-06T14:49:20","modified_gmt":"2018-10-06T11:49:20","slug":"sahil-babayeva-daha-bir-v%c9%99zif%c9%99-verildi-s%c9%99r%c9%99ncam","status":"publish","type":"post","link":"https:\/\/arantv.az\/?p=17459","title":{"rendered":"Sahil Babayeva daha bir v\u0259zif\u0259 verildi \u2014 S\u018fR\u018fNCAM"},"content":{"rendered":"<div class=\"spot\">Prezident \u0130lham \u018fliyev \u201cAz\u0259rbaycan Respublikas\u0131 H\u00f6kum\u0259ti v\u0259 Rum\u0131niya H\u00f6kum\u0259ti aras\u0131nda ticar\u0259t-iqtisadi \u0259laq\u0259l\u0259r v\u0259 elmi-texniki \u0259m\u0259kda\u015fl\u0131q \u00fczr\u0259 M\u00fc\u015ft\u0259r\u0259k Komissiyan\u0131n Az\u0259rbaycan Respublikas\u0131 t\u0259r\u0259find\u0259n yeni t\u0259rkibinin t\u0259sdiq edilm\u0259si haqq\u0131nda\u201d s\u0259r\u0259ncamda d\u0259yi\u015fiklik edilm\u0259si bar\u0259d\u0259 s\u0259r\u0259ncam imzalay\u0131b.<\/div>\n<p><strong>ARANTV.AZ<\/strong> x\u0259b\u0259r verir ki, s\u0259r\u0259camla komissiyan\u0131n t\u0259rkibi yeni redaksiyada verilib.<\/p>\n<p>Komissiyan\u0131n s\u0259dri \u0259m\u0259k v\u0259 \u0259halinin sosial m\u00fcdafi\u0259si naziri Sahil Babayevdir.<\/p>\n<div id=\"AdributorNativeVideo0\" class=\"AdributorNativeVideo\"><\/div>\n<p>Komissiyan\u0131n \u00fczvl\u0259ri siyah\u0131s\u0131na xarici i\u015fl\u0259r nazirinin m\u00fcavini, iqtisadiyyat nazirinin m\u00fcavini, energetika nazirinin m\u00fcavini, m\u0259d\u0259niyy\u0259t nazirinin m\u00fcavini, n\u0259qliyyat, rabit\u0259 v\u0259 y\u00fcks\u0259k texnologiyalar nazirinin m\u00fcavini, k\u0259nd t\u0259s\u0259rr\u00fcfat\u0131 nazirinin m\u00fcavini, t\u0259hsil nazirinin m\u00fcavini, s\u0259hiyy\u0259 nazirinin m\u00fcavini, D\u00f6vl\u0259t Turizm Agentliyinin s\u0259dri, D\u00f6vl\u0259t Neft \u015eirk\u0259tinin vitse-prezidenti, M\u0259rk\u0259zi Bank\u0131 s\u0259drinin m\u00fcavini, Az\u0259rbaycan\u0131n Rum\u0131niyadak\u0131 f\u00f6vq\u0259lad\u0259 v\u0259 s\u0259lahiyy\u0259tli s\u0259firi daxildir.<\/p>\n<p>S\u0259r\u0259ncamla Xarici \u0130\u015fl\u0259r Nazirliyin\u0259 d\u0259yi\u015fiklik bar\u0259d\u0259 Rum\u0131niya t\u0259r\u0259fin\u0259 bildiri\u015f g\u00f6nd\u0259rilm\u0259si tap\u015f\u0131r\u0131l\u0131b.\u00f6lk\u0259.az<\/p>\n","protected":false},"excerpt":{"rendered":"<p>Prezident \u0130lham \u018fliyev \u201cAz\u0259rbaycan Respublikas\u0131 H\u00f6kum\u0259ti v\u0259 Rum\u0131niya H\u00f6kum\u0259ti aras\u0131nda ticar\u0259t-iqtisadi \u0259laq\u0259l\u0259r v\u0259 elmi-texniki \u0259m\u0259kda\u015fl\u0131q \u00fczr\u0259 M\u00fc\u015ft\u0259r\u0259k Komissiyan\u0131n Az\u0259rbaycan Respublikas\u0131 t\u0259r\u0259find\u0259n yeni t\u0259rkibinin t\u0259sdiq edilm\u0259si haqq\u0131nda\u201d s\u0259r\u0259ncamda d\u0259yi\u015fiklik edilm\u0259si bar\u0259d\u0259 s\u0259r\u0259ncam imzalay\u0131b. ARANTV.AZ x\u0259b\u0259r verir ki, s\u0259r\u0259camla komissiyan\u0131n t\u0259rkibi yeni redaksiyada verilib. Komissiyan\u0131n s\u0259dri \u0259m\u0259k v\u0259 \u0259halinin sosial m\u00fcdafi\u0259si naziri Sahil Babayevdir. Komissiyan\u0131n \u00fczvl\u0259ri siyah\u0131s\u0131na xarici i\u015fl\u0259r nazirinin m\u00fcavini, iqtisadiyyat nazirinin m\u00fcavini, energetika nazirinin m\u00fcavini, m\u0259d\u0259niyy\u0259t nazirinin m\u00fcavini, n\u0259qliyyat, rabit\u0259 v\u0259 y\u00fcks\u0259k texnologiyalar nazirinin m\u00fcavini, k\u0259nd t\u0259s\u0259rr\u00fcfat\u0131 nazirinin m\u00fcavini, t\u0259hsil nazirinin m\u00fcavini, s\u0259hiyy\u0259 nazirinin m\u00fcavini, D\u00f6vl\u0259t Turizm Agentliyinin s\u0259dri, D\u00f6vl\u0259t&hellip;<\/p>\n","protected":false},"author":2,"featured_media":17460,"comment_status":"closed","ping_status":"closed","sticky":false,"template":"","format":"standard","meta":{"om_disable_all_campaigns":false,"_monsterinsights_skip_tracking":false,"_monsterinsights_sitenote_active":false,"_monsterinsights_sitenote_note":"","_monsterinsights_sitenote_category":0},"categories":[19],"tags":[],"aioseo_notices":[],"gutentor_comment":0,"rttpg_featured_image_url":{"full":["https:\/\/arantv.az\/wp-content\/uploads\/2018\/10\/sahilb.jpg",620,375,false],"landscape":["https:\/\/arantv.az\/wp-content\/uploads\/2018\/10\/sahilb.jpg",620,375,false],"portraits":["https:\/\/arantv.az\/wp-content\/uploads\/2018\/10\/sahilb.jpg",620,375,false],"thumbnail":["https:\/\/arantv.az\/wp-content\/uploads\/2018\/10\/sahilb-150x150.jpg",150,150,true],"medium":["https:\/\/arantv.az\/wp-content\/uploads\/2018\/10\/sahilb-300x181.jpg",300,181,true],"large":["https:\/\/arantv.az\/wp-content\/uploads\/2018\/10\/sahilb.jpg",620,375,false],"1536x1536":["https:\/\/arantv.az\/wp-content\/uploads\/2018\/10\/sahilb.jpg",620,375,false],"2048x2048":["https:\/\/arantv.az\/wp-content\/uploads\/2018\/10\/sahilb.jpg",620,375,false],"post-thumbnail":["https:\/\/arantv.az\/wp-content\/uploads\/2018\/10\/sahilb-240x172.jpg",240,172,true],"advps-thumb-one":["https:\/\/arantv.az\/wp-content\/uploads\/2018\/10\/sahilb.jpg",620,375,false]},"rttpg_author":{"display_name":"V\u00fcsal Rafiqo\u011flu","author_link":"https:\/\/arantv.az\/?author=2"},"rttpg_comment":0,"rttpg_category":"<a href=\"https:\/\/arantv.az\/?cat=19\" rel=\"category\">G\u00fcnd\u0259m<\/a>","rttpg_excerpt":"Prezident \u0130lham \u018fliyev \u201cAz\u0259rbaycan Respublikas\u0131 H\u00f6kum\u0259ti v\u0259 Rum\u0131niya H\u00f6kum\u0259ti aras\u0131nda ticar\u0259t-iqtisadi \u0259laq\u0259l\u0259r v\u0259 elmi-texniki \u0259m\u0259kda\u015fl\u0131q \u00fczr\u0259 M\u00fc\u015ft\u0259r\u0259k Komissiyan\u0131n Az\u0259rbaycan Respublikas\u0131 t\u0259r\u0259find\u0259n yeni t\u0259rkibinin t\u0259sdiq edilm\u0259si haqq\u0131nda\u201d s\u0259r\u0259ncamda d\u0259yi\u015fiklik edilm\u0259si bar\u0259d\u0259 s\u0259r\u0259ncam imzalay\u0131b. ARANTV.AZ x\u0259b\u0259r verir ki, s\u0259r\u0259camla komissiyan\u0131n t\u0259rkibi yeni redaksiyada verilib. Komissiyan\u0131n s\u0259dri \u0259m\u0259k v\u0259 \u0259halinin sosial m\u00fcdafi\u0259si naziri Sahil Babayevdir. Komissiyan\u0131n \u00fczvl\u0259ri siyah\u0131s\u0131na&hellip;","_links":{"self":[{"href":"https:\/\/arantv.az\/index.php?rest_route=\/wp\/v2\/posts\/17459"}],"collection":[{"href":"https:\/\/arantv.az\/index.php?rest_route=\/wp\/v2\/posts"}],"about":[{"href":"https:\/\/arantv.az\/index.php?rest_route=\/wp\/v2\/types\/post"}],"author":[{"embeddable":true,"href":"https:\/\/arantv.az\/index.php?rest_route=\/wp\/v2\/users\/2"}],"replies":[{"embeddable":true,"href":"https:\/\/arantv.az\/index.php?rest_route=%2Fwp%2Fv2%2Fcomments&post=17459"}],"version-history":[{"count":0,"href":"https:\/\/arantv.az\/index.php?rest_route=\/wp\/v2\/posts\/17459\/revisions"}],"wp:featuredmedia":[{"embeddable":true,"href":"https:\/\/arantv.az\/index.php?rest_route=\/wp\/v2\/media\/17460"}],"wp:attachment":[{"href":"https:\/\/arantv.az\/index.php?rest_route=%2Fwp%2Fv2%2Fmedia&parent=17459"}],"wp:term":[{"taxonomy":"category","embeddable":true,"href":"https:\/\/arantv.az\/index.php?rest_route=%2Fwp%2Fv2%2Fcategories&post=17459"},{"taxonomy":"post_tag","embeddable":true,"href":"https:\/\/arantv.az\/index.php?rest_route=%2Fwp%2Fv2%2Ftags&post=17459"}],"curies":[{"name":"wp","href":"https:\/\/api.w.org\/{rel}","templated":true}]}}