{"id":17462,"date":"2018-10-06T14:50:42","date_gmt":"2018-10-06T11:50:42","guid":{"rendered":"http:\/\/arantv.az\/?p=17462"},"modified":"2018-10-06T14:50:42","modified_gmt":"2018-10-06T11:50:42","slug":"az%c9%99rbaycanda-mu%c9%99llim-pes%c9%99sinin-ictimai-nufuzu-ilb%c9%99il-artir-hadi-r%c9%99c%c9%99bli","status":"publish","type":"post","link":"https:\/\/arantv.az\/?p=17462","title":{"rendered":"&#8220;Az\u0259rbaycanda m\u00fc\u0259llim pe\u015f\u0259sinin ictimai n\u00fcfuzu ilb\u0259il art\u0131r&#8221; \u2014 Hadi R\u0259c\u0259bli"},"content":{"rendered":"<div class=\"spot\">Milli M\u0259clisin \u018fm\u0259k v\u0259 sosial siyas\u0259t komit\u0259sinin s\u0259dri, deputat Hadi R\u0259c\u0259bli 5 oktyabr \u201cBeyn\u0259lxalq M\u00fc\u0259lliml\u0259r G\u00fcn\u00fc\u201d m\u00fcnasib\u0259til\u0259 bu \u015f\u0259r\u0259fli pe\u015f\u0259 sahibl\u0259rini t\u0259brik edib.<\/div>\n<p><strong>ARANTV.AZ\u00a0<\/strong> x\u0259b\u0259r verir ki, Komit\u0259 s\u0259dri t\u0259brikind\u0259 m\u00fc\u0259lliml\u0259r\u0259 \u0259n xo\u015f arzular\u0131n\u0131 bildirib.<\/p>\n<p>Hadi R\u0259c\u0259bli t\u0259brikind\u0259 qeyd edir ki, m\u00fc\u0259llim b\u00fct\u00fcn zamanlarda \u00f6z t\u0259lim-t\u0259rbiyy\u0259 simvolu, elm m\u0259nb\u0259yi olub y\u00fcks\u0259k insani v\u0259 \u0259m\u0259li keyfiyy\u0259tl\u0259ri il\u0259 h\u0259mi\u015f\u0259 se\u00e7ilib:<\/p>\n<div id=\"AdributorNativeVideo0\" class=\"AdributorNativeVideo\"><\/div>\n<p>&#8220;Sevindirici hald\u0131r ki, \u00f6lk\u0259mizd\u0259 m\u00fc\u0259llim pe\u015f\u0259sinin ictimai n\u00fcfuzu ilb\u0259il art\u0131r. M\u00fc\u0259llim \u0259m\u0259yinin n\u0259tic\u0259sidir ki, c\u0259miyy\u0259t inki\u015faf edir, savadl\u0131, bilikli, geni\u015f d\u00fcnyag\u00f6r\u00fc\u015fl\u00fc, insanlar yeti\u015fir. \u00dcmummilli liderimiz Heyd\u0259r \u018fliyev h\u0259mi\u015f\u0259 m\u00fc\u0259llim \u0259m\u0259yini y\u00fcks\u0259k qiym\u0259tl\u0259ndirib, m\u00fc\u0259llim haqq\u0131nda xo\u015f fikirl\u0259r s\u0259sl\u0259ndirib. O, m\u00fc\u0259lliml\u0259rini minn\u0259tdarl\u0131qla xat\u0131rlayar, onlar\u0131n xidm\u0259tl\u0259ri haqq\u0131nda iftixar hissi v\u0259 sevincl\u0259 dan\u0131\u015fard\u0131. \u00dcmummilli lider Heyd\u0259r \u018fliyev daim onlar\u0131n rifah hal\u0131n\u0131n yax\u015f\u0131la\u015fd\u0131r\u0131lmas\u0131 qay\u011f\u0131s\u0131na qal\u0131b. Bu \u0259n\u0259n\u0259l\u0259r bu g\u00fcn d\u0259 davam edir, geni\u015f \u00e7alarla daha geni\u015f v\u00fcs\u0259t al\u0131r. Biz yax\u015f\u0131 bilirik ki, h\u0259r bir v\u0259t\u0259nda\u015f\u0131n layiqli az\u0259rbaycanl\u0131 kimi yeti\u015fm\u0259sind\u0259 m\u00fc\u0259lliml\u0259rimizin \u0259m\u0259yi \u0259v\u0259zolunmaz v\u0259 dan\u0131lmazd\u0131r. F\u00fcrs\u0259td\u0259n istifad\u0259 edib, m\u00fc\u0259lliml\u0259ri bir daha bu ali bayram m\u00fcnasib\u0259til\u0259 t\u0259brik edir, can sa\u011fl\u0131\u011f\u0131 dil\u0259yir v\u0259 f\u0259aliyy\u0259tl\u0259rind\u0259 u\u011furlar arzu edir\u0259m&#8221;.<\/p>\n<p><em>Vasif H\u0259s\u0259nli<br \/>\n\u00d6lk\u0259.Az<\/em><\/p>\n","protected":false},"excerpt":{"rendered":"<p>Milli M\u0259clisin \u018fm\u0259k v\u0259 sosial siyas\u0259t komit\u0259sinin s\u0259dri, deputat Hadi R\u0259c\u0259bli 5 oktyabr \u201cBeyn\u0259lxalq M\u00fc\u0259lliml\u0259r G\u00fcn\u00fc\u201d m\u00fcnasib\u0259til\u0259 bu \u015f\u0259r\u0259fli pe\u015f\u0259 sahibl\u0259rini t\u0259brik edib. ARANTV.AZ\u00a0 x\u0259b\u0259r verir ki, Komit\u0259 s\u0259dri t\u0259brikind\u0259 m\u00fc\u0259lliml\u0259r\u0259 \u0259n xo\u015f arzular\u0131n\u0131 bildirib. Hadi R\u0259c\u0259bli t\u0259brikind\u0259 qeyd edir ki, m\u00fc\u0259llim b\u00fct\u00fcn zamanlarda \u00f6z t\u0259lim-t\u0259rbiyy\u0259 simvolu, elm m\u0259nb\u0259yi olub y\u00fcks\u0259k insani v\u0259 \u0259m\u0259li keyfiyy\u0259tl\u0259ri il\u0259 h\u0259mi\u015f\u0259 se\u00e7ilib: &#8220;Sevindirici hald\u0131r ki, \u00f6lk\u0259mizd\u0259 m\u00fc\u0259llim pe\u015f\u0259sinin ictimai n\u00fcfuzu ilb\u0259il art\u0131r. M\u00fc\u0259llim \u0259m\u0259yinin n\u0259tic\u0259sidir ki, c\u0259miyy\u0259t inki\u015faf edir, savadl\u0131, bilikli, geni\u015f d\u00fcnyag\u00f6r\u00fc\u015fl\u00fc, insanlar yeti\u015fir. \u00dcmummilli liderimiz Heyd\u0259r \u018fliyev h\u0259mi\u015f\u0259 m\u00fc\u0259llim \u0259m\u0259yini y\u00fcks\u0259k qiym\u0259tl\u0259ndirib,&hellip;<\/p>\n","protected":false},"author":2,"featured_media":17463,"comment_status":"closed","ping_status":"closed","sticky":false,"template":"","format":"standard","meta":{"om_disable_all_campaigns":false,"_monsterinsights_skip_tracking":false,"_monsterinsights_sitenote_active":false,"_monsterinsights_sitenote_note":"","_monsterinsights_sitenote_category":0},"categories":[1],"tags":[],"aioseo_notices":[],"gutentor_comment":0,"rttpg_featured_image_url":{"full":["https:\/\/arantv.az\/wp-content\/uploads\/2018\/10\/hadi.jpg",610,380,false],"landscape":["https:\/\/arantv.az\/wp-content\/uploads\/2018\/10\/hadi.jpg",610,380,false],"portraits":["https:\/\/arantv.az\/wp-content\/uploads\/2018\/10\/hadi.jpg",610,380,false],"thumbnail":["https:\/\/arantv.az\/wp-content\/uploads\/2018\/10\/hadi-150x150.jpg",150,150,true],"medium":["https:\/\/arantv.az\/wp-content\/uploads\/2018\/10\/hadi-300x187.jpg",300,187,true],"large":["https:\/\/arantv.az\/wp-content\/uploads\/2018\/10\/hadi.jpg",610,380,false],"1536x1536":["https:\/\/arantv.az\/wp-content\/uploads\/2018\/10\/hadi.jpg",610,380,false],"2048x2048":["https:\/\/arantv.az\/wp-content\/uploads\/2018\/10\/hadi.jpg",610,380,false],"post-thumbnail":["https:\/\/arantv.az\/wp-content\/uploads\/2018\/10\/hadi-240x172.jpg",240,172,true],"advps-thumb-one":["https:\/\/arantv.az\/wp-content\/uploads\/2018\/10\/hadi.jpg",610,380,false]},"rttpg_author":{"display_name":"V\u00fcsal Rafiqo\u011flu","author_link":"https:\/\/arantv.az\/?author=2"},"rttpg_comment":0,"rttpg_category":"<a href=\"https:\/\/arantv.az\/?cat=1\" rel=\"category\">C\u0259miyy\u0259t<\/a>","rttpg_excerpt":"Milli M\u0259clisin \u018fm\u0259k v\u0259 sosial siyas\u0259t komit\u0259sinin s\u0259dri, deputat Hadi R\u0259c\u0259bli 5 oktyabr \u201cBeyn\u0259lxalq M\u00fc\u0259lliml\u0259r G\u00fcn\u00fc\u201d m\u00fcnasib\u0259til\u0259 bu \u015f\u0259r\u0259fli pe\u015f\u0259 sahibl\u0259rini t\u0259brik edib. ARANTV.AZ\u00a0 x\u0259b\u0259r verir ki, Komit\u0259 s\u0259dri t\u0259brikind\u0259 m\u00fc\u0259lliml\u0259r\u0259 \u0259n xo\u015f arzular\u0131n\u0131 bildirib. Hadi R\u0259c\u0259bli t\u0259brikind\u0259 qeyd edir ki, m\u00fc\u0259llim b\u00fct\u00fcn zamanlarda \u00f6z t\u0259lim-t\u0259rbiyy\u0259 simvolu, elm m\u0259nb\u0259yi olub y\u00fcks\u0259k insani v\u0259 \u0259m\u0259li keyfiyy\u0259tl\u0259ri&hellip;","_links":{"self":[{"href":"https:\/\/arantv.az\/index.php?rest_route=\/wp\/v2\/posts\/17462"}],"collection":[{"href":"https:\/\/arantv.az\/index.php?rest_route=\/wp\/v2\/posts"}],"about":[{"href":"https:\/\/arantv.az\/index.php?rest_route=\/wp\/v2\/types\/post"}],"author":[{"embeddable":true,"href":"https:\/\/arantv.az\/index.php?rest_route=\/wp\/v2\/users\/2"}],"replies":[{"embeddable":true,"href":"https:\/\/arantv.az\/index.php?rest_route=%2Fwp%2Fv2%2Fcomments&post=17462"}],"version-history":[{"count":0,"href":"https:\/\/arantv.az\/index.php?rest_route=\/wp\/v2\/posts\/17462\/revisions"}],"wp:featuredmedia":[{"embeddable":true,"href":"https:\/\/arantv.az\/index.php?rest_route=\/wp\/v2\/media\/17463"}],"wp:attachment":[{"href":"https:\/\/arantv.az\/index.php?rest_route=%2Fwp%2Fv2%2Fmedia&parent=17462"}],"wp:term":[{"taxonomy":"category","embeddable":true,"href":"https:\/\/arantv.az\/index.php?rest_route=%2Fwp%2Fv2%2Fcategories&post=17462"},{"taxonomy":"post_tag","embeddable":true,"href":"https:\/\/arantv.az\/index.php?rest_route=%2Fwp%2Fv2%2Ftags&post=17462"}],"curies":[{"name":"wp","href":"https:\/\/api.w.org\/{rel}","templated":true}]}}