{"id":17471,"date":"2018-10-06T15:16:57","date_gmt":"2018-10-06T12:16:57","guid":{"rendered":"http:\/\/arantv.az\/?p=17471"},"modified":"2018-10-06T15:16:57","modified_gmt":"2018-10-06T12:16:57","slug":"turkiy%c9%99d%c9%99-genismiqyasli-antiterror-%c9%99m%c9%99liyyati-49-n%c9%99f%c9%99r-saxlanildi","status":"publish","type":"post","link":"https:\/\/arantv.az\/?p=17471","title":{"rendered":"T\u00fcrkiy\u0259d\u0259 geni\u015fmiqyasl\u0131 antiterror \u0259m\u0259liyyat\u0131 &#8211; 49 n\u0259f\u0259r saxlan\u0131ld\u0131"},"content":{"rendered":"<p><strong>T\u00fcrkiy\u0259nin 6 vilay\u0259tind\u0259 PKK\/KCK-ya qar\u015f\u0131 n\u00f6vb\u0259ti antiterror \u0259m\u0259liyyat\u0131 ke\u00e7irilib.<\/strong><\/p>\n<p><strong>ARANTV.AZ<\/strong> Qafqazinfo-ya istinad\u0259n bildirir ki, \u0259m\u0259liyyat \u00e7\u0259r\u00e7iv\u0259sind\u0259 Batmanda Xalqlar\u0131n Demokratik Partiyas\u0131ndan (HDP) olan b\u0259l\u0259diyy\u0259 s\u0259dri Nizam\u0259ddin To\u011fu\u00e7 da daxil olmaqla 8 n\u0259f\u0259r, A\u011fr\u0131da 25, Ankarada 5, Mu\u015fda 1, Mardind\u0259 1, \u015eanl\u0131urfada 9 n\u0259f\u0259r olmaqla \u00fcmumilikd\u0259 49 n\u0259f\u0259r saxlan\u0131l\u0131b.<\/p>\n<div id=\"AdributorNativeVideo0\" class=\"AdributorNativeVideo\"><\/div>\n<p>Qeyd olunur ki, bununla da T\u00fcrkiy\u0259d\u0259 son iki g\u00fcn \u0259rzind\u0259 terror\u00e7ulara qar\u015f\u0131 apar\u0131lan \u0259m\u0259liyyat \u00e7\u0259r\u00e7iv\u0259sind\u0259 137 \u015f\u00fcbh\u0259li saxlan\u0131l\u0131b.<\/p>\n","protected":false},"excerpt":{"rendered":"<p>T\u00fcrkiy\u0259nin 6 vilay\u0259tind\u0259 PKK\/KCK-ya qar\u015f\u0131 n\u00f6vb\u0259ti antiterror \u0259m\u0259liyyat\u0131 ke\u00e7irilib. ARANTV.AZ Qafqazinfo-ya istinad\u0259n bildirir ki, \u0259m\u0259liyyat \u00e7\u0259r\u00e7iv\u0259sind\u0259 Batmanda Xalqlar\u0131n Demokratik Partiyas\u0131ndan (HDP) olan b\u0259l\u0259diyy\u0259 s\u0259dri Nizam\u0259ddin To\u011fu\u00e7 da daxil olmaqla 8 n\u0259f\u0259r, A\u011fr\u0131da 25, Ankarada 5, Mu\u015fda 1, Mardind\u0259 1, \u015eanl\u0131urfada 9 n\u0259f\u0259r olmaqla \u00fcmumilikd\u0259 49 n\u0259f\u0259r saxlan\u0131l\u0131b. Qeyd olunur ki, bununla da T\u00fcrkiy\u0259d\u0259 son iki g\u00fcn \u0259rzind\u0259 terror\u00e7ulara qar\u015f\u0131 apar\u0131lan \u0259m\u0259liyyat \u00e7\u0259r\u00e7iv\u0259sind\u0259 137 \u015f\u00fcbh\u0259li saxlan\u0131l\u0131b.<\/p>\n","protected":false},"author":2,"featured_media":17472,"comment_status":"closed","ping_status":"closed","sticky":false,"template":"","format":"standard","meta":{"om_disable_all_campaigns":false,"_monsterinsights_skip_tracking":false,"_monsterinsights_sitenote_active":false,"_monsterinsights_sitenote_note":"","_monsterinsights_sitenote_category":0},"categories":[7],"tags":[],"aioseo_notices":[],"gutentor_comment":0,"rttpg_featured_image_url":{"full":["https:\/\/arantv.az\/wp-content\/uploads\/2018\/10\/692085.jpg",800,600,false],"landscape":["https:\/\/arantv.az\/wp-content\/uploads\/2018\/10\/692085.jpg",800,600,false],"portraits":["https:\/\/arantv.az\/wp-content\/uploads\/2018\/10\/692085.jpg",800,600,false],"thumbnail":["https:\/\/arantv.az\/wp-content\/uploads\/2018\/10\/692085-150x150.jpg",150,150,true],"medium":["https:\/\/arantv.az\/wp-content\/uploads\/2018\/10\/692085-300x225.jpg",300,225,true],"large":["https:\/\/arantv.az\/wp-content\/uploads\/2018\/10\/692085.jpg",640,480,false],"1536x1536":["https:\/\/arantv.az\/wp-content\/uploads\/2018\/10\/692085.jpg",800,600,false],"2048x2048":["https:\/\/arantv.az\/wp-content\/uploads\/2018\/10\/692085.jpg",800,600,false],"post-thumbnail":["https:\/\/arantv.az\/wp-content\/uploads\/2018\/10\/692085-240x172.jpg",240,172,true],"advps-thumb-one":["https:\/\/arantv.az\/wp-content\/uploads\/2018\/10\/692085.jpg",800,600,false]},"rttpg_author":{"display_name":"V\u00fcsal Rafiqo\u011flu","author_link":"https:\/\/arantv.az\/?author=2"},"rttpg_comment":0,"rttpg_category":"<a href=\"https:\/\/arantv.az\/?cat=7\" rel=\"category\">D\u00fcnya<\/a>","rttpg_excerpt":"T\u00fcrkiy\u0259nin 6 vilay\u0259tind\u0259 PKK\/KCK-ya qar\u015f\u0131 n\u00f6vb\u0259ti antiterror \u0259m\u0259liyyat\u0131 ke\u00e7irilib. ARANTV.AZ Qafqazinfo-ya istinad\u0259n bildirir ki, \u0259m\u0259liyyat \u00e7\u0259r\u00e7iv\u0259sind\u0259 Batmanda Xalqlar\u0131n Demokratik Partiyas\u0131ndan (HDP) olan b\u0259l\u0259diyy\u0259 s\u0259dri Nizam\u0259ddin To\u011fu\u00e7 da daxil olmaqla 8 n\u0259f\u0259r, A\u011fr\u0131da 25, Ankarada 5, Mu\u015fda 1, Mardind\u0259 1, \u015eanl\u0131urfada 9 n\u0259f\u0259r olmaqla \u00fcmumilikd\u0259 49 n\u0259f\u0259r saxlan\u0131l\u0131b. Qeyd olunur ki, bununla da T\u00fcrkiy\u0259d\u0259 son iki&hellip;","_links":{"self":[{"href":"https:\/\/arantv.az\/index.php?rest_route=\/wp\/v2\/posts\/17471"}],"collection":[{"href":"https:\/\/arantv.az\/index.php?rest_route=\/wp\/v2\/posts"}],"about":[{"href":"https:\/\/arantv.az\/index.php?rest_route=\/wp\/v2\/types\/post"}],"author":[{"embeddable":true,"href":"https:\/\/arantv.az\/index.php?rest_route=\/wp\/v2\/users\/2"}],"replies":[{"embeddable":true,"href":"https:\/\/arantv.az\/index.php?rest_route=%2Fwp%2Fv2%2Fcomments&post=17471"}],"version-history":[{"count":0,"href":"https:\/\/arantv.az\/index.php?rest_route=\/wp\/v2\/posts\/17471\/revisions"}],"wp:featuredmedia":[{"embeddable":true,"href":"https:\/\/arantv.az\/index.php?rest_route=\/wp\/v2\/media\/17472"}],"wp:attachment":[{"href":"https:\/\/arantv.az\/index.php?rest_route=%2Fwp%2Fv2%2Fmedia&parent=17471"}],"wp:term":[{"taxonomy":"category","embeddable":true,"href":"https:\/\/arantv.az\/index.php?rest_route=%2Fwp%2Fv2%2Fcategories&post=17471"},{"taxonomy":"post_tag","embeddable":true,"href":"https:\/\/arantv.az\/index.php?rest_route=%2Fwp%2Fv2%2Ftags&post=17471"}],"curies":[{"name":"wp","href":"https:\/\/api.w.org\/{rel}","templated":true}]}}