{"id":17499,"date":"2018-10-06T16:17:10","date_gmt":"2018-10-06T13:17:10","guid":{"rendered":"http:\/\/arantv.az\/?p=17499"},"modified":"2018-10-06T16:17:10","modified_gmt":"2018-10-06T13:17:10","slug":"istirah%c9%99t-gunl%c9%99rind%c9%99-s%c9%99yah%c9%99t%c9%99-cixanlar-ucun-hava-proqnozu-10","status":"publish","type":"post","link":"https:\/\/arantv.az\/?p=17499","title":{"rendered":"\u0130stirah\u0259t g\u00fcnl\u0259rind\u0259 s\u0259yah\u0259t\u0259 \u00e7\u0131xanlar \u00fc\u00e7\u00fcn hava proqnozu"},"content":{"rendered":"<p align=\"center\"><strong>ARANTV.AZ<\/strong> x\u0259b\u0259r verir ki, Ekologiya v\u0259 T\u0259bii S\u0259rv\u0259tl\u0259r Nazirliyinin Milli Hidrometeorologiya Departamentinin m\u0259lumat\u0131na g\u00f6r\u0259:<\/p>\n<p><strong>B\u00f6y\u00fck v\u0259 Ki\u00e7ik Qafqaza\u00a0<\/strong>\u00a0s\u0259yah\u0259t ed\u0259n insanlar\u0131n n\u0259z\u0259rin\u0259 \u00e7atd\u0131r\u0131r\u0131q ki, bu b\u00f6lg\u0259d\u0259 g\u00fcnd\u00fcz \u0259sas\u0259n ya\u011fmursuz hava \u015f\u0259raiti m\u00fc\u015fahid\u0259 olunsa da, s\u0259h\u0259r v\u0259 ax\u015fam saatlar\u0131nda q\u0131sam\u00fcdd\u0259tli ya\u011f\u0131\u015f ya\u011faca\u011f\u0131 g\u00f6zl\u0259nilir. Havan\u0131n temperaturu da\u011f\u0259t\u0259yi rayonlarda 18-23, da\u011fl\u0131q rayonlarda 9-14 d\u0259r\u0259c\u0259 isti t\u0259\u015fkil ed\u0259c\u0259k.<\/p>\n<p><strong>L\u0259nk\u0259ran-Astara b\u00f6lg\u0259sin\u0259<\/strong>\u00a0\u00fcz tutanlar\u0131 arabir ya\u011f\u0131\u015fl\u0131 hava \u015f\u0259raiti g\u00f6zl\u0259yir. \u015e\u0259rq k\u00fcl\u0259yi \u0259s\u0259c\u0259k. Havan\u0131n maksimal temperaturu 20-25, da\u011fl\u0131q rayonlarda 11-16 d\u0259r\u0259c\u0259 isti t\u0259\u015fkil ed\u0259c\u0259k.<\/p>\n<p><strong>Aran rayonlar\u0131nda\u00a0<\/strong>\u0259sas\u0259n ya\u011fmursuz hava \u015f\u0259raiti m\u00fc\u015fahid\u0259 olunsa da, oktyabr\u0131n 07-si g\u00fcnd\u00fcz q\u0131sam\u00fcdd\u0259tli ya\u011f\u0131\u015f ya\u011faca\u011f\u0131 ehtimal\u0131 var. \u015e\u0259rq k\u00fcl\u0259yi \u00fcst\u00fcnl\u00fck t\u0259\u015fkil ed\u0259c\u0259k. Havan\u0131n maksimal temperaturu 18-23 d\u0259r\u0259c\u0259 isti t\u0259\u015fkil ed\u0259c\u0259k.<\/p>\n<p><strong>Nax\u00e7\u0131van MR-da\u00a0<\/strong>hava \u015f\u0259raitinin \u0259sas\u0259n ya\u011fmursuz ke\u00e7\u0259c\u0259yi g\u00f6zl\u0259nilir. \u015e\u0259rq k\u00fcl\u0259yi \u0259s\u0259c\u0259k. Havan\u0131n maksimal temperaturu 22-27 d\u0259r\u0259c\u0259 isti t\u0259\u015fkil ed\u0259c\u0259k.<\/p>\n<p><strong>Paytaxt\u00a0<\/strong>qonaqlar\u0131n\u0131n n\u0259z\u0259rin\u0259 \u00e7atd\u0131r\u0131r\u0131q ki,okytabr\u0131n 06-s\u0131 g\u00fcnd\u00fcz, 07-si g\u00fcn \u0259rzind\u0259 havan\u0131n \u0259sas\u0259n ya\u011fmursuz ke\u00e7\u0259c\u0259yi g\u00f6zl\u0259nilir. M\u00fclayim c\u0259nub-\u015f\u0259rq k\u00fcl\u0259yi \u0259s\u0259c\u0259k. Havan\u0131n maksimal temperaturu 19-21 d\u0259r\u0259c\u0259 isti t\u0259\u015fkil ed\u0259c\u0259k.<\/p>\n","protected":false},"excerpt":{"rendered":"<p>ARANTV.AZ x\u0259b\u0259r verir ki, Ekologiya v\u0259 T\u0259bii S\u0259rv\u0259tl\u0259r Nazirliyinin Milli Hidrometeorologiya Departamentinin m\u0259lumat\u0131na g\u00f6r\u0259: B\u00f6y\u00fck v\u0259 Ki\u00e7ik Qafqaza\u00a0\u00a0s\u0259yah\u0259t ed\u0259n insanlar\u0131n n\u0259z\u0259rin\u0259 \u00e7atd\u0131r\u0131r\u0131q ki, bu b\u00f6lg\u0259d\u0259 g\u00fcnd\u00fcz \u0259sas\u0259n ya\u011fmursuz hava \u015f\u0259raiti m\u00fc\u015fahid\u0259 olunsa da, s\u0259h\u0259r v\u0259 ax\u015fam saatlar\u0131nda q\u0131sam\u00fcdd\u0259tli ya\u011f\u0131\u015f ya\u011faca\u011f\u0131 g\u00f6zl\u0259nilir. Havan\u0131n temperaturu da\u011f\u0259t\u0259yi rayonlarda 18-23, da\u011fl\u0131q rayonlarda 9-14 d\u0259r\u0259c\u0259 isti t\u0259\u015fkil ed\u0259c\u0259k. L\u0259nk\u0259ran-Astara b\u00f6lg\u0259sin\u0259\u00a0\u00fcz tutanlar\u0131 arabir ya\u011f\u0131\u015fl\u0131 hava \u015f\u0259raiti g\u00f6zl\u0259yir. \u015e\u0259rq k\u00fcl\u0259yi \u0259s\u0259c\u0259k. Havan\u0131n maksimal temperaturu 20-25, da\u011fl\u0131q rayonlarda 11-16 d\u0259r\u0259c\u0259 isti t\u0259\u015fkil ed\u0259c\u0259k. Aran rayonlar\u0131nda\u00a0\u0259sas\u0259n ya\u011fmursuz hava \u015f\u0259raiti m\u00fc\u015fahid\u0259 olunsa da, oktyabr\u0131n 07-si g\u00fcnd\u00fcz q\u0131sam\u00fcdd\u0259tli ya\u011f\u0131\u015f ya\u011faca\u011f\u0131 ehtimal\u0131&hellip;<\/p>\n","protected":false},"author":2,"featured_media":17500,"comment_status":"closed","ping_status":"closed","sticky":false,"template":"","format":"standard","meta":{"om_disable_all_campaigns":false,"_monsterinsights_skip_tracking":false,"_monsterinsights_sitenote_active":false,"_monsterinsights_sitenote_note":"","_monsterinsights_sitenote_category":0},"categories":[1],"tags":[],"aioseo_notices":[],"gutentor_comment":0,"rttpg_featured_image_url":{"full":["https:\/\/arantv.az\/wp-content\/uploads\/2018\/10\/fall-autumn-red-season.jpg",620,413,false],"landscape":["https:\/\/arantv.az\/wp-content\/uploads\/2018\/10\/fall-autumn-red-season.jpg",620,413,false],"portraits":["https:\/\/arantv.az\/wp-content\/uploads\/2018\/10\/fall-autumn-red-season.jpg",620,413,false],"thumbnail":["https:\/\/arantv.az\/wp-content\/uploads\/2018\/10\/fall-autumn-red-season-150x150.jpg",150,150,true],"medium":["https:\/\/arantv.az\/wp-content\/uploads\/2018\/10\/fall-autumn-red-season-300x200.jpg",300,200,true],"large":["https:\/\/arantv.az\/wp-content\/uploads\/2018\/10\/fall-autumn-red-season.jpg",620,413,false],"1536x1536":["https:\/\/arantv.az\/wp-content\/uploads\/2018\/10\/fall-autumn-red-season.jpg",620,413,false],"2048x2048":["https:\/\/arantv.az\/wp-content\/uploads\/2018\/10\/fall-autumn-red-season.jpg",620,413,false],"post-thumbnail":["https:\/\/arantv.az\/wp-content\/uploads\/2018\/10\/fall-autumn-red-season-240x172.jpg",240,172,true],"advps-thumb-one":["https:\/\/arantv.az\/wp-content\/uploads\/2018\/10\/fall-autumn-red-season.jpg",620,413,false]},"rttpg_author":{"display_name":"V\u00fcsal Rafiqo\u011flu","author_link":"https:\/\/arantv.az\/?author=2"},"rttpg_comment":0,"rttpg_category":"<a href=\"https:\/\/arantv.az\/?cat=1\" rel=\"category\">C\u0259miyy\u0259t<\/a>","rttpg_excerpt":"ARANTV.AZ x\u0259b\u0259r verir ki, Ekologiya v\u0259 T\u0259bii S\u0259rv\u0259tl\u0259r Nazirliyinin Milli Hidrometeorologiya Departamentinin m\u0259lumat\u0131na g\u00f6r\u0259: B\u00f6y\u00fck v\u0259 Ki\u00e7ik Qafqaza\u00a0\u00a0s\u0259yah\u0259t ed\u0259n insanlar\u0131n n\u0259z\u0259rin\u0259 \u00e7atd\u0131r\u0131r\u0131q ki, bu b\u00f6lg\u0259d\u0259 g\u00fcnd\u00fcz \u0259sas\u0259n ya\u011fmursuz hava \u015f\u0259raiti m\u00fc\u015fahid\u0259 olunsa da, s\u0259h\u0259r v\u0259 ax\u015fam saatlar\u0131nda q\u0131sam\u00fcdd\u0259tli ya\u011f\u0131\u015f ya\u011faca\u011f\u0131 g\u00f6zl\u0259nilir. Havan\u0131n temperaturu da\u011f\u0259t\u0259yi rayonlarda 18-23, da\u011fl\u0131q rayonlarda 9-14 d\u0259r\u0259c\u0259 isti t\u0259\u015fkil ed\u0259c\u0259k. L\u0259nk\u0259ran-Astara b\u00f6lg\u0259sin\u0259\u00a0\u00fcz&hellip;","_links":{"self":[{"href":"https:\/\/arantv.az\/index.php?rest_route=\/wp\/v2\/posts\/17499"}],"collection":[{"href":"https:\/\/arantv.az\/index.php?rest_route=\/wp\/v2\/posts"}],"about":[{"href":"https:\/\/arantv.az\/index.php?rest_route=\/wp\/v2\/types\/post"}],"author":[{"embeddable":true,"href":"https:\/\/arantv.az\/index.php?rest_route=\/wp\/v2\/users\/2"}],"replies":[{"embeddable":true,"href":"https:\/\/arantv.az\/index.php?rest_route=%2Fwp%2Fv2%2Fcomments&post=17499"}],"version-history":[{"count":0,"href":"https:\/\/arantv.az\/index.php?rest_route=\/wp\/v2\/posts\/17499\/revisions"}],"wp:featuredmedia":[{"embeddable":true,"href":"https:\/\/arantv.az\/index.php?rest_route=\/wp\/v2\/media\/17500"}],"wp:attachment":[{"href":"https:\/\/arantv.az\/index.php?rest_route=%2Fwp%2Fv2%2Fmedia&parent=17499"}],"wp:term":[{"taxonomy":"category","embeddable":true,"href":"https:\/\/arantv.az\/index.php?rest_route=%2Fwp%2Fv2%2Fcategories&post=17499"},{"taxonomy":"post_tag","embeddable":true,"href":"https:\/\/arantv.az\/index.php?rest_route=%2Fwp%2Fv2%2Ftags&post=17499"}],"curies":[{"name":"wp","href":"https:\/\/api.w.org\/{rel}","templated":true}]}}