{"id":17508,"date":"2018-10-06T16:23:12","date_gmt":"2018-10-06T13:23:12","guid":{"rendered":"http:\/\/arantv.az\/?p=17508"},"modified":"2018-10-06T16:23:12","modified_gmt":"2018-10-06T13:23:12","slug":"isvecr%c9%99d%c9%99-az%c9%99rbaycanlilarin-koordinasiya-surasi-t%c9%99sis-edilib-qarabag-adli-az%c9%99rbaycan-m%c9%99kt%c9%99bi-acilib","status":"publish","type":"post","link":"https:\/\/arantv.az\/?p=17508","title":{"rendered":"\u0130sve\u00e7r\u0259d\u0259 Az\u0259rbaycanl\u0131lar\u0131n Koordinasiya \u015euras\u0131 t\u0259sis edilib, \u201cQaraba\u011f&#8221; adl\u0131 Az\u0259rbaycan m\u0259kt\u0259bi a\u00e7\u0131l\u0131b"},"content":{"rendered":"<p><strong>\u0130sve\u00e7r\u0259d\u0259 Az\u0259rbaycanl\u0131lar\u0131n Koordinasiya \u015euras\u0131n\u0131n yarad\u0131lmas\u0131 v\u0259 &#8220;Qaraba\u011f&#8221; adl\u0131 Az\u0259rbaycan m\u0259kt\u0259binin f\u0259aliyy\u0259t\u0259 ba\u015flamas\u0131 il\u0259 \u0259laq\u0259dar t\u0259dbir ke\u00e7irilib.<\/strong><\/p>\n<p><strong>ARANTV.AZ<\/strong> bildirir ki, Az\u0259rbaycan\u0131n \u0130sve\u00e7r\u0259d\u0259ki s\u0259firliyind\u0259n trend-\u0259 veril\u0259n m\u0259lumata g\u00f6r\u0259, Bern \u015f\u0259h\u0259rind\u0259 f\u0259aliyy\u0259t g\u00f6st\u0259r\u0259n diaspor t\u0259\u015fkilatlar\u0131m\u0131z\u0131n n\u00fcmay\u0259nd\u0259l\u0259rinin ilk toplant\u0131s\u0131nda onlar\u0131n f\u0259aliyy\u0259ti, aktual m\u0259s\u0259l\u0259l\u0259r v\u0259 qar\u015f\u0131da duran v\u0259zif\u0259l\u0259r \u0259traf\u0131nda fikir m\u00fcbadil\u0259si apar\u0131l\u0131b. H\u0259m\u00e7inin diaspor f\u0259aliyy\u0259tinin daha da s\u0259m\u0259r\u0259li olmas\u0131 m\u0259qs\u0259dil\u0259 m\u00fcxt\u0259lif t\u0259klifl\u0259r s\u0259sl\u0259ndirilib.<\/p>\n<p>\u00d6lk\u0259mizin \u0130sve\u00e7r\u0259 Konfederasiyas\u0131 v\u0259 Lixten\u015fteyn Knyazl\u0131\u011f\u0131ndak\u0131 s\u0259firi Xan\u0131m \u0130brahimova t\u0259dbird\u0259 \u00e7\u0131x\u0131\u015f ed\u0259r\u0259k Az\u0259rbaycan diasporunun f\u0259aliyy\u0259tind\u0259ki cari durumu qiym\u0259tl\u0259ndirib, qar\u015f\u0131da duran m\u0259qs\u0259dl\u0259r\u0259 nail olmaq \u00fc\u00e7\u00fcn soyda\u015flar\u0131m\u0131z\u0131n m\u00fct\u0259\u015f\u0259kkil f\u0259aliyy\u0259t g\u00f6st\u0259rm\u0259l\u0259rinin z\u0259ruriliyin\u0259 diqq\u0259t \u00e7\u0259kib v\u0259 h\u0259mv\u0259t\u0259nl\u0259rimiz\u0259 g\u0259l\u0259c\u0259k f\u0259aliyy\u0259tl\u0259ri il\u0259 ba\u011fl\u0131 t\u00f6vsiy\u0259l\u0259rini verib.<\/p>\n<p>Diasporla \u0130\u015f \u00fczr\u0259 D\u00f6vl\u0259t Komit\u0259sinin s\u0259dri Fuad Muradov Az\u0259rbaycan h\u0259qiq\u0259tl\u0259rinin d\u00fcnya ictimaiyy\u0259tin\u0259 \u00e7atd\u0131r\u0131lmas\u0131, diasporumuzun inki\u015faf istiqam\u0259tl\u0259ri, diaspor il\u0259 \u0259m\u0259kda\u015fl\u0131\u011f\u0131n yeni keyfiyy\u0259t m\u00fcst\u0259visin\u0259 da\u015f\u0131nmas\u0131 yolunda at\u0131lan add\u0131mlar bar\u0259d\u0259 dan\u0131\u015f\u0131b. Qeyd edilib ki, D\u00f6vl\u0259t Komit\u0259sinin \u0259sas m\u0259qs\u0259dl\u0259rind\u0259n biri diaspor t\u0259\u015fkilatlar\u0131 aras\u0131nda \u0259laq\u0259l\u0259ndirm\u0259 i\u015fini t\u0259\u015fkil etm\u0259kdir. O, diaspor f\u0259aliyy\u0259tinin daim \u00f6lk\u0259 r\u0259hb\u0259rliyinin diqq\u0259tind\u0259 oldu\u011funu bildir\u0259r\u0259k, \u0130sve\u00e7r\u0259d\u0259 f\u0259aliyy\u0259t g\u00f6st\u0259r\u0259n diaspor \u00fczvl\u0259rini h\u0259mr\u0259y olma\u011fa \u00e7a\u011f\u0131r\u0131b. Fuad Muradov deyib ki, diaspor m\u0259s\u0259l\u0259l\u0259ri il\u0259 ba\u011fl\u0131 strateji istiqam\u0259tl\u0259rin m\u00fc\u0259yy\u0259nl\u0259\u015fdirilm\u0259si d\u00fcnya \u00f6lk\u0259l\u0259rind\u0259 f\u0259aliyy\u0259t g\u00f6st\u0259r\u0259n Az\u0259rbaycan diaspor t\u0259\u015fkilatlar\u0131n\u0131 d\u00fcnyan\u0131n \u0259n g\u00fccl\u00fc diasporlar\u0131ndan birin\u0259 \u00e7evir\u0259c\u0259k. O, diaspor i\u015fi il\u0259 ba\u011fl\u0131 yeni yol x\u0259rit\u0259sinin haz\u0131rland\u0131\u011f\u0131n\u0131 bildirib, \u0259sas m\u0259qs\u0259din d\u00fcnyadak\u0131 b\u00fct\u00fcn az\u0259rbaycanl\u0131lar\u0131n birl\u0259\u015fdirilm\u0259si oldu\u011funu deyib.<\/p>\n<p>Toplant\u0131da \u0130sve\u00e7r\u0259d\u0259 ya\u015fayan soyda\u015flar\u0131m\u0131z\u0131n daha s\u0131x birl\u0259\u015fm\u0259si v\u0259 diaspor t\u0259\u015fkilatlar\u0131m\u0131z\u0131n f\u0259aliyy\u0259tinin \u0259laq\u0259l\u0259ndirilm\u0259si m\u0259qs\u0259dil\u0259 \u0130sve\u00e7r\u0259 Az\u0259rbaycanl\u0131lar\u0131n\u0131n Koordinasiya \u015euras\u0131n\u0131n t\u0259sis edilm\u0259si q\u0259rara al\u0131n\u0131b. &#8220;Az\u0259rbaycanl\u0131lar\u0131n \u0130sve\u00e7r\u0259d\u0259ki M\u0259d\u0259niyy\u0259t M\u0259rk\u0259zi&#8221;nin r\u0259hb\u0259ri Qas\u0131m N\u0259sirov Koordinasiya \u015euras\u0131n\u0131n \u0259laq\u0259l\u0259ndiricisi se\u00e7ilib.<\/p>\n<div id=\"AdributorNativeVideo0\" class=\"AdributorNativeVideo\"><\/div>\n<p>Sonra diaspor h\u0259r\u0259kat\u0131n\u0131 xarakteriz\u0259 ed\u0259n &#8220;V\u0259t\u0259n uzaqda deyil&#8221; adl\u0131 video\u00e7arx n\u00fcmayi\u015f olunub.<\/p>\n<p>T\u0259dbirin sonunda &#8220;Qaraba\u011f&#8221; Az\u0259rbaycan m\u0259kt\u0259binin r\u0259smi a\u00e7\u0131l\u0131\u015f m\u0259rasimi olub.<\/p>\n<p>Qeyd ed\u0259k ki, Az\u0259rbaycan Xarici \u0130\u015fl\u0259r Nazirliyinin v\u0259 Diasporla \u0130\u015f \u00fczr\u0259 D\u00f6vl\u0259t Komit\u0259sinin birg\u0259 layih\u0259si olan bu m\u0259kt\u0259b \u0130sve\u00e7r\u0259d\u0259ki s\u0259firliyimizin t\u0259\u015fkilat\u00e7\u0131l\u0131\u011f\u0131 il\u0259 \u0259rs\u0259y\u0259 g\u0259lib. \u0130sve\u00e7r\u0259 d\u00f6vl\u0259t t\u0259hsil sistemin\u0259 inteqrasiya olunmu\u015f m\u0259kt\u0259bd\u0259 Az\u0259rbaycan dili, tarixi, milli r\u0259qs v\u0259 piano d\u0259rsl\u0259ri pe\u015f\u0259kar m\u00fc\u0259lliml\u0259r t\u0259r\u0259find\u0259n t\u0259dris olunacaq. T\u0259dris oca\u011f\u0131nda isve\u00e7r\u0259lil\u0259r v\u0259 dig\u0259r \u0259cn\u0259bil\u0259r d\u0259 t\u0259hsil ala bil\u0259rl\u0259r.<\/p>\n<p>\u0130sve\u00e7r\u0259d\u0259 ya\u015fayan h\u0259mv\u0259t\u0259nl\u0259rimiz ya\u015fad\u0131qlar\u0131 \u00f6lk\u0259d\u0259 Az\u0259rbaycan m\u0259kt\u0259binin a\u00e7\u0131lmas\u0131ndan m\u0259mnunluqlar\u0131n\u0131 ifad\u0259 edibl\u0259r.<\/p>\n","protected":false},"excerpt":{"rendered":"<p>\u0130sve\u00e7r\u0259d\u0259 Az\u0259rbaycanl\u0131lar\u0131n Koordinasiya \u015euras\u0131n\u0131n yarad\u0131lmas\u0131 v\u0259 &#8220;Qaraba\u011f&#8221; adl\u0131 Az\u0259rbaycan m\u0259kt\u0259binin f\u0259aliyy\u0259t\u0259 ba\u015flamas\u0131 il\u0259 \u0259laq\u0259dar t\u0259dbir ke\u00e7irilib. ARANTV.AZ bildirir ki, Az\u0259rbaycan\u0131n \u0130sve\u00e7r\u0259d\u0259ki s\u0259firliyind\u0259n trend-\u0259 veril\u0259n m\u0259lumata g\u00f6r\u0259, Bern \u015f\u0259h\u0259rind\u0259 f\u0259aliyy\u0259t g\u00f6st\u0259r\u0259n diaspor t\u0259\u015fkilatlar\u0131m\u0131z\u0131n n\u00fcmay\u0259nd\u0259l\u0259rinin ilk toplant\u0131s\u0131nda onlar\u0131n f\u0259aliyy\u0259ti, aktual m\u0259s\u0259l\u0259l\u0259r v\u0259 qar\u015f\u0131da duran v\u0259zif\u0259l\u0259r \u0259traf\u0131nda fikir m\u00fcbadil\u0259si apar\u0131l\u0131b. H\u0259m\u00e7inin diaspor f\u0259aliyy\u0259tinin daha da s\u0259m\u0259r\u0259li olmas\u0131 m\u0259qs\u0259dil\u0259 m\u00fcxt\u0259lif t\u0259klifl\u0259r s\u0259sl\u0259ndirilib. \u00d6lk\u0259mizin \u0130sve\u00e7r\u0259 Konfederasiyas\u0131 v\u0259 Lixten\u015fteyn Knyazl\u0131\u011f\u0131ndak\u0131 s\u0259firi Xan\u0131m \u0130brahimova t\u0259dbird\u0259 \u00e7\u0131x\u0131\u015f ed\u0259r\u0259k Az\u0259rbaycan diasporunun f\u0259aliyy\u0259tind\u0259ki cari durumu qiym\u0259tl\u0259ndirib, qar\u015f\u0131da duran m\u0259qs\u0259dl\u0259r\u0259 nail olmaq \u00fc\u00e7\u00fcn soyda\u015flar\u0131m\u0131z\u0131n m\u00fct\u0259\u015f\u0259kkil f\u0259aliyy\u0259t g\u00f6st\u0259rm\u0259l\u0259rinin z\u0259ruriliyin\u0259 diqq\u0259t \u00e7\u0259kib v\u0259&hellip;<\/p>\n","protected":false},"author":2,"featured_media":17509,"comment_status":"closed","ping_status":"closed","sticky":false,"template":"","format":"standard","meta":{"om_disable_all_campaigns":false,"_monsterinsights_skip_tracking":false,"_monsterinsights_sitenote_active":false,"_monsterinsights_sitenote_note":"","_monsterinsights_sitenote_category":0},"categories":[1],"tags":[],"aioseo_notices":[],"gutentor_comment":0,"rttpg_featured_image_url":{"full":["https:\/\/arantv.az\/wp-content\/uploads\/2018\/10\/692099.jpg",800,600,false],"landscape":["https:\/\/arantv.az\/wp-content\/uploads\/2018\/10\/692099.jpg",800,600,false],"portraits":["https:\/\/arantv.az\/wp-content\/uploads\/2018\/10\/692099.jpg",800,600,false],"thumbnail":["https:\/\/arantv.az\/wp-content\/uploads\/2018\/10\/692099-150x150.jpg",150,150,true],"medium":["https:\/\/arantv.az\/wp-content\/uploads\/2018\/10\/692099-300x225.jpg",300,225,true],"large":["https:\/\/arantv.az\/wp-content\/uploads\/2018\/10\/692099.jpg",640,480,false],"1536x1536":["https:\/\/arantv.az\/wp-content\/uploads\/2018\/10\/692099.jpg",800,600,false],"2048x2048":["https:\/\/arantv.az\/wp-content\/uploads\/2018\/10\/692099.jpg",800,600,false],"post-thumbnail":["https:\/\/arantv.az\/wp-content\/uploads\/2018\/10\/692099-240x172.jpg",240,172,true],"advps-thumb-one":["https:\/\/arantv.az\/wp-content\/uploads\/2018\/10\/692099.jpg",800,600,false]},"rttpg_author":{"display_name":"V\u00fcsal Rafiqo\u011flu","author_link":"https:\/\/arantv.az\/?author=2"},"rttpg_comment":0,"rttpg_category":"<a href=\"https:\/\/arantv.az\/?cat=1\" rel=\"category\">C\u0259miyy\u0259t<\/a>","rttpg_excerpt":"\u0130sve\u00e7r\u0259d\u0259 Az\u0259rbaycanl\u0131lar\u0131n Koordinasiya \u015euras\u0131n\u0131n yarad\u0131lmas\u0131 v\u0259 &#8220;Qaraba\u011f&#8221; adl\u0131 Az\u0259rbaycan m\u0259kt\u0259binin f\u0259aliyy\u0259t\u0259 ba\u015flamas\u0131 il\u0259 \u0259laq\u0259dar t\u0259dbir ke\u00e7irilib. ARANTV.AZ bildirir ki, Az\u0259rbaycan\u0131n \u0130sve\u00e7r\u0259d\u0259ki s\u0259firliyind\u0259n trend-\u0259 veril\u0259n m\u0259lumata g\u00f6r\u0259, Bern \u015f\u0259h\u0259rind\u0259 f\u0259aliyy\u0259t g\u00f6st\u0259r\u0259n diaspor t\u0259\u015fkilatlar\u0131m\u0131z\u0131n n\u00fcmay\u0259nd\u0259l\u0259rinin ilk toplant\u0131s\u0131nda onlar\u0131n f\u0259aliyy\u0259ti, aktual m\u0259s\u0259l\u0259l\u0259r v\u0259 qar\u015f\u0131da duran v\u0259zif\u0259l\u0259r \u0259traf\u0131nda fikir m\u00fcbadil\u0259si apar\u0131l\u0131b. H\u0259m\u00e7inin diaspor f\u0259aliyy\u0259tinin daha da s\u0259m\u0259r\u0259li olmas\u0131 m\u0259qs\u0259dil\u0259&hellip;","_links":{"self":[{"href":"https:\/\/arantv.az\/index.php?rest_route=\/wp\/v2\/posts\/17508"}],"collection":[{"href":"https:\/\/arantv.az\/index.php?rest_route=\/wp\/v2\/posts"}],"about":[{"href":"https:\/\/arantv.az\/index.php?rest_route=\/wp\/v2\/types\/post"}],"author":[{"embeddable":true,"href":"https:\/\/arantv.az\/index.php?rest_route=\/wp\/v2\/users\/2"}],"replies":[{"embeddable":true,"href":"https:\/\/arantv.az\/index.php?rest_route=%2Fwp%2Fv2%2Fcomments&post=17508"}],"version-history":[{"count":0,"href":"https:\/\/arantv.az\/index.php?rest_route=\/wp\/v2\/posts\/17508\/revisions"}],"wp:featuredmedia":[{"embeddable":true,"href":"https:\/\/arantv.az\/index.php?rest_route=\/wp\/v2\/media\/17509"}],"wp:attachment":[{"href":"https:\/\/arantv.az\/index.php?rest_route=%2Fwp%2Fv2%2Fmedia&parent=17508"}],"wp:term":[{"taxonomy":"category","embeddable":true,"href":"https:\/\/arantv.az\/index.php?rest_route=%2Fwp%2Fv2%2Fcategories&post=17508"},{"taxonomy":"post_tag","embeddable":true,"href":"https:\/\/arantv.az\/index.php?rest_route=%2Fwp%2Fv2%2Ftags&post=17508"}],"curies":[{"name":"wp","href":"https:\/\/api.w.org\/{rel}","templated":true}]}}