{"id":17581,"date":"2018-10-08T09:07:09","date_gmt":"2018-10-08T06:07:09","guid":{"rendered":"http:\/\/arantv.az\/?p=17581"},"modified":"2018-10-08T09:07:09","modified_gmt":"2018-10-08T06:07:09","slug":"h%c9%99bibin-atasi-oglumu-c%c9%99zalandiracam","status":"publish","type":"post","link":"https:\/\/arantv.az\/?p=17581","title":{"rendered":"H\u0259bibin atas\u0131: O\u011flumu c\u0259zaland\u0131racam"},"content":{"rendered":"<p><strong>UFC kateqoriyas\u0131 \u00fczr\u0259 d\u00fcnya \u00e7empionu H\u0259bib Nurm\u0259h\u0259mm\u0259dovun atas\u0131 v\u0259 m\u0259\u015fq\u00e7isi \u018fbd\u00fclmanaf Nurm\u0259h\u0259mm\u0259dov d\u00fcn\u0259n ba\u015f ver\u0259n qalmaqala m\u00fcnasib\u0259t bildirib.<\/strong><\/p>\n<p><strong>ARANTV.AZ<\/strong> x\u0259b\u0259r verir ki, atas\u0131 d\u00f6y\u00fc\u015fd\u0259n sonra etdiyi s\u0259rt h\u0259r\u0259k\u0259tl\u0259r\u0259 g\u00f6r\u0259 o\u011flunu c\u0259zaland\u0131raca\u011f\u0131n\u0131 deyib.<\/p>\n<p>\u201cS\u0259n oktaqonda n\u0259 ist\u0259yirs\u0259n, ed\u0259 bil\u0259rs\u0259n. Ondan k\u0259narda is\u0259 qad\u0131nlar, u\u015faqlar v\u0259 ya\u015fl\u0131 insanlar var. O\u011flumun h\u0259r\u0259k\u0259tl\u0259ri q\u0259buledilm\u0259zdir\u201d, &#8211; atas\u0131 bildirib.<\/p>\n<p>\u0130dman\u00e7\u0131n\u0131n atas\u0131 h\u0259m\u00e7inin qeyd edib ki, komandan\u0131n r\u0259hb\u0259ri olaraq b\u00fct\u00fcn m\u0259suliyy\u0259ti \u00f6z \u00fcz\u0259rin\u0259 g\u00f6t\u00fcr\u00fcr.<\/p>\n<p>Qeyd ed\u0259k ki, d\u00fcn\u0259n H\u0259bib Nurm\u0259h\u0259mm\u0259dov irlandiyal\u0131 Konor Makqreqorla qar\u015f\u0131la\u015fmadan sonra onu t\u0259hqir ed\u0259n azarke\u015f\u0259 h\u00fccum edib. Onun bu add\u0131m\u0131 UFC r\u0259hb\u0259rliyinin naraz\u0131l\u0131\u011f\u0131na s\u0259b\u0259b olub. H\u0259tta UFC prezidenti Deyna Uayt H\u0259bibin k\u0259m\u0259rinin \u0259lind\u0259n al\u0131na bil\u0259c\u0259yini d\u0259 istisna etm\u0259yib.axar.az<\/p>\n","protected":false},"excerpt":{"rendered":"<p>UFC kateqoriyas\u0131 \u00fczr\u0259 d\u00fcnya \u00e7empionu H\u0259bib Nurm\u0259h\u0259mm\u0259dovun atas\u0131 v\u0259 m\u0259\u015fq\u00e7isi \u018fbd\u00fclmanaf Nurm\u0259h\u0259mm\u0259dov d\u00fcn\u0259n ba\u015f ver\u0259n qalmaqala m\u00fcnasib\u0259t bildirib. ARANTV.AZ x\u0259b\u0259r verir ki, atas\u0131 d\u00f6y\u00fc\u015fd\u0259n sonra etdiyi s\u0259rt h\u0259r\u0259k\u0259tl\u0259r\u0259 g\u00f6r\u0259 o\u011flunu c\u0259zaland\u0131raca\u011f\u0131n\u0131 deyib. \u201cS\u0259n oktaqonda n\u0259 ist\u0259yirs\u0259n, ed\u0259 bil\u0259rs\u0259n. Ondan k\u0259narda is\u0259 qad\u0131nlar, u\u015faqlar v\u0259 ya\u015fl\u0131 insanlar var. O\u011flumun h\u0259r\u0259k\u0259tl\u0259ri q\u0259buledilm\u0259zdir\u201d, &#8211; atas\u0131 bildirib. \u0130dman\u00e7\u0131n\u0131n atas\u0131 h\u0259m\u00e7inin qeyd edib ki, komandan\u0131n r\u0259hb\u0259ri olaraq b\u00fct\u00fcn m\u0259suliyy\u0259ti \u00f6z \u00fcz\u0259rin\u0259 g\u00f6t\u00fcr\u00fcr. Qeyd ed\u0259k ki, d\u00fcn\u0259n H\u0259bib Nurm\u0259h\u0259mm\u0259dov irlandiyal\u0131 Konor Makqreqorla qar\u015f\u0131la\u015fmadan sonra onu t\u0259hqir ed\u0259n azarke\u015f\u0259 h\u00fccum edib. Onun bu add\u0131m\u0131 UFC r\u0259hb\u0259rliyinin naraz\u0131l\u0131\u011f\u0131na&hellip;<\/p>\n","protected":false},"author":2,"featured_media":17582,"comment_status":"closed","ping_status":"closed","sticky":false,"template":"","format":"standard","meta":{"om_disable_all_campaigns":false,"_monsterinsights_skip_tracking":false,"_monsterinsights_sitenote_active":false,"_monsterinsights_sitenote_note":"","_monsterinsights_sitenote_category":0},"categories":[6],"tags":[],"aioseo_notices":[],"gutentor_comment":0,"rttpg_featured_image_url":{"full":["https:\/\/arantv.az\/wp-content\/uploads\/2018\/10\/hebib-makqreqor.jpg",250,167,false],"landscape":["https:\/\/arantv.az\/wp-content\/uploads\/2018\/10\/hebib-makqreqor.jpg",250,167,false],"portraits":["https:\/\/arantv.az\/wp-content\/uploads\/2018\/10\/hebib-makqreqor.jpg",250,167,false],"thumbnail":["https:\/\/arantv.az\/wp-content\/uploads\/2018\/10\/hebib-makqreqor-150x150.jpg",150,150,true],"medium":["https:\/\/arantv.az\/wp-content\/uploads\/2018\/10\/hebib-makqreqor.jpg",250,167,false],"large":["https:\/\/arantv.az\/wp-content\/uploads\/2018\/10\/hebib-makqreqor.jpg",250,167,false],"1536x1536":["https:\/\/arantv.az\/wp-content\/uploads\/2018\/10\/hebib-makqreqor.jpg",250,167,false],"2048x2048":["https:\/\/arantv.az\/wp-content\/uploads\/2018\/10\/hebib-makqreqor.jpg",250,167,false],"post-thumbnail":["https:\/\/arantv.az\/wp-content\/uploads\/2018\/10\/hebib-makqreqor-240x167.jpg",240,167,true],"advps-thumb-one":["https:\/\/arantv.az\/wp-content\/uploads\/2018\/10\/hebib-makqreqor.jpg",250,167,false]},"rttpg_author":{"display_name":"V\u00fcsal Rafiqo\u011flu","author_link":"https:\/\/arantv.az\/?author=2"},"rttpg_comment":0,"rttpg_category":"<a href=\"https:\/\/arantv.az\/?cat=6\" rel=\"category\">\u0130dman<\/a>","rttpg_excerpt":"UFC kateqoriyas\u0131 \u00fczr\u0259 d\u00fcnya \u00e7empionu H\u0259bib Nurm\u0259h\u0259mm\u0259dovun atas\u0131 v\u0259 m\u0259\u015fq\u00e7isi \u018fbd\u00fclmanaf Nurm\u0259h\u0259mm\u0259dov d\u00fcn\u0259n ba\u015f ver\u0259n qalmaqala m\u00fcnasib\u0259t bildirib. ARANTV.AZ x\u0259b\u0259r verir ki, atas\u0131 d\u00f6y\u00fc\u015fd\u0259n sonra etdiyi s\u0259rt h\u0259r\u0259k\u0259tl\u0259r\u0259 g\u00f6r\u0259 o\u011flunu c\u0259zaland\u0131raca\u011f\u0131n\u0131 deyib. \u201cS\u0259n oktaqonda n\u0259 ist\u0259yirs\u0259n, ed\u0259 bil\u0259rs\u0259n. Ondan k\u0259narda is\u0259 qad\u0131nlar, u\u015faqlar v\u0259 ya\u015fl\u0131 insanlar var. O\u011flumun h\u0259r\u0259k\u0259tl\u0259ri q\u0259buledilm\u0259zdir\u201d, &#8211; atas\u0131 bildirib. \u0130dman\u00e7\u0131n\u0131n atas\u0131&hellip;","_links":{"self":[{"href":"https:\/\/arantv.az\/index.php?rest_route=\/wp\/v2\/posts\/17581"}],"collection":[{"href":"https:\/\/arantv.az\/index.php?rest_route=\/wp\/v2\/posts"}],"about":[{"href":"https:\/\/arantv.az\/index.php?rest_route=\/wp\/v2\/types\/post"}],"author":[{"embeddable":true,"href":"https:\/\/arantv.az\/index.php?rest_route=\/wp\/v2\/users\/2"}],"replies":[{"embeddable":true,"href":"https:\/\/arantv.az\/index.php?rest_route=%2Fwp%2Fv2%2Fcomments&post=17581"}],"version-history":[{"count":0,"href":"https:\/\/arantv.az\/index.php?rest_route=\/wp\/v2\/posts\/17581\/revisions"}],"wp:featuredmedia":[{"embeddable":true,"href":"https:\/\/arantv.az\/index.php?rest_route=\/wp\/v2\/media\/17582"}],"wp:attachment":[{"href":"https:\/\/arantv.az\/index.php?rest_route=%2Fwp%2Fv2%2Fmedia&parent=17581"}],"wp:term":[{"taxonomy":"category","embeddable":true,"href":"https:\/\/arantv.az\/index.php?rest_route=%2Fwp%2Fv2%2Fcategories&post=17581"},{"taxonomy":"post_tag","embeddable":true,"href":"https:\/\/arantv.az\/index.php?rest_route=%2Fwp%2Fv2%2Ftags&post=17581"}],"curies":[{"name":"wp","href":"https:\/\/api.w.org\/{rel}","templated":true}]}}