{"id":17584,"date":"2018-10-08T09:09:12","date_gmt":"2018-10-08T06:09:12","guid":{"rendered":"http:\/\/arantv.az\/?p=17584"},"modified":"2018-10-08T09:09:12","modified_gmt":"2018-10-08T06:09:12","slug":"annanin-qarsi-t%c9%99r%c9%99fin-hissin%c9%99-toxunan-%c9%99minliyi-b%c9%99yanat","status":"publish","type":"post","link":"https:\/\/arantv.az\/?p=17584","title":{"rendered":"Annan\u0131n qar\u015f\u0131 t\u0259r\u0259fin hissin\u0259 toxunan \u0259minliyi&#8230; &#8211; B\u0259yanat"},"content":{"rendered":"<p><strong>Rusiya qad\u0131nlar\u0131n\u0131n Da\u011fl\u0131q Qaraba\u011fa s\u0259f\u0259ri il\u0259 \u0259laq\u0259dar Erm\u0259nistan-Az\u0259rbaycan V\u0259t\u0259nda\u015f S\u00fclh Platformas\u0131 b\u0259yanat yay\u0131b.<\/strong><\/p>\n<p><strong>ARANTV.AZ<\/strong> b\u0259yanat\u0131n m\u0259tnini t\u0259qdim edir:<\/p>\n<p>\u201cErm\u0259nistan-Az\u0259rbaycan V\u0259t\u0259nda\u015f S\u00fclh Platformas\u0131n\u0131n yarad\u0131lmas\u0131n\u0131n \u0259sas m\u0259qs\u0259dl\u0259rind\u0259n biri iki xalq aras\u0131nda uzunm\u00fcdd\u0259tli bar\u0131\u015f\u0131\u011f\u0131n t\u0259min edilm\u0259sidir. Bu bax\u0131mdan biz, \u00f6lk\u0259l\u0259rimiz aras\u0131nda s\u00fclh\u00fcn qorunmas\u0131 v\u0259 saxlan\u0131lmas\u0131 m\u0259qs\u0259di olan b\u00fct\u00fcn t\u0259\u015f\u0259bb\u00fcsl\u0259r\u0259 d\u0259st\u0259k verm\u0259y\u0259 haz\u0131r\u0131q.<\/p>\n<p>\u015e\u00fcbh\u0259siz ki, Anna Akopyan\u0131n qad\u0131nlar\u0131 birl\u0259\u015fdir\u0259r\u0259k s\u00fclh h\u0259r\u0259kat\u0131 yaratmaq arzusunu m\u00fcsb\u0259t hal kimi qiym\u0259tl\u0259ndirm\u0259k olar, ona g\u00f6r\u0259 ki, m\u00fcharib\u0259l\u0259r v\u0259 silahl\u0131 m\u00fcnaqi\u015f\u0259l\u0259rd\u0259n \u0259n \u00e7ox z\u0259r\u0259r\u0259 m\u0259ruz qalan qad\u0131nlar olur. X\u00fcsusil\u0259 bu h\u0259rbi \u0259m\u0259liyyatlar\u0131n oduna, qa\u00e7q\u0131n\u00e7\u0131l\u0131q, k\u00f6\u00e7k\u00fcn\u00e7\u00fcl\u00fck v\u0259 itkil\u0259r\u0259 bilavasit\u0259 m\u0259ruz qalanlara aiddir. Onlar\u0131n \u0259ks\u0259riyy\u0259tinin h\u0259l\u0259 d\u0259 s\u0131\u011f\u0131nacaq, m\u00fcalic\u0259, psixoloji yard\u0131m, d\u00f6vl\u0259t v\u0259 c\u0259miyy\u0259tin diqq\u0259tin\u0259 ehtiyac\u0131 var. Buna baxmayaraq, h\u0259rbi m\u00fcnaqi\u015f\u0259nin fonunda qad\u0131nlar ictimai h\u0259yatda i\u015ftirak etm\u0259k \u00fc\u00e7\u00fcn mane\u0259l\u0259ri aradan qald\u0131r\u0131rlar v\u0259 qad\u0131nlara xas olan harmoniya v\u0259 t\u0259hl\u00fck\u0259sizlik arzusu il\u0259 s\u00fclh\u0259 nail olmaq \u00fc\u00e7\u00fcn \u0259h\u0259miyy\u0259tli s\u0259yl\u0259r g\u00f6st\u0259rir. T\u0259sad\u00fcf deyil ki, qad\u0131nlar\u0131n s\u00fclh ist\u0259yi m\u00fcnaqi\u015f\u0259ni bir d\u0259f\u0259lik h\u0259ll olunmas\u0131, h\u0259rbi \u0259m\u0259liyyatlar\u0131n dayand\u0131r\u0131lmas\u0131, humanitar m\u0259s\u0259l\u0259l\u0259rin h\u0259lli v\u0259 qar\u015f\u0131l\u0131ql\u0131 anla\u015fmaya nail olmaq arzusuna \u0259saslan\u0131r. Bel\u0259 m\u00fcr\u0259kk\u0259b m\u0259s\u0259l\u0259l\u0259r \u00f6z t\u0259hl\u00fck\u0259sizliyin\u0259 v\u0259 \u00fcmidl\u0259rinin realla\u015fmas\u0131na \u0259min olan h\u0259r iki \u00f6lk\u0259nin n\u00fcmay\u0259nd\u0259l\u0259ri aras\u0131nda etibarl\u0131 v\u0259 s\u0131x \u0259m\u0259kda\u015fl\u0131q \u00e7\u0259r\u00e7iv\u0259sind\u0259 h\u0259ll olunur.<\/p>\n<p>Buna g\u00f6r\u0259 d\u0259, s\u00fclhm\u0259raml\u0131 m\u00fchitin yarad\u0131lmas\u0131na dair t\u0259\u015f\u0259bb\u00fcsl\u0259r m\u00fcnaqi\u015f\u0259nin s\u0259b\u0259bl\u0259rinin, inki\u015faf\u0131n\u0131n v\u0259 m\u00fcmk\u00fcn yollar\u0131n\u0131n d\u0259rin \u00f6yr\u0259nilm\u0259sin\u0259 \u0259saslanan konstruktiv v\u0259 pe\u015f\u0259kar yana\u015fma il\u0259 t\u0259sdiq olunmal\u0131d\u0131r. M\u00fcnasib\u0259tl\u0259rin normalla\u015fd\u0131r\u0131lmas\u0131 v\u0259 etimad\u0131n b\u0259rpas\u0131 istiqam\u0259tind\u0259 at\u0131lan h\u0259r hans\u0131 bir t\u0259l\u0259sik q\u0259rar d\u00f6nm\u0259z n\u0259tic\u0259l\u0259r\u0259 g\u0259tirib \u00e7\u0131xararaq, Erm\u0259nistan v\u0259 Az\u0259rbaycan xalqlar\u0131 \u00fc\u00e7\u00fcn bir faci\u0259y\u0259 \u00e7evril\u0259 bil\u0259r\u201d.<\/p>\n<p>B\u0259yanatda vur\u011fulan\u0131b ki, s\u00fclhm\u0259raml\u0131q g\u00f6z\u0259l s\u00f6zl\u0259r v\u0259 cazib\u0259dar \u015f\u00fcarlar deyil: \u201cS\u00fclhd\u0259n dan\u0131\u015f\u0131lan zaman ilk n\u00f6vb\u0259d\u0259 qar\u015f\u0131 t\u0259r\u0259fin duy\u011fular\u0131, ac\u0131lar\u0131, maraqlar\u0131 v\u0259 h\u00fcquqlar\u0131 n\u0259z\u0259r\u0259 al\u0131nmal\u0131d\u0131r. Bu bax\u0131mdan, d\u00f6nm\u0259z n\u0259tic\u0259y\u0259 g\u0259tir\u0259 bil\u0259n ifad\u0259 v\u0259 h\u0259r\u0259k\u0259tl\u0259rin dramatik n\u0259tic\u0259sind\u0259n qa\u00e7maq \u00fc\u00e7\u00fcn s\u00fclh \u00e7a\u011f\u0131r\u0131\u015flar\u0131n\u0131n h\u0259r iki t\u0259r\u0259f\u0259 eyni d\u0259r\u0259c\u0259d\u0259 cazib\u0259dar olan h\u0259r c\u00fcr s\u0259y v\u0259 m\u0259suliyy\u0259tin g\u00f6st\u0259rilm\u0259si vacibdir.<\/p>\n<p>Erm\u0259nistan-Az\u0259rbaycan V\u0259t\u0259nda\u015f S\u00fclh Platformas\u0131, t\u0259\u015f\u0259bb\u00fcskar\u0131 Anna Akopyan olan \u201cQad\u0131nlar S\u00fclh Namin\u0259\u201d kampaniyas\u0131 \u00e7\u0259r\u00e7iv\u0259sind\u0259 bir qrup Rusiya qad\u0131n\u0131n\u0131n Da\u011fl\u0131q Qaraba\u011fa s\u0259f\u0259rind\u0259n narahatd\u0131r v\u0259 bunu s\u00fclhquruculuq prosesin\u0259 ciddi ziyan vura bil\u0259c\u0259k d\u00fc\u015f\u00fcn\u00fclm\u0259mi\u015f bir s\u0259hv q\u0259rar\u0131 oldu\u011funu d\u00fc\u015f\u00fcn\u00fcr. S\u00fclh \u00e7a\u011f\u0131r\u0131\u015flar\u0131 beyn\u0259lxalq h\u00fcququn pozulmas\u0131 v\u0259 qar\u015f\u0131 t\u0259r\u0259fin hissl\u0259rin\u0259 toxunan \u00f6z\u00fcn\u0259 \u0259minliyin \u00fcst\u00fcnd\u0259 qurula bilm\u0259z.<\/p>\n<p>Az\u0259rbaycan v\u0259 Erm\u0259nistan\u0131n v\u0259t\u0259nda\u015f c\u0259miyy\u0259ti b\u00f6y\u00fck potensiala malikdir v\u0259 Da\u011fl\u0131q Qaraba\u011f m\u00fcnaqi\u015f\u0259sind\u0259 s\u00fclh\u00fc m\u00f6hk\u0259ml\u0259ndirm\u0259y\u0259 y\u00f6n\u0259l\u0259n s\u00fclh prosesl\u0259ri v\u0259 t\u0259\u015f\u0259bb\u00fcsl\u0259rd\u0259 \u0259sas rol oynay\u0131r. V\u0259 bu g\u00fcn Qaraba\u011f m\u00fcnaqi\u015f\u0259sinin g\u0259l\u0259c\u0259k h\u0259lli m\u0259s\u0259l\u0259si yaln\u0131z siyas\u0259t\u00e7il\u0259rin s\u0259yl\u0259rind\u0259n yox, h\u0259m\u00e7inin v\u0259t\u0259nda\u015f c\u0259miyy\u0259tinin n\u00fcmay\u0259nd\u0259l\u0259rinin s\u0131x \u0259m\u0259kda\u015fl\u0131\u011f\u0131ndan as\u0131l\u0131d\u0131r. Biz siyasi v\u0259 ictimai dialoq \u00fc\u00e7\u00fcn s\u0259y g\u00f6st\u0259r\u0259n v\u0259 m\u00fcnaqi\u015f\u0259nin zorak\u0131l\u0131qs\u0131z h\u0259llinin t\u0259r\u0259fda\u015f\u0131 olan v\u0259t\u0259nda\u015f sektorunun t\u0259cr\u00fcb\u0259 v\u0259 resurslar\u0131n\u0131 n\u0259z\u0259r\u0259 alma\u011fa borcluyuq.<\/p>\n<p>Erm\u0259nistan-Az\u0259rbaycan S\u00fclh Platformas\u0131 t\u0259r\u0259fl\u0259ri s\u00fclh t\u0259\u015f\u0259bb\u00fcsl\u0259rinin n\u00fcfuzuna z\u0259rb\u0259 vuran h\u0259r\u0259k\u0259tl\u0259rd\u0259n \u00e7\u0259kinm\u0259y\u0259 \u00e7a\u011f\u0131r\u0131r. Biz h\u0259m\u00e7inin xan\u0131m Anna Akopyan\u0131 v\u0259 Erm\u0259nistan\u0131n v\u0259t\u0259nda\u015f c\u0259miyy\u0259tini iki \u00f6lk\u0259nin \u0259razi b\u00fct\u00f6vl\u00fcy\u00fcn\u0259, beyn\u0259lxalq s\u0259viyy\u0259d\u0259 tan\u0131nan s\u0259rh\u0259dl\u0259rin\u0259 v\u0259 suverenliyin\u0259 uy\u011fun olan, Erm\u0259nistan v\u0259 Az\u0259rbaycan aras\u0131nda sur\u0259tli v\u0259 \u0259dal\u0259tli s\u00fclh\u00fcn t\u0259min olunmas\u0131na y\u00f6n\u0259l\u0259n s\u0259yl\u0259rimiz\u0259 qo\u015fulmaqlar\u0131na \u00e7a\u011f\u0131r\u0131r\u0131q!\u201daxar.az<\/p>\n","protected":false},"excerpt":{"rendered":"<p>Rusiya qad\u0131nlar\u0131n\u0131n Da\u011fl\u0131q Qaraba\u011fa s\u0259f\u0259ri il\u0259 \u0259laq\u0259dar Erm\u0259nistan-Az\u0259rbaycan V\u0259t\u0259nda\u015f S\u00fclh Platformas\u0131 b\u0259yanat yay\u0131b. ARANTV.AZ b\u0259yanat\u0131n m\u0259tnini t\u0259qdim edir: \u201cErm\u0259nistan-Az\u0259rbaycan V\u0259t\u0259nda\u015f S\u00fclh Platformas\u0131n\u0131n yarad\u0131lmas\u0131n\u0131n \u0259sas m\u0259qs\u0259dl\u0259rind\u0259n biri iki xalq aras\u0131nda uzunm\u00fcdd\u0259tli bar\u0131\u015f\u0131\u011f\u0131n t\u0259min edilm\u0259sidir. Bu bax\u0131mdan biz, \u00f6lk\u0259l\u0259rimiz aras\u0131nda s\u00fclh\u00fcn qorunmas\u0131 v\u0259 saxlan\u0131lmas\u0131 m\u0259qs\u0259di olan b\u00fct\u00fcn t\u0259\u015f\u0259bb\u00fcsl\u0259r\u0259 d\u0259st\u0259k verm\u0259y\u0259 haz\u0131r\u0131q. \u015e\u00fcbh\u0259siz ki, Anna Akopyan\u0131n qad\u0131nlar\u0131 birl\u0259\u015fdir\u0259r\u0259k s\u00fclh h\u0259r\u0259kat\u0131 yaratmaq arzusunu m\u00fcsb\u0259t hal kimi qiym\u0259tl\u0259ndirm\u0259k olar, ona g\u00f6r\u0259 ki, m\u00fcharib\u0259l\u0259r v\u0259 silahl\u0131 m\u00fcnaqi\u015f\u0259l\u0259rd\u0259n \u0259n \u00e7ox z\u0259r\u0259r\u0259 m\u0259ruz qalan qad\u0131nlar olur. X\u00fcsusil\u0259 bu h\u0259rbi \u0259m\u0259liyyatlar\u0131n oduna, qa\u00e7q\u0131n\u00e7\u0131l\u0131q, k\u00f6\u00e7k\u00fcn\u00e7\u00fcl\u00fck v\u0259 itkil\u0259r\u0259 bilavasit\u0259 m\u0259ruz qalanlara&hellip;<\/p>\n","protected":false},"author":2,"featured_media":17585,"comment_status":"closed","ping_status":"closed","sticky":false,"template":"","format":"standard","meta":{"om_disable_all_campaigns":false,"_monsterinsights_skip_tracking":false,"_monsterinsights_sitenote_active":false,"_monsterinsights_sitenote_note":"","_monsterinsights_sitenote_category":0},"categories":[19],"tags":[],"aioseo_notices":[],"gutentor_comment":0,"rttpg_featured_image_url":{"full":["https:\/\/arantv.az\/wp-content\/uploads\/2018\/10\/akopyan_anna.jpg",545,361,false],"landscape":["https:\/\/arantv.az\/wp-content\/uploads\/2018\/10\/akopyan_anna.jpg",545,361,false],"portraits":["https:\/\/arantv.az\/wp-content\/uploads\/2018\/10\/akopyan_anna.jpg",545,361,false],"thumbnail":["https:\/\/arantv.az\/wp-content\/uploads\/2018\/10\/akopyan_anna-150x150.jpg",150,150,true],"medium":["https:\/\/arantv.az\/wp-content\/uploads\/2018\/10\/akopyan_anna-300x199.jpg",300,199,true],"large":["https:\/\/arantv.az\/wp-content\/uploads\/2018\/10\/akopyan_anna.jpg",545,361,false],"1536x1536":["https:\/\/arantv.az\/wp-content\/uploads\/2018\/10\/akopyan_anna.jpg",545,361,false],"2048x2048":["https:\/\/arantv.az\/wp-content\/uploads\/2018\/10\/akopyan_anna.jpg",545,361,false],"post-thumbnail":["https:\/\/arantv.az\/wp-content\/uploads\/2018\/10\/akopyan_anna-240x172.jpg",240,172,true],"advps-thumb-one":["https:\/\/arantv.az\/wp-content\/uploads\/2018\/10\/akopyan_anna.jpg",545,361,false]},"rttpg_author":{"display_name":"V\u00fcsal Rafiqo\u011flu","author_link":"https:\/\/arantv.az\/?author=2"},"rttpg_comment":0,"rttpg_category":"<a href=\"https:\/\/arantv.az\/?cat=19\" rel=\"category\">G\u00fcnd\u0259m<\/a>","rttpg_excerpt":"Rusiya qad\u0131nlar\u0131n\u0131n Da\u011fl\u0131q Qaraba\u011fa s\u0259f\u0259ri il\u0259 \u0259laq\u0259dar Erm\u0259nistan-Az\u0259rbaycan V\u0259t\u0259nda\u015f S\u00fclh Platformas\u0131 b\u0259yanat yay\u0131b. ARANTV.AZ b\u0259yanat\u0131n m\u0259tnini t\u0259qdim edir: \u201cErm\u0259nistan-Az\u0259rbaycan V\u0259t\u0259nda\u015f S\u00fclh Platformas\u0131n\u0131n yarad\u0131lmas\u0131n\u0131n \u0259sas m\u0259qs\u0259dl\u0259rind\u0259n biri iki xalq aras\u0131nda uzunm\u00fcdd\u0259tli bar\u0131\u015f\u0131\u011f\u0131n t\u0259min edilm\u0259sidir. Bu bax\u0131mdan biz, \u00f6lk\u0259l\u0259rimiz aras\u0131nda s\u00fclh\u00fcn qorunmas\u0131 v\u0259 saxlan\u0131lmas\u0131 m\u0259qs\u0259di olan b\u00fct\u00fcn t\u0259\u015f\u0259bb\u00fcsl\u0259r\u0259 d\u0259st\u0259k verm\u0259y\u0259 haz\u0131r\u0131q. \u015e\u00fcbh\u0259siz ki, Anna Akopyan\u0131n qad\u0131nlar\u0131 birl\u0259\u015fdir\u0259r\u0259k&hellip;","_links":{"self":[{"href":"https:\/\/arantv.az\/index.php?rest_route=\/wp\/v2\/posts\/17584"}],"collection":[{"href":"https:\/\/arantv.az\/index.php?rest_route=\/wp\/v2\/posts"}],"about":[{"href":"https:\/\/arantv.az\/index.php?rest_route=\/wp\/v2\/types\/post"}],"author":[{"embeddable":true,"href":"https:\/\/arantv.az\/index.php?rest_route=\/wp\/v2\/users\/2"}],"replies":[{"embeddable":true,"href":"https:\/\/arantv.az\/index.php?rest_route=%2Fwp%2Fv2%2Fcomments&post=17584"}],"version-history":[{"count":0,"href":"https:\/\/arantv.az\/index.php?rest_route=\/wp\/v2\/posts\/17584\/revisions"}],"wp:featuredmedia":[{"embeddable":true,"href":"https:\/\/arantv.az\/index.php?rest_route=\/wp\/v2\/media\/17585"}],"wp:attachment":[{"href":"https:\/\/arantv.az\/index.php?rest_route=%2Fwp%2Fv2%2Fmedia&parent=17584"}],"wp:term":[{"taxonomy":"category","embeddable":true,"href":"https:\/\/arantv.az\/index.php?rest_route=%2Fwp%2Fv2%2Fcategories&post=17584"},{"taxonomy":"post_tag","embeddable":true,"href":"https:\/\/arantv.az\/index.php?rest_route=%2Fwp%2Fv2%2Ftags&post=17584"}],"curies":[{"name":"wp","href":"https:\/\/api.w.org\/{rel}","templated":true}]}}