{"id":17590,"date":"2018-10-08T09:18:03","date_gmt":"2018-10-08T06:18:03","guid":{"rendered":"http:\/\/arantv.az\/?p=17590"},"modified":"2018-10-08T09:18:03","modified_gmt":"2018-10-08T06:18:03","slug":"nurm%c9%99h%c9%99mm%c9%99dov-cunayev-v%c9%99-zabit-s%c9%99m%c9%99dov-foto","status":"publish","type":"post","link":"https:\/\/arantv.az\/?p=17590","title":{"rendered":"Nurm\u0259h\u0259mm\u0259dov, \u00c7unayev v\u0259 Zabit S\u0259m\u0259dov \u2014 FOTO"},"content":{"rendered":"<div class=\"spot\">Az\u0259rbaycan\u0131n m\u0259\u015fhur idman\u00e7\u0131lar\u0131 R\u0259sul \u00c7unayev v\u0259 Zabit S\u0259m\u0259dov H\u0259bib Nurm\u0259h\u0259mm\u0259dovla fotolar\u0131n\u0131 payla\u015f\u0131blar.<\/div>\n<p><strong>ARANTV.AZ<\/strong>-\u0131n m\u0259lumat\u0131na g\u00f6r\u0259, bir s\u0131ra s\u0259hif\u0259l\u0259rd\u0259 payla\u015f\u0131lan fotolarda Nurm\u0259h\u0259mm\u0259dovun anas\u0131n\u0131n Az\u0259rbaycan avar\u0131 oldu\u011fu bildirilib.<\/p>\n<p>Qeyd ed\u0259k ki, Nurm\u0259h\u0259mm\u0259dov \u00f6t\u0259n g\u00fcn ba\u015f tutan &#8220;\u018fsrin d\u00f6y\u00fc\u015f\u00fc&#8221;nd\u0259 irlandiyal\u0131 r\u0259qibi Konor Makqreqor \u00fcz\u0259rind\u0259 q\u0259l\u0259b\u0259d\u0259n sonra onu t\u0259hqir edib. Ard\u0131nca is\u0259 irlandiyal\u0131n\u0131n komandas\u0131ndak\u0131lara h\u00fccum \u00e7\u0259kib.<\/p>\n<div id=\"AdributorNativeVideo0\" class=\"AdributorNativeVideo\"><\/div>\n<p><img src=\"http:\/\/olke.az\/uploads\/images\/43328184_542410996202268_4203945557334425600_n.jpg\" alt=\"\" width=\"100%\" \/><\/p>\n<p>\u00f6lk\u0259.az<\/p>\n","protected":false},"excerpt":{"rendered":"<p>Az\u0259rbaycan\u0131n m\u0259\u015fhur idman\u00e7\u0131lar\u0131 R\u0259sul \u00c7unayev v\u0259 Zabit S\u0259m\u0259dov H\u0259bib Nurm\u0259h\u0259mm\u0259dovla fotolar\u0131n\u0131 payla\u015f\u0131blar. ARANTV.AZ-\u0131n m\u0259lumat\u0131na g\u00f6r\u0259, bir s\u0131ra s\u0259hif\u0259l\u0259rd\u0259 payla\u015f\u0131lan fotolarda Nurm\u0259h\u0259mm\u0259dovun anas\u0131n\u0131n Az\u0259rbaycan avar\u0131 oldu\u011fu bildirilib. Qeyd ed\u0259k ki, Nurm\u0259h\u0259mm\u0259dov \u00f6t\u0259n g\u00fcn ba\u015f tutan &#8220;\u018fsrin d\u00f6y\u00fc\u015f\u00fc&#8221;nd\u0259 irlandiyal\u0131 r\u0259qibi Konor Makqreqor \u00fcz\u0259rind\u0259 q\u0259l\u0259b\u0259d\u0259n sonra onu t\u0259hqir edib. Ard\u0131nca is\u0259 irlandiyal\u0131n\u0131n komandas\u0131ndak\u0131lara h\u00fccum \u00e7\u0259kib. \u00f6lk\u0259.az<\/p>\n","protected":false},"author":2,"featured_media":17591,"comment_status":"closed","ping_status":"closed","sticky":false,"template":"","format":"standard","meta":{"om_disable_all_campaigns":false,"_monsterinsights_skip_tracking":false,"_monsterinsights_sitenote_active":false,"_monsterinsights_sitenote_note":"","_monsterinsights_sitenote_category":0},"categories":[6],"tags":[],"aioseo_notices":[],"gutentor_comment":0,"rttpg_featured_image_url":{"full":["https:\/\/arantv.az\/wp-content\/uploads\/2018\/10\/hebib.jpg",620,375,false],"landscape":["https:\/\/arantv.az\/wp-content\/uploads\/2018\/10\/hebib.jpg",620,375,false],"portraits":["https:\/\/arantv.az\/wp-content\/uploads\/2018\/10\/hebib.jpg",620,375,false],"thumbnail":["https:\/\/arantv.az\/wp-content\/uploads\/2018\/10\/hebib-150x150.jpg",150,150,true],"medium":["https:\/\/arantv.az\/wp-content\/uploads\/2018\/10\/hebib-300x181.jpg",300,181,true],"large":["https:\/\/arantv.az\/wp-content\/uploads\/2018\/10\/hebib.jpg",620,375,false],"1536x1536":["https:\/\/arantv.az\/wp-content\/uploads\/2018\/10\/hebib.jpg",620,375,false],"2048x2048":["https:\/\/arantv.az\/wp-content\/uploads\/2018\/10\/hebib.jpg",620,375,false],"post-thumbnail":["https:\/\/arantv.az\/wp-content\/uploads\/2018\/10\/hebib-240x172.jpg",240,172,true],"advps-thumb-one":["https:\/\/arantv.az\/wp-content\/uploads\/2018\/10\/hebib.jpg",620,375,false]},"rttpg_author":{"display_name":"V\u00fcsal Rafiqo\u011flu","author_link":"https:\/\/arantv.az\/?author=2"},"rttpg_comment":0,"rttpg_category":"<a href=\"https:\/\/arantv.az\/?cat=6\" rel=\"category\">\u0130dman<\/a>","rttpg_excerpt":"Az\u0259rbaycan\u0131n m\u0259\u015fhur idman\u00e7\u0131lar\u0131 R\u0259sul \u00c7unayev v\u0259 Zabit S\u0259m\u0259dov H\u0259bib Nurm\u0259h\u0259mm\u0259dovla fotolar\u0131n\u0131 payla\u015f\u0131blar. ARANTV.AZ-\u0131n m\u0259lumat\u0131na g\u00f6r\u0259, bir s\u0131ra s\u0259hif\u0259l\u0259rd\u0259 payla\u015f\u0131lan fotolarda Nurm\u0259h\u0259mm\u0259dovun anas\u0131n\u0131n Az\u0259rbaycan avar\u0131 oldu\u011fu bildirilib. Qeyd ed\u0259k ki, Nurm\u0259h\u0259mm\u0259dov \u00f6t\u0259n g\u00fcn ba\u015f tutan &#8220;\u018fsrin d\u00f6y\u00fc\u015f\u00fc&#8221;nd\u0259 irlandiyal\u0131 r\u0259qibi Konor Makqreqor \u00fcz\u0259rind\u0259 q\u0259l\u0259b\u0259d\u0259n sonra onu t\u0259hqir edib. Ard\u0131nca is\u0259 irlandiyal\u0131n\u0131n komandas\u0131ndak\u0131lara h\u00fccum \u00e7\u0259kib. \u00f6lk\u0259.az","_links":{"self":[{"href":"https:\/\/arantv.az\/index.php?rest_route=\/wp\/v2\/posts\/17590"}],"collection":[{"href":"https:\/\/arantv.az\/index.php?rest_route=\/wp\/v2\/posts"}],"about":[{"href":"https:\/\/arantv.az\/index.php?rest_route=\/wp\/v2\/types\/post"}],"author":[{"embeddable":true,"href":"https:\/\/arantv.az\/index.php?rest_route=\/wp\/v2\/users\/2"}],"replies":[{"embeddable":true,"href":"https:\/\/arantv.az\/index.php?rest_route=%2Fwp%2Fv2%2Fcomments&post=17590"}],"version-history":[{"count":0,"href":"https:\/\/arantv.az\/index.php?rest_route=\/wp\/v2\/posts\/17590\/revisions"}],"wp:featuredmedia":[{"embeddable":true,"href":"https:\/\/arantv.az\/index.php?rest_route=\/wp\/v2\/media\/17591"}],"wp:attachment":[{"href":"https:\/\/arantv.az\/index.php?rest_route=%2Fwp%2Fv2%2Fmedia&parent=17590"}],"wp:term":[{"taxonomy":"category","embeddable":true,"href":"https:\/\/arantv.az\/index.php?rest_route=%2Fwp%2Fv2%2Fcategories&post=17590"},{"taxonomy":"post_tag","embeddable":true,"href":"https:\/\/arantv.az\/index.php?rest_route=%2Fwp%2Fv2%2Ftags&post=17590"}],"curies":[{"name":"wp","href":"https:\/\/api.w.org\/{rel}","templated":true}]}}