{"id":17598,"date":"2018-10-08T10:27:15","date_gmt":"2018-10-08T07:27:15","guid":{"rendered":"http:\/\/arantv.az\/?p=17598"},"modified":"2018-10-08T10:27:15","modified_gmt":"2018-10-08T07:27:15","slug":"ilham-%c9%99liyev-abs-etnik-anlasma-fondunun-prezidentini-q%c9%99bul-edib","status":"publish","type":"post","link":"https:\/\/arantv.az\/?p=17598","title":{"rendered":"\u0130lham \u018fliyev AB\u015e Etnik Anla\u015fma Fondunun prezidentini q\u0259bul edib"},"content":{"rendered":"<p><strong>ARANTV.AZ<\/strong> x\u0259b\u0259r verir ki, Az\u0259rbaycan Respublikas\u0131n\u0131n Prezidenti \u0130lham \u018fliyev oktyabr\u0131n 8-d\u0259 AB\u015e Etnik Anla\u015fma Fondunun prezidenti Mark \u015enayeri q\u0259bul edib.<\/p>\n<p>Mark \u015enayer Prezident \u0130lham \u018fliyevl\u0259 Bak\u0131da v\u0259 AB\u015e-da ke\u00e7irdikl\u0259ri g\u00f6r\u00fc\u015fl\u0259ri m\u0259mnunluqla xat\u0131rlad\u0131.<\/p>\n<p>S\u00f6hb\u0259t zaman\u0131 Az\u0259rbaycanda m\u00fcxt\u0259lif xalqlar\u0131n v\u0259 etnik qruplar\u0131n, o c\u00fcml\u0259d\u0259n y\u0259hudi icmas\u0131 n\u00fcmay\u0259nd\u0259l\u0259rinin dinc yana\u015f\u0131 v\u0259 \u0259min-amanl\u0131q \u015f\u0259raitind\u0259 ya\u015famalar\u0131 \u00fc\u00e7\u00fcn h\u0259r c\u00fcr \u015f\u0259raitin yarad\u0131ld\u0131\u011f\u0131 qeyd olundu, onlar\u0131n Az\u0259rbaycan\u0131n ictimai h\u0259yat\u0131nda f\u0259al i\u015ftirak etdiyi vur\u011fuland\u0131.<\/p>\n<p>G\u00f6r\u00fc\u015fd\u0259 Az\u0259rbaycan il\u0259 AB\u015e aras\u0131nda ikit\u0259r\u0259fli m\u00fcnasib\u0259tl\u0259rin u\u011furla inki\u015faf etdiyi bildirildi, AB\u015e Etnik Anla\u015fma Fondunun bu i\u015f\u0259 t\u00f6hf\u0259 verdiyi qeyd olundu.<\/p>\n<div class=\"fotorama--hidden\"><\/div>\n<div class=\"article-carousel fotorama fotorama1538983560113\" data-autoplay=\"true\" data-ratio=\"660\/430\" data-width=\"100%\">\n<div class=\"fotorama__wrap fotorama__wrap--css3 fotorama__wrap--slide fotorama__wrap--toggle-arrows fotorama__wrap--no-controls\">\n<div class=\"fotorama__stage\">\n<div class=\"fotorama__stage__shaft\">\n<div class=\"fotorama__stage__frame fotorama__loaded fotorama__loaded--img fotorama__active\"><img class=\"fotorama__img\" src=\"https:\/\/static.president.az\/media\/W1siZiIsIjIwMTgvMTAvMDgvM3Z3N3l5Nnoxb19OQU1fNTk4OS5KUEciXSxbInAiLCJ0aHVtYiIsIjEzNDB4MTAyMCJdXQ?sha=ee34c28c44851603\" \/><\/div>\n<\/div>\n<div class=\"fotorama__video-close\"><\/div>\n<\/div>\n<\/div>\n<\/div>\n<div class=\"link-to_block\"><\/div>\n","protected":false},"excerpt":{"rendered":"<p>ARANTV.AZ x\u0259b\u0259r verir ki, Az\u0259rbaycan Respublikas\u0131n\u0131n Prezidenti \u0130lham \u018fliyev oktyabr\u0131n 8-d\u0259 AB\u015e Etnik Anla\u015fma Fondunun prezidenti Mark \u015enayeri q\u0259bul edib. Mark \u015enayer Prezident \u0130lham \u018fliyevl\u0259 Bak\u0131da v\u0259 AB\u015e-da ke\u00e7irdikl\u0259ri g\u00f6r\u00fc\u015fl\u0259ri m\u0259mnunluqla xat\u0131rlad\u0131. S\u00f6hb\u0259t zaman\u0131 Az\u0259rbaycanda m\u00fcxt\u0259lif xalqlar\u0131n v\u0259 etnik qruplar\u0131n, o c\u00fcml\u0259d\u0259n y\u0259hudi icmas\u0131 n\u00fcmay\u0259nd\u0259l\u0259rinin dinc yana\u015f\u0131 v\u0259 \u0259min-amanl\u0131q \u015f\u0259raitind\u0259 ya\u015famalar\u0131 \u00fc\u00e7\u00fcn h\u0259r c\u00fcr \u015f\u0259raitin yarad\u0131ld\u0131\u011f\u0131 qeyd olundu, onlar\u0131n Az\u0259rbaycan\u0131n ictimai h\u0259yat\u0131nda f\u0259al i\u015ftirak etdiyi vur\u011fuland\u0131. G\u00f6r\u00fc\u015fd\u0259 Az\u0259rbaycan il\u0259 AB\u015e aras\u0131nda ikit\u0259r\u0259fli m\u00fcnasib\u0259tl\u0259rin u\u011furla inki\u015faf etdiyi bildirildi, AB\u015e Etnik Anla\u015fma Fondunun bu i\u015f\u0259 t\u00f6hf\u0259 verdiyi qeyd olundu.<\/p>\n","protected":false},"author":2,"featured_media":17599,"comment_status":"closed","ping_status":"closed","sticky":false,"template":"","format":"standard","meta":{"om_disable_all_campaigns":false,"_monsterinsights_skip_tracking":false,"_monsterinsights_sitenote_active":false,"_monsterinsights_sitenote_note":"","_monsterinsights_sitenote_category":0},"categories":[8],"tags":[],"aioseo_notices":[],"gutentor_comment":0,"rttpg_featured_image_url":{"full":["https:\/\/arantv.az\/wp-content\/uploads\/2018\/10\/NAM_5989.jpg",2360,1196,false],"landscape":["https:\/\/arantv.az\/wp-content\/uploads\/2018\/10\/NAM_5989.jpg",2360,1196,false],"portraits":["https:\/\/arantv.az\/wp-content\/uploads\/2018\/10\/NAM_5989.jpg",2360,1196,false],"thumbnail":["https:\/\/arantv.az\/wp-content\/uploads\/2018\/10\/NAM_5989-150x150.jpg",150,150,true],"medium":["https:\/\/arantv.az\/wp-content\/uploads\/2018\/10\/NAM_5989-300x152.jpg",300,152,true],"large":["https:\/\/arantv.az\/wp-content\/uploads\/2018\/10\/NAM_5989-1024x519.jpg",640,324,true],"1536x1536":["https:\/\/arantv.az\/wp-content\/uploads\/2018\/10\/NAM_5989.jpg",1536,778,false],"2048x2048":["https:\/\/arantv.az\/wp-content\/uploads\/2018\/10\/NAM_5989.jpg",2048,1038,false],"post-thumbnail":["https:\/\/arantv.az\/wp-content\/uploads\/2018\/10\/NAM_5989-240x172.jpg",240,172,true],"advps-thumb-one":["https:\/\/arantv.az\/wp-content\/uploads\/2018\/10\/NAM_5989-1200x620.jpg",1200,620,true]},"rttpg_author":{"display_name":"V\u00fcsal Rafiqo\u011flu","author_link":"https:\/\/arantv.az\/?author=2"},"rttpg_comment":0,"rttpg_category":"<a href=\"https:\/\/arantv.az\/?cat=8\" rel=\"category\">\u018fsas s\u0259hif\u0259<\/a>","rttpg_excerpt":"ARANTV.AZ x\u0259b\u0259r verir ki, Az\u0259rbaycan Respublikas\u0131n\u0131n Prezidenti \u0130lham \u018fliyev oktyabr\u0131n 8-d\u0259 AB\u015e Etnik Anla\u015fma Fondunun prezidenti Mark \u015enayeri q\u0259bul edib. Mark \u015enayer Prezident \u0130lham \u018fliyevl\u0259 Bak\u0131da v\u0259 AB\u015e-da ke\u00e7irdikl\u0259ri g\u00f6r\u00fc\u015fl\u0259ri m\u0259mnunluqla xat\u0131rlad\u0131. S\u00f6hb\u0259t zaman\u0131 Az\u0259rbaycanda m\u00fcxt\u0259lif xalqlar\u0131n v\u0259 etnik qruplar\u0131n, o c\u00fcml\u0259d\u0259n y\u0259hudi icmas\u0131 n\u00fcmay\u0259nd\u0259l\u0259rinin dinc yana\u015f\u0131 v\u0259 \u0259min-amanl\u0131q \u015f\u0259raitind\u0259 ya\u015famalar\u0131 \u00fc\u00e7\u00fcn h\u0259r c\u00fcr \u015f\u0259raitin&hellip;","_links":{"self":[{"href":"https:\/\/arantv.az\/index.php?rest_route=\/wp\/v2\/posts\/17598"}],"collection":[{"href":"https:\/\/arantv.az\/index.php?rest_route=\/wp\/v2\/posts"}],"about":[{"href":"https:\/\/arantv.az\/index.php?rest_route=\/wp\/v2\/types\/post"}],"author":[{"embeddable":true,"href":"https:\/\/arantv.az\/index.php?rest_route=\/wp\/v2\/users\/2"}],"replies":[{"embeddable":true,"href":"https:\/\/arantv.az\/index.php?rest_route=%2Fwp%2Fv2%2Fcomments&post=17598"}],"version-history":[{"count":0,"href":"https:\/\/arantv.az\/index.php?rest_route=\/wp\/v2\/posts\/17598\/revisions"}],"wp:featuredmedia":[{"embeddable":true,"href":"https:\/\/arantv.az\/index.php?rest_route=\/wp\/v2\/media\/17599"}],"wp:attachment":[{"href":"https:\/\/arantv.az\/index.php?rest_route=%2Fwp%2Fv2%2Fmedia&parent=17598"}],"wp:term":[{"taxonomy":"category","embeddable":true,"href":"https:\/\/arantv.az\/index.php?rest_route=%2Fwp%2Fv2%2Fcategories&post=17598"},{"taxonomy":"post_tag","embeddable":true,"href":"https:\/\/arantv.az\/index.php?rest_route=%2Fwp%2Fv2%2Ftags&post=17598"}],"curies":[{"name":"wp","href":"https:\/\/api.w.org\/{rel}","templated":true}]}}