{"id":17601,"date":"2018-10-08T10:28:51","date_gmt":"2018-10-08T07:28:51","guid":{"rendered":"http:\/\/arantv.az\/?p=17601"},"modified":"2018-10-08T10:28:51","modified_gmt":"2018-10-08T07:28:51","slug":"bu-gun-aspa-nin-payiz-sessiyasi-baslayir","status":"publish","type":"post","link":"https:\/\/arantv.az\/?p=17601","title":{"rendered":"Bu g\u00fcn A\u015ePA-n\u0131n pay\u0131z sessiyas\u0131 ba\u015flay\u0131r"},"content":{"rendered":"<p><strong>ARANTV.AZ<\/strong> x\u0259b\u0259r verir ki, bu g\u00fcn Avropa \u015euras\u0131 Parlament Assambleyas\u0131n\u0131n pay\u0131z sessiyas\u0131 ba\u015flay\u0131r. Az\u0259rbaycan n\u00fcmay\u0259nd\u0259 hey\u0259tinin d\u0259 t\u0259msil olunaca\u011f\u0131 sessiyan\u0131n ilk i\u015f g\u00fcn\u00fcnd\u0259 Assambleyan\u0131n s\u0259dri \u00e7\u0131x\u0131\u015f ed\u0259c\u0259k, b\u00fcronun v\u0259 daimi komit\u0259nin hesabatlar\u0131 dinl\u0259nil\u0259c\u0259k. Eyni zamanda, sessiya \u00e7\u0259r\u00e7iv\u0259sind\u0259 Avropa \u015euras\u0131 Nazirl\u0259r Komit\u0259sin\u0259 s\u0259drlik ed\u0259n Xorvatiyan\u0131n Ba\u015f nazirinin m\u00fcavini- xarici v\u0259 Avropa i\u015fl\u0259ri \u00fczr\u0259 naziri Mariya Buri\u00e7 komit\u0259nin son d\u00f6vrd\u0259ki f\u0259aliyy\u0259ti il\u0259 ba\u011fl\u0131 m\u0259lumat ver\u0259c\u0259k. Bundan ba\u015fqa, Avropa \u015euras\u0131n\u0131n ba\u015f katibi Torbyorn Yaqland parlamentaril\u0259rin suallar\u0131n\u0131 cavabland\u0131racaq. Sessiyada Parlament Assambleyas\u0131n\u0131n s\u0259lahiyy\u0259tl\u0259r v\u0259 s\u0259sverm\u0259y\u0259 dair q\u0259rar q\u0259buletm\u0259 prosesinin m\u00f6hk\u0259ml\u0259ndirilm\u0259si, quruma \u00fczv \u00f6lk\u0259l\u0259rd\u0259 qa\u00e7q\u0131n v\u0259 miqrantlar\u0131n ail\u0259 \u00fczvl\u0259rinin birl\u0259\u015fm\u0259sin\u0259 dair m\u00fczakir\u0259l\u0259r apar\u0131lacaq. Pay\u0131z sessiyas\u0131 oktyabr\u0131n 12-d\u0259k davam ed\u0259c\u0259k.<\/p>\n","protected":false},"excerpt":{"rendered":"<p>ARANTV.AZ x\u0259b\u0259r verir ki, bu g\u00fcn Avropa \u015euras\u0131 Parlament Assambleyas\u0131n\u0131n pay\u0131z sessiyas\u0131 ba\u015flay\u0131r. Az\u0259rbaycan n\u00fcmay\u0259nd\u0259 hey\u0259tinin d\u0259 t\u0259msil olunaca\u011f\u0131 sessiyan\u0131n ilk i\u015f g\u00fcn\u00fcnd\u0259 Assambleyan\u0131n s\u0259dri \u00e7\u0131x\u0131\u015f ed\u0259c\u0259k, b\u00fcronun v\u0259 daimi komit\u0259nin hesabatlar\u0131 dinl\u0259nil\u0259c\u0259k. Eyni zamanda, sessiya \u00e7\u0259r\u00e7iv\u0259sind\u0259 Avropa \u015euras\u0131 Nazirl\u0259r Komit\u0259sin\u0259 s\u0259drlik ed\u0259n Xorvatiyan\u0131n Ba\u015f nazirinin m\u00fcavini- xarici v\u0259 Avropa i\u015fl\u0259ri \u00fczr\u0259 naziri Mariya Buri\u00e7 komit\u0259nin son d\u00f6vrd\u0259ki f\u0259aliyy\u0259ti il\u0259 ba\u011fl\u0131 m\u0259lumat ver\u0259c\u0259k. Bundan ba\u015fqa, Avropa \u015euras\u0131n\u0131n ba\u015f katibi Torbyorn Yaqland parlamentaril\u0259rin suallar\u0131n\u0131 cavabland\u0131racaq. Sessiyada Parlament Assambleyas\u0131n\u0131n s\u0259lahiyy\u0259tl\u0259r v\u0259 s\u0259sverm\u0259y\u0259 dair q\u0259rar q\u0259buletm\u0259 prosesinin m\u00f6hk\u0259ml\u0259ndirilm\u0259si, quruma \u00fczv \u00f6lk\u0259l\u0259rd\u0259 qa\u00e7q\u0131n v\u0259&hellip;<\/p>\n","protected":false},"author":2,"featured_media":17602,"comment_status":"closed","ping_status":"closed","sticky":false,"template":"","format":"standard","meta":{"om_disable_all_campaigns":false,"_monsterinsights_skip_tracking":false,"_monsterinsights_sitenote_active":false,"_monsterinsights_sitenote_note":"","_monsterinsights_sitenote_category":0},"categories":[4],"tags":[],"aioseo_notices":[],"gutentor_comment":0,"rttpg_featured_image_url":{"full":["https:\/\/arantv.az\/wp-content\/uploads\/2018\/10\/52u75q3sv3ad8pbg23m0j2ede1aspa.jpg",869,468,false],"landscape":["https:\/\/arantv.az\/wp-content\/uploads\/2018\/10\/52u75q3sv3ad8pbg23m0j2ede1aspa.jpg",869,468,false],"portraits":["https:\/\/arantv.az\/wp-content\/uploads\/2018\/10\/52u75q3sv3ad8pbg23m0j2ede1aspa.jpg",869,468,false],"thumbnail":["https:\/\/arantv.az\/wp-content\/uploads\/2018\/10\/52u75q3sv3ad8pbg23m0j2ede1aspa-150x150.jpg",150,150,true],"medium":["https:\/\/arantv.az\/wp-content\/uploads\/2018\/10\/52u75q3sv3ad8pbg23m0j2ede1aspa-300x162.jpg",300,162,true],"large":["https:\/\/arantv.az\/wp-content\/uploads\/2018\/10\/52u75q3sv3ad8pbg23m0j2ede1aspa.jpg",640,345,false],"1536x1536":["https:\/\/arantv.az\/wp-content\/uploads\/2018\/10\/52u75q3sv3ad8pbg23m0j2ede1aspa.jpg",869,468,false],"2048x2048":["https:\/\/arantv.az\/wp-content\/uploads\/2018\/10\/52u75q3sv3ad8pbg23m0j2ede1aspa.jpg",869,468,false],"post-thumbnail":["https:\/\/arantv.az\/wp-content\/uploads\/2018\/10\/52u75q3sv3ad8pbg23m0j2ede1aspa-240x172.jpg",240,172,true],"advps-thumb-one":["https:\/\/arantv.az\/wp-content\/uploads\/2018\/10\/52u75q3sv3ad8pbg23m0j2ede1aspa.jpg",869,468,false]},"rttpg_author":{"display_name":"V\u00fcsal Rafiqo\u011flu","author_link":"https:\/\/arantv.az\/?author=2"},"rttpg_comment":0,"rttpg_category":"<a href=\"https:\/\/arantv.az\/?cat=4\" rel=\"category\">Siyas\u0259t<\/a>","rttpg_excerpt":"ARANTV.AZ x\u0259b\u0259r verir ki, bu g\u00fcn Avropa \u015euras\u0131 Parlament Assambleyas\u0131n\u0131n pay\u0131z sessiyas\u0131 ba\u015flay\u0131r. Az\u0259rbaycan n\u00fcmay\u0259nd\u0259 hey\u0259tinin d\u0259 t\u0259msil olunaca\u011f\u0131 sessiyan\u0131n ilk i\u015f g\u00fcn\u00fcnd\u0259 Assambleyan\u0131n s\u0259dri \u00e7\u0131x\u0131\u015f ed\u0259c\u0259k, b\u00fcronun v\u0259 daimi komit\u0259nin hesabatlar\u0131 dinl\u0259nil\u0259c\u0259k. Eyni zamanda, sessiya \u00e7\u0259r\u00e7iv\u0259sind\u0259 Avropa \u015euras\u0131 Nazirl\u0259r Komit\u0259sin\u0259 s\u0259drlik ed\u0259n Xorvatiyan\u0131n Ba\u015f nazirinin m\u00fcavini- xarici v\u0259 Avropa i\u015fl\u0259ri \u00fczr\u0259 naziri Mariya Buri\u00e7&hellip;","_links":{"self":[{"href":"https:\/\/arantv.az\/index.php?rest_route=\/wp\/v2\/posts\/17601"}],"collection":[{"href":"https:\/\/arantv.az\/index.php?rest_route=\/wp\/v2\/posts"}],"about":[{"href":"https:\/\/arantv.az\/index.php?rest_route=\/wp\/v2\/types\/post"}],"author":[{"embeddable":true,"href":"https:\/\/arantv.az\/index.php?rest_route=\/wp\/v2\/users\/2"}],"replies":[{"embeddable":true,"href":"https:\/\/arantv.az\/index.php?rest_route=%2Fwp%2Fv2%2Fcomments&post=17601"}],"version-history":[{"count":0,"href":"https:\/\/arantv.az\/index.php?rest_route=\/wp\/v2\/posts\/17601\/revisions"}],"wp:featuredmedia":[{"embeddable":true,"href":"https:\/\/arantv.az\/index.php?rest_route=\/wp\/v2\/media\/17602"}],"wp:attachment":[{"href":"https:\/\/arantv.az\/index.php?rest_route=%2Fwp%2Fv2%2Fmedia&parent=17601"}],"wp:term":[{"taxonomy":"category","embeddable":true,"href":"https:\/\/arantv.az\/index.php?rest_route=%2Fwp%2Fv2%2Fcategories&post=17601"},{"taxonomy":"post_tag","embeddable":true,"href":"https:\/\/arantv.az\/index.php?rest_route=%2Fwp%2Fv2%2Ftags&post=17601"}],"curies":[{"name":"wp","href":"https:\/\/api.w.org\/{rel}","templated":true}]}}