{"id":17607,"date":"2018-10-08T10:34:44","date_gmt":"2018-10-08T07:34:44","guid":{"rendered":"http:\/\/arantv.az\/?p=17607"},"modified":"2018-10-08T10:34:44","modified_gmt":"2018-10-08T07:34:44","slug":"deputatdan-ruf%c9%99t-aslanliya-s%c9%99rt-t%c9%99nqid-65-min-maas-alir-adina-s%c9%99rab-buraxir","status":"publish","type":"post","link":"https:\/\/arantv.az\/?p=17607","title":{"rendered":"Deputatdan R\u00fcf\u0259t Aslanl\u0131ya s\u0259rt t\u0259nqid &#8211; \u201c65 min maa\u015f al\u0131r, ad\u0131na \u015f\u0259rab burax\u0131r&#8230;\u201d"},"content":{"rendered":"<p><strong>Deputat Vahid \u018fhm\u0259dov parlamentin bu g\u00fcn ke\u00e7iril\u0259\u0131n iclas\u0131nda\u00a0 Maliyy\u0259 Bazarlar\u0131na N\u0259zar\u0259t Palatas\u0131n\u0131n ke\u00e7mi\u015f Direktorlar \u015euras\u0131n\u0131n s\u0259dri R\u00fcf\u0259t Aslanl\u0131n\u0131 s\u0259rt t\u0259nqid edib.<\/strong><\/p>\n<p><strong>ARANTV.AZ<\/strong> x\u0259b\u0259r verir ki, iclasda \u00e7\u0131x\u0131\u015f ed\u0259n deputat qeyd edib ki, bu yax\u0131nlarda prezidentin s\u0259r\u0259ncam\u0131 il\u0259 Maliyy\u0259 Bazarlar\u0131na N\u0259zar\u0259t Platas\u0131n\u0131n Direktorlar \u015euras\u0131 l\u0259\u011fv edildi:<\/p>\n<p>\u201cVaxt\u0131nda biz palata il\u0259 ba\u011fl\u0131 m\u0259s\u0259l\u0259l\u0259ri qald\u0131randa b\u0259zi deputatlar \u0259leyhimiz\u0259 \u00e7\u0131x\u0131\u015f etdil\u0259r.<\/p>\n<p>Biz haql\u0131 idik. Bu Palata iki ildir ki, f\u0259aliy\u0259t g\u00f6st\u0259rir. Ancaq\u00a0 son 6 ayda f\u0259aliyy\u0259tind\u0259 dir\u00e7\u0259lm\u0259 ba\u015f verdi. Bu da \u0130brahim Ali\u015fovla ba\u011fl\u0131d\u0131r. El\u0259 vaxt olur ki, h\u0259ft\u0259d\u0259 iki -\u00fc\u00e7 d\u0259f\u0259 \u0130brahiml\u0259 dan\u0131\u015f\u0131ram. M\u00fc\u0259yy\u0259n m\u0259s\u0259l\u0259l\u0259ri m\u00fczakir\u0259 ed\u0259 bilirik. R\u0259hb\u0259rlikd\u0259 normal insan olanda dan\u0131\u015fmaq olur. Yoxsa gedib o birisi kimi (R\u00fcf\u0259t Aslanl\u0131) \u00f6z ad\u0131na \u015f\u0259rab buraxasan. \u00dcst\u00fcn\u0259 ad\u0131n\u0131 yazd\u0131rasan. 65 min manat maa\u015f\u0131 da \u00f6z\u00fcn alasan. Bu harda g\u00f6r\u00fcl\u00fcb ki? Normal adam olsa, normal i\u015fl\u0259y\u0259r\u201d.<\/p>\n<p>Qeyd ed\u0259k ki, \u00f6t\u0259n il\u00a0\u201cGrand Vin de Bordeux\u201d \u015firk\u0259tinin R\u00fcf\u0259t Aslanl\u0131n\u0131n \u015f\u0259r\u0259fin\u0259 \u015f\u0259rab istehsal etdiyi bar\u0259d\u0259 m\u0259lumat yay\u0131lm\u0131\u015fd\u0131. Bildirilirdi\u00a0 ki,\u00a0Maison \u015f\u0259rab\u00a0\u015f\u00fc\u015f\u0259sinin etiketind\u0259 \u201cMaison d&#8217;Aslanli\u201d yaz\u0131s\u0131 qeyd olunub. Bundan ba\u015fqa etiketd\u0259 az\u0259rbaycanl\u0131 m\u0259murun imzas\u0131 g\u00f6rm\u0259k m\u00fcmk\u00fcnd\u00fcr.<\/p>\n<p>&nbsp;<\/p>\n<p><img src=\"http:\/\/qafqazinfo.az\/uploads\/images\/237459_src(1)(1).jpg\" alt=\"\" width=\"100%\" \/><\/p>\n<p>qafqazinfo<\/p>\n","protected":false},"excerpt":{"rendered":"<p>Deputat Vahid \u018fhm\u0259dov parlamentin bu g\u00fcn ke\u00e7iril\u0259\u0131n iclas\u0131nda\u00a0 Maliyy\u0259 Bazarlar\u0131na N\u0259zar\u0259t Palatas\u0131n\u0131n ke\u00e7mi\u015f Direktorlar \u015euras\u0131n\u0131n s\u0259dri R\u00fcf\u0259t Aslanl\u0131n\u0131 s\u0259rt t\u0259nqid edib. ARANTV.AZ x\u0259b\u0259r verir ki, iclasda \u00e7\u0131x\u0131\u015f ed\u0259n deputat qeyd edib ki, bu yax\u0131nlarda prezidentin s\u0259r\u0259ncam\u0131 il\u0259 Maliyy\u0259 Bazarlar\u0131na N\u0259zar\u0259t Platas\u0131n\u0131n Direktorlar \u015euras\u0131 l\u0259\u011fv edildi: \u201cVaxt\u0131nda biz palata il\u0259 ba\u011fl\u0131 m\u0259s\u0259l\u0259l\u0259ri qald\u0131randa b\u0259zi deputatlar \u0259leyhimiz\u0259 \u00e7\u0131x\u0131\u015f etdil\u0259r. Biz haql\u0131 idik. Bu Palata iki ildir ki, f\u0259aliy\u0259t g\u00f6st\u0259rir. Ancaq\u00a0 son 6 ayda f\u0259aliyy\u0259tind\u0259 dir\u00e7\u0259lm\u0259 ba\u015f verdi. Bu da \u0130brahim Ali\u015fovla ba\u011fl\u0131d\u0131r. El\u0259 vaxt olur ki, h\u0259ft\u0259d\u0259 iki -\u00fc\u00e7 d\u0259f\u0259 \u0130brahiml\u0259 dan\u0131\u015f\u0131ram.&hellip;<\/p>\n","protected":false},"author":2,"featured_media":17608,"comment_status":"closed","ping_status":"closed","sticky":false,"template":"","format":"standard","meta":{"om_disable_all_campaigns":false,"_monsterinsights_skip_tracking":false,"_monsterinsights_sitenote_active":false,"_monsterinsights_sitenote_note":"","_monsterinsights_sitenote_category":0},"categories":[4],"tags":[],"aioseo_notices":[],"gutentor_comment":0,"rttpg_featured_image_url":{"full":["https:\/\/arantv.az\/wp-content\/uploads\/2018\/10\/rufet.jpg",637,400,false],"landscape":["https:\/\/arantv.az\/wp-content\/uploads\/2018\/10\/rufet.jpg",637,400,false],"portraits":["https:\/\/arantv.az\/wp-content\/uploads\/2018\/10\/rufet.jpg",637,400,false],"thumbnail":["https:\/\/arantv.az\/wp-content\/uploads\/2018\/10\/rufet-150x150.jpg",150,150,true],"medium":["https:\/\/arantv.az\/wp-content\/uploads\/2018\/10\/rufet-300x188.jpg",300,188,true],"large":["https:\/\/arantv.az\/wp-content\/uploads\/2018\/10\/rufet.jpg",637,400,false],"1536x1536":["https:\/\/arantv.az\/wp-content\/uploads\/2018\/10\/rufet.jpg",637,400,false],"2048x2048":["https:\/\/arantv.az\/wp-content\/uploads\/2018\/10\/rufet.jpg",637,400,false],"post-thumbnail":["https:\/\/arantv.az\/wp-content\/uploads\/2018\/10\/rufet-240x172.jpg",240,172,true],"advps-thumb-one":["https:\/\/arantv.az\/wp-content\/uploads\/2018\/10\/rufet.jpg",637,400,false]},"rttpg_author":{"display_name":"V\u00fcsal Rafiqo\u011flu","author_link":"https:\/\/arantv.az\/?author=2"},"rttpg_comment":0,"rttpg_category":"<a href=\"https:\/\/arantv.az\/?cat=4\" rel=\"category\">Siyas\u0259t<\/a>","rttpg_excerpt":"Deputat Vahid \u018fhm\u0259dov parlamentin bu g\u00fcn ke\u00e7iril\u0259\u0131n iclas\u0131nda\u00a0 Maliyy\u0259 Bazarlar\u0131na N\u0259zar\u0259t Palatas\u0131n\u0131n ke\u00e7mi\u015f Direktorlar \u015euras\u0131n\u0131n s\u0259dri R\u00fcf\u0259t Aslanl\u0131n\u0131 s\u0259rt t\u0259nqid edib. ARANTV.AZ x\u0259b\u0259r verir ki, iclasda \u00e7\u0131x\u0131\u015f ed\u0259n deputat qeyd edib ki, bu yax\u0131nlarda prezidentin s\u0259r\u0259ncam\u0131 il\u0259 Maliyy\u0259 Bazarlar\u0131na N\u0259zar\u0259t Platas\u0131n\u0131n Direktorlar \u015euras\u0131 l\u0259\u011fv edildi: \u201cVaxt\u0131nda biz palata il\u0259 ba\u011fl\u0131 m\u0259s\u0259l\u0259l\u0259ri qald\u0131randa b\u0259zi deputatlar \u0259leyhimiz\u0259&hellip;","_links":{"self":[{"href":"https:\/\/arantv.az\/index.php?rest_route=\/wp\/v2\/posts\/17607"}],"collection":[{"href":"https:\/\/arantv.az\/index.php?rest_route=\/wp\/v2\/posts"}],"about":[{"href":"https:\/\/arantv.az\/index.php?rest_route=\/wp\/v2\/types\/post"}],"author":[{"embeddable":true,"href":"https:\/\/arantv.az\/index.php?rest_route=\/wp\/v2\/users\/2"}],"replies":[{"embeddable":true,"href":"https:\/\/arantv.az\/index.php?rest_route=%2Fwp%2Fv2%2Fcomments&post=17607"}],"version-history":[{"count":0,"href":"https:\/\/arantv.az\/index.php?rest_route=\/wp\/v2\/posts\/17607\/revisions"}],"wp:featuredmedia":[{"embeddable":true,"href":"https:\/\/arantv.az\/index.php?rest_route=\/wp\/v2\/media\/17608"}],"wp:attachment":[{"href":"https:\/\/arantv.az\/index.php?rest_route=%2Fwp%2Fv2%2Fmedia&parent=17607"}],"wp:term":[{"taxonomy":"category","embeddable":true,"href":"https:\/\/arantv.az\/index.php?rest_route=%2Fwp%2Fv2%2Fcategories&post=17607"},{"taxonomy":"post_tag","embeddable":true,"href":"https:\/\/arantv.az\/index.php?rest_route=%2Fwp%2Fv2%2Ftags&post=17607"}],"curies":[{"name":"wp","href":"https:\/\/api.w.org\/{rel}","templated":true}]}}