{"id":17619,"date":"2018-10-08T11:11:08","date_gmt":"2018-10-08T08:11:08","guid":{"rendered":"http:\/\/arantv.az\/?p=17619"},"modified":"2018-10-08T11:11:08","modified_gmt":"2018-10-08T08:11:08","slug":"rusiyadan-%c9%99n-cox-az%c9%99rbaycanlilar-deportasiya-edilir","status":"publish","type":"post","link":"https:\/\/arantv.az\/?p=17619","title":{"rendered":"Rusiyadan \u0259n \u00e7ox az\u0259rbaycanl\u0131lar deportasiya edilir"},"content":{"rendered":"<p>2018-ci ilin \u0259vv\u0259lind\u0259n Rusiyadan 1600-d\u0259n \u00e7ox qeyri-qanuni miqrant \u00f6lk\u0259l\u0259rin\u0259 g\u00f6nd\u0259rilib.<\/p>\n<p><b>ARANTV.AZ<\/b> oxu.az-a\u00a0istinad\u0259n x\u0259b\u0259r verir ki, t\u0259kc\u0259 \u00f6t\u0259n h\u0259ft\u0259 \u0259rzind\u0259 m\u0259hk\u0259m\u0259 icra\u00e7\u0131lar\u0131 30-dan \u00e7ox qanun pozucusunu Rusiyadan \u00e7\u0131xar\u0131b.<\/p>\n<p>Qeyri-qanuni miqrantlar aras\u0131nda \u00d6zb\u0259kistan, Q\u0131r\u011f\u0131z\u0131stan, Tacikistan v\u0259 Az\u0259rbaycandan olanlar\u00a0liderlik edib.<\/p>\n<p>Deportasiya edil\u0259n \u015f\u0259xsl\u0259r be\u015f\u00a0ild\u0259n sonra Rusiya \u0259razisin\u0259 qay\u0131da bil\u0259c\u0259k.<\/p>\n","protected":false},"excerpt":{"rendered":"<p>2018-ci ilin \u0259vv\u0259lind\u0259n Rusiyadan 1600-d\u0259n \u00e7ox qeyri-qanuni miqrant \u00f6lk\u0259l\u0259rin\u0259 g\u00f6nd\u0259rilib. ARANTV.AZ oxu.az-a\u00a0istinad\u0259n x\u0259b\u0259r verir ki, t\u0259kc\u0259 \u00f6t\u0259n h\u0259ft\u0259 \u0259rzind\u0259 m\u0259hk\u0259m\u0259 icra\u00e7\u0131lar\u0131 30-dan \u00e7ox qanun pozucusunu Rusiyadan \u00e7\u0131xar\u0131b. Qeyri-qanuni miqrantlar aras\u0131nda \u00d6zb\u0259kistan, Q\u0131r\u011f\u0131z\u0131stan, Tacikistan v\u0259 Az\u0259rbaycandan olanlar\u00a0liderlik edib. Deportasiya edil\u0259n \u015f\u0259xsl\u0259r be\u015f\u00a0ild\u0259n sonra Rusiya \u0259razisin\u0259 qay\u0131da bil\u0259c\u0259k.<\/p>\n","protected":false},"author":2,"featured_media":17620,"comment_status":"closed","ping_status":"closed","sticky":false,"template":"","format":"standard","meta":{"om_disable_all_campaigns":false,"_monsterinsights_skip_tracking":false,"_monsterinsights_sitenote_active":false,"_monsterinsights_sitenote_note":"","_monsterinsights_sitenote_category":0},"categories":[1],"tags":[],"aioseo_notices":[],"gutentor_comment":0,"rttpg_featured_image_url":{"full":["https:\/\/arantv.az\/wp-content\/uploads\/2018\/10\/aze-1.jpg",620,361,false],"landscape":["https:\/\/arantv.az\/wp-content\/uploads\/2018\/10\/aze-1.jpg",620,361,false],"portraits":["https:\/\/arantv.az\/wp-content\/uploads\/2018\/10\/aze-1.jpg",620,361,false],"thumbnail":["https:\/\/arantv.az\/wp-content\/uploads\/2018\/10\/aze-1-150x150.jpg",150,150,true],"medium":["https:\/\/arantv.az\/wp-content\/uploads\/2018\/10\/aze-1-300x175.jpg",300,175,true],"large":["https:\/\/arantv.az\/wp-content\/uploads\/2018\/10\/aze-1.jpg",620,361,false],"1536x1536":["https:\/\/arantv.az\/wp-content\/uploads\/2018\/10\/aze-1.jpg",620,361,false],"2048x2048":["https:\/\/arantv.az\/wp-content\/uploads\/2018\/10\/aze-1.jpg",620,361,false],"post-thumbnail":["https:\/\/arantv.az\/wp-content\/uploads\/2018\/10\/aze-1-240x172.jpg",240,172,true],"advps-thumb-one":["https:\/\/arantv.az\/wp-content\/uploads\/2018\/10\/aze-1.jpg",620,361,false]},"rttpg_author":{"display_name":"V\u00fcsal Rafiqo\u011flu","author_link":"https:\/\/arantv.az\/?author=2"},"rttpg_comment":0,"rttpg_category":"<a href=\"https:\/\/arantv.az\/?cat=1\" rel=\"category\">C\u0259miyy\u0259t<\/a>","rttpg_excerpt":"2018-ci ilin \u0259vv\u0259lind\u0259n Rusiyadan 1600-d\u0259n \u00e7ox qeyri-qanuni miqrant \u00f6lk\u0259l\u0259rin\u0259 g\u00f6nd\u0259rilib. ARANTV.AZ oxu.az-a\u00a0istinad\u0259n x\u0259b\u0259r verir ki, t\u0259kc\u0259 \u00f6t\u0259n h\u0259ft\u0259 \u0259rzind\u0259 m\u0259hk\u0259m\u0259 icra\u00e7\u0131lar\u0131 30-dan \u00e7ox qanun pozucusunu Rusiyadan \u00e7\u0131xar\u0131b. Qeyri-qanuni miqrantlar aras\u0131nda \u00d6zb\u0259kistan, Q\u0131r\u011f\u0131z\u0131stan, Tacikistan v\u0259 Az\u0259rbaycandan olanlar\u00a0liderlik edib. Deportasiya edil\u0259n \u015f\u0259xsl\u0259r be\u015f\u00a0ild\u0259n sonra Rusiya \u0259razisin\u0259 qay\u0131da bil\u0259c\u0259k.","_links":{"self":[{"href":"https:\/\/arantv.az\/index.php?rest_route=\/wp\/v2\/posts\/17619"}],"collection":[{"href":"https:\/\/arantv.az\/index.php?rest_route=\/wp\/v2\/posts"}],"about":[{"href":"https:\/\/arantv.az\/index.php?rest_route=\/wp\/v2\/types\/post"}],"author":[{"embeddable":true,"href":"https:\/\/arantv.az\/index.php?rest_route=\/wp\/v2\/users\/2"}],"replies":[{"embeddable":true,"href":"https:\/\/arantv.az\/index.php?rest_route=%2Fwp%2Fv2%2Fcomments&post=17619"}],"version-history":[{"count":0,"href":"https:\/\/arantv.az\/index.php?rest_route=\/wp\/v2\/posts\/17619\/revisions"}],"wp:featuredmedia":[{"embeddable":true,"href":"https:\/\/arantv.az\/index.php?rest_route=\/wp\/v2\/media\/17620"}],"wp:attachment":[{"href":"https:\/\/arantv.az\/index.php?rest_route=%2Fwp%2Fv2%2Fmedia&parent=17619"}],"wp:term":[{"taxonomy":"category","embeddable":true,"href":"https:\/\/arantv.az\/index.php?rest_route=%2Fwp%2Fv2%2Fcategories&post=17619"},{"taxonomy":"post_tag","embeddable":true,"href":"https:\/\/arantv.az\/index.php?rest_route=%2Fwp%2Fv2%2Ftags&post=17619"}],"curies":[{"name":"wp","href":"https:\/\/api.w.org\/{rel}","templated":true}]}}