{"id":17622,"date":"2018-10-08T11:12:28","date_gmt":"2018-10-08T08:12:28","guid":{"rendered":"http:\/\/arantv.az\/?p=17622"},"modified":"2018-10-08T11:12:28","modified_gmt":"2018-10-08T08:12:28","slug":"spiker-turkiy%c9%99y%c9%99-gedir","status":"publish","type":"post","link":"https:\/\/arantv.az\/?p=17622","title":{"rendered":"Spiker T\u00fcrkiy\u0259y\u0259 gedir"},"content":{"rendered":"<p>Milli M\u0259clisin (MM) s\u0259dri\u00a0<strong>Oqtay \u018fs\u0259dov<\/strong>un ba\u015f\u00e7\u0131l\u0131\u011f\u0131 il\u0259 parlament n\u00fcmay\u0259nd\u0259 hey\u0259ti oktyabr\u0131n 8-9-da T\u00fcrkiy\u0259nin Antalya \u015f\u0259h\u0259rind\u0259 ke\u00e7iril\u0259c\u0259k Avrasiya \u00f6lk\u0259l\u0259ri Parlament s\u0259drl\u0259rinin 3-c\u00fc g\u00f6r\u00fc\u015f\u00fcnd\u0259 i\u015ftirak ed\u0259c\u0259k.<\/p>\n<p><b>ARANTV.AZ <\/b>x\u0259b\u0259r verir ki, t\u0259dbir\u0259 40-dan art\u0131q \u00f6lk\u0259nin parlament n\u00fcmay\u0259nd\u0259l\u0259ri v\u0259 bir s\u0131ra beyn\u0259lxalq t\u0259\u015fkilatlar\u0131n t\u0259msil\u00e7il\u0259ri qat\u0131lacaqlar.<\/p>\n<p>N\u00fcmay\u0259nd\u0259 hey\u0259tinin t\u0259rkibin\u0259 MM-in komit\u0259 s\u0259dri \u018fli H\u00fcseynli, deputatlardan Xanlar F\u0259tiyev, A\u011falar V\u0259liyev, parlament Aparat\u0131n\u0131n r\u0259hb\u0259ri S\u0259fa Mirz\u0259yev v\u0259 dig\u0259r r\u0259smi \u015f\u0259xsl\u0259r daxildirl\u0259r. Toplant\u0131da \u201cAvrasiyada iqtisadi \u0259m\u0259kda\u015fl\u0131q, \u0259traf m\u00fchit v\u0259 davaml\u0131 inki\u015faf\u201d m\u00f6vzusunda m\u00fczakir\u0259l\u0259r apar\u0131lacaq.<\/p>\n<p>M\u00f6vzu il\u0259 \u0259laq\u0259dar O.\u018fs\u0259dov\u00a0 \u00e7\u0131x\u0131\u015f ed\u0259c\u0259k. Parlament s\u0259drinin t\u0259dbird\u0259 i\u015ftirak ed\u0259n n\u00fcmay\u0259nd\u0259 hey\u0259tl\u0259rinin ba\u015f\u00e7\u0131lar\u0131 il\u0259 bir s\u0131ra g\u00f6r\u00fc\u015fl\u0259ri n\u0259z\u0259rd\u0259 tutulub.oxu.az<\/p>\n","protected":false},"excerpt":{"rendered":"<p>Milli M\u0259clisin (MM) s\u0259dri\u00a0Oqtay \u018fs\u0259dovun ba\u015f\u00e7\u0131l\u0131\u011f\u0131 il\u0259 parlament n\u00fcmay\u0259nd\u0259 hey\u0259ti oktyabr\u0131n 8-9-da T\u00fcrkiy\u0259nin Antalya \u015f\u0259h\u0259rind\u0259 ke\u00e7iril\u0259c\u0259k Avrasiya \u00f6lk\u0259l\u0259ri Parlament s\u0259drl\u0259rinin 3-c\u00fc g\u00f6r\u00fc\u015f\u00fcnd\u0259 i\u015ftirak ed\u0259c\u0259k. ARANTV.AZ x\u0259b\u0259r verir ki, t\u0259dbir\u0259 40-dan art\u0131q \u00f6lk\u0259nin parlament n\u00fcmay\u0259nd\u0259l\u0259ri v\u0259 bir s\u0131ra beyn\u0259lxalq t\u0259\u015fkilatlar\u0131n t\u0259msil\u00e7il\u0259ri qat\u0131lacaqlar. N\u00fcmay\u0259nd\u0259 hey\u0259tinin t\u0259rkibin\u0259 MM-in komit\u0259 s\u0259dri \u018fli H\u00fcseynli, deputatlardan Xanlar F\u0259tiyev, A\u011falar V\u0259liyev, parlament Aparat\u0131n\u0131n r\u0259hb\u0259ri S\u0259fa Mirz\u0259yev v\u0259 dig\u0259r r\u0259smi \u015f\u0259xsl\u0259r daxildirl\u0259r. Toplant\u0131da \u201cAvrasiyada iqtisadi \u0259m\u0259kda\u015fl\u0131q, \u0259traf m\u00fchit v\u0259 davaml\u0131 inki\u015faf\u201d m\u00f6vzusunda m\u00fczakir\u0259l\u0259r apar\u0131lacaq. M\u00f6vzu il\u0259 \u0259laq\u0259dar O.\u018fs\u0259dov\u00a0 \u00e7\u0131x\u0131\u015f ed\u0259c\u0259k. Parlament s\u0259drinin t\u0259dbird\u0259 i\u015ftirak ed\u0259n n\u00fcmay\u0259nd\u0259 hey\u0259tl\u0259rinin ba\u015f\u00e7\u0131lar\u0131&hellip;<\/p>\n","protected":false},"author":2,"featured_media":17623,"comment_status":"closed","ping_status":"closed","sticky":false,"template":"","format":"standard","meta":{"om_disable_all_campaigns":false,"_monsterinsights_skip_tracking":false,"_monsterinsights_sitenote_active":false,"_monsterinsights_sitenote_note":"","_monsterinsights_sitenote_category":0},"categories":[4],"tags":[],"aioseo_notices":[],"gutentor_comment":0,"rttpg_featured_image_url":{"full":["https:\/\/arantv.az\/wp-content\/uploads\/2018\/10\/photo-1.jpg",620,420,false],"landscape":["https:\/\/arantv.az\/wp-content\/uploads\/2018\/10\/photo-1.jpg",620,420,false],"portraits":["https:\/\/arantv.az\/wp-content\/uploads\/2018\/10\/photo-1.jpg",620,420,false],"thumbnail":["https:\/\/arantv.az\/wp-content\/uploads\/2018\/10\/photo-1-150x150.jpg",150,150,true],"medium":["https:\/\/arantv.az\/wp-content\/uploads\/2018\/10\/photo-1-300x203.jpg",300,203,true],"large":["https:\/\/arantv.az\/wp-content\/uploads\/2018\/10\/photo-1.jpg",620,420,false],"1536x1536":["https:\/\/arantv.az\/wp-content\/uploads\/2018\/10\/photo-1.jpg",620,420,false],"2048x2048":["https:\/\/arantv.az\/wp-content\/uploads\/2018\/10\/photo-1.jpg",620,420,false],"post-thumbnail":["https:\/\/arantv.az\/wp-content\/uploads\/2018\/10\/photo-1-240x172.jpg",240,172,true],"advps-thumb-one":["https:\/\/arantv.az\/wp-content\/uploads\/2018\/10\/photo-1.jpg",620,420,false]},"rttpg_author":{"display_name":"V\u00fcsal Rafiqo\u011flu","author_link":"https:\/\/arantv.az\/?author=2"},"rttpg_comment":0,"rttpg_category":"<a href=\"https:\/\/arantv.az\/?cat=4\" rel=\"category\">Siyas\u0259t<\/a>","rttpg_excerpt":"Milli M\u0259clisin (MM) s\u0259dri\u00a0Oqtay \u018fs\u0259dovun ba\u015f\u00e7\u0131l\u0131\u011f\u0131 il\u0259 parlament n\u00fcmay\u0259nd\u0259 hey\u0259ti oktyabr\u0131n 8-9-da T\u00fcrkiy\u0259nin Antalya \u015f\u0259h\u0259rind\u0259 ke\u00e7iril\u0259c\u0259k Avrasiya \u00f6lk\u0259l\u0259ri Parlament s\u0259drl\u0259rinin 3-c\u00fc g\u00f6r\u00fc\u015f\u00fcnd\u0259 i\u015ftirak ed\u0259c\u0259k. ARANTV.AZ x\u0259b\u0259r verir ki, t\u0259dbir\u0259 40-dan art\u0131q \u00f6lk\u0259nin parlament n\u00fcmay\u0259nd\u0259l\u0259ri v\u0259 bir s\u0131ra beyn\u0259lxalq t\u0259\u015fkilatlar\u0131n t\u0259msil\u00e7il\u0259ri qat\u0131lacaqlar. N\u00fcmay\u0259nd\u0259 hey\u0259tinin t\u0259rkibin\u0259 MM-in komit\u0259 s\u0259dri \u018fli H\u00fcseynli, deputatlardan Xanlar F\u0259tiyev, A\u011falar V\u0259liyev, parlament&hellip;","_links":{"self":[{"href":"https:\/\/arantv.az\/index.php?rest_route=\/wp\/v2\/posts\/17622"}],"collection":[{"href":"https:\/\/arantv.az\/index.php?rest_route=\/wp\/v2\/posts"}],"about":[{"href":"https:\/\/arantv.az\/index.php?rest_route=\/wp\/v2\/types\/post"}],"author":[{"embeddable":true,"href":"https:\/\/arantv.az\/index.php?rest_route=\/wp\/v2\/users\/2"}],"replies":[{"embeddable":true,"href":"https:\/\/arantv.az\/index.php?rest_route=%2Fwp%2Fv2%2Fcomments&post=17622"}],"version-history":[{"count":0,"href":"https:\/\/arantv.az\/index.php?rest_route=\/wp\/v2\/posts\/17622\/revisions"}],"wp:featuredmedia":[{"embeddable":true,"href":"https:\/\/arantv.az\/index.php?rest_route=\/wp\/v2\/media\/17623"}],"wp:attachment":[{"href":"https:\/\/arantv.az\/index.php?rest_route=%2Fwp%2Fv2%2Fmedia&parent=17622"}],"wp:term":[{"taxonomy":"category","embeddable":true,"href":"https:\/\/arantv.az\/index.php?rest_route=%2Fwp%2Fv2%2Fcategories&post=17622"},{"taxonomy":"post_tag","embeddable":true,"href":"https:\/\/arantv.az\/index.php?rest_route=%2Fwp%2Fv2%2Ftags&post=17622"}],"curies":[{"name":"wp","href":"https:\/\/api.w.org\/{rel}","templated":true}]}}