{"id":17726,"date":"2018-10-08T16:45:13","date_gmt":"2018-10-08T13:45:13","guid":{"rendered":"http:\/\/arantv.az\/?p=17726"},"modified":"2018-10-08T16:45:13","modified_gmt":"2018-10-08T13:45:13","slug":"az%c9%99rbaycanda-sok-olay-19-yasli-qizi-1-h%c9%99ft%c9%99-qabaq-evd%c9%99n-qacdi-sonra","status":"publish","type":"post","link":"https:\/\/arantv.az\/?p=17726","title":{"rendered":"Az\u0259rbaycanda \u015eOK OLAY: 19 ya\u015fl\u0131 q\u0131z\u0131 1 h\u0259ft\u0259 qabaq evd\u0259n qa\u00e7d\u0131, sonra&#8230;"},"content":{"rendered":"<p><strong>D\u00fcn\u0259n K\u00fcrd\u0259mir rayonu \u0259razisind\u0259 Mil-Mu\u011fan-\u015eirvan su kollektorunda meyiti tap\u0131lan 19 ya\u015fl\u0131 H\u0259s\u0259nova M\u0259tan\u0259t Ya\u015far q\u0131z\u0131 il\u0259 ba\u011fl\u0131 b\u0259zi m\u0259qamlar ayd\u0131nla\u015f\u0131b.<\/strong><\/p>\n<p><b>ARANTV.AZ\u00a0<\/b>x\u0259b\u0259r verir ki, Z\u0259rdab rayonu \u015eah\u00fcseynli k\u0259nd sakini olan g\u0259nc q\u0131z\u0131n 1 h\u0259ft\u0259 \u0259vv\u0259l evd\u0259n \u00e7\u0131xd\u0131\u011f\u0131 v\u0259 itkin d\u00fc\u015fm\u00fc\u015f \u015f\u0259xs kimi axtar\u0131\u015fda oldu\u011fu \u00fcz\u0259 \u00e7\u0131x\u0131b. Bel\u0259 ki, M\u0259tan\u0259t H\u0259s\u0259novan\u0131n \u0259misi Qabil H\u0259s\u0259nov bir m\u00fcdd\u0259t \u0259vv\u0259l onunla eyni \u00fcnvanda ya\u015fayan qarda\u015f\u0131 q\u0131z\u0131n\u0131n itkin d\u00fc\u015fm\u0259si il\u0259 ba\u011fl\u0131 polis\u0259 m\u0259lumat veribmi\u015f. Lakin gerid\u0259 qalan bir h\u0259ft\u0259 \u0259rzind\u0259 q\u0131z\u0131n axtar\u0131\u015flar\u0131 n\u0259tic\u0259 verm\u0259yib. N\u0259hay\u0259t, oktyabr\u0131n 7-d\u0259 K\u00fcrd\u0259mird\u0259 \u018fr\u015f\u0259li-Axta\u00e7\u0131 yolunun k\u0259nar\u0131nda bal\u0131q tutan \u015f\u0259xs kanal\u0131n Girdiman \u00e7ay\u0131n\u0131n alt\u0131ndan ke\u00e7\u0259n hiss\u0259sin\u0259 ili\u015fmi\u015f meyiti g\u00f6r\u0259r\u0259k d\u0259rhal aidiyy\u0259ti qurumlara x\u0259b\u0259r verib. Hadis\u0259 yerin\u0259 g\u0259l\u0259n dal\u011f\u0131clar meyiti \u00e7\u0131xararaq aidiyy\u0259ti \u00fczr\u0259 t\u0259hvil verib. Meyiti tan\u0131maq \u00fc\u00e7\u00fcn d\u0259v\u0259t edil\u0259n q\u0131z\u0131n \u0259misi Qabil H\u0259s\u0259nov onu paltar\u0131ndan tan\u0131y\u0131b v\u0259 evd\u0259n \u00e7\u0131xd\u0131\u011f\u0131 geyimd\u0259 oldu\u011funu deyib.<\/p>\n<p>Bildirilir ki, 19 ya\u015fl\u0131 M\u0259tan\u0259t el\u0259 evd\u0259n qa\u00e7d\u0131\u011f\u0131 g\u00fcn ax\u015fam saatlar\u0131nda \u00f6z\u00fcn\u00fc \u015eor kanal kimi tan\u0131nan kollektora ataraq h\u0259yat\u0131na son qoyub. Suyun axar\u0131 onu t\u0259xmin\u0259n 30 kilometr g\u0259tir\u0259r\u0259k h\u0259min \u0259raziy\u0259 \u00e7\u0131xard\u0131b.<\/p>\n<div id=\"AdributorNativeVideo0\" class=\"AdributorNativeVideo\"><\/div>\n<p>\u0130ntihar hadis\u0259si il\u0259 ba\u011fl\u0131 cinay\u0259t i\u015fi a\u00e7\u0131l\u0131b, ara\u015fd\u0131rmalar apar\u0131l\u0131r. G\u0259nc q\u0131z\u0131n hans\u0131 s\u0259b\u0259bd\u0259n evd\u0259n qa\u00e7mas\u0131 v\u0259 h\u0259yat\u0131na son qoymas\u0131 h\u0259l\u0259lik tam d\u0259qiql\u0259\u015fm\u0259yib.publika.az<\/p>\n","protected":false},"excerpt":{"rendered":"<p>D\u00fcn\u0259n K\u00fcrd\u0259mir rayonu \u0259razisind\u0259 Mil-Mu\u011fan-\u015eirvan su kollektorunda meyiti tap\u0131lan 19 ya\u015fl\u0131 H\u0259s\u0259nova M\u0259tan\u0259t Ya\u015far q\u0131z\u0131 il\u0259 ba\u011fl\u0131 b\u0259zi m\u0259qamlar ayd\u0131nla\u015f\u0131b. ARANTV.AZ\u00a0x\u0259b\u0259r verir ki, Z\u0259rdab rayonu \u015eah\u00fcseynli k\u0259nd sakini olan g\u0259nc q\u0131z\u0131n 1 h\u0259ft\u0259 \u0259vv\u0259l evd\u0259n \u00e7\u0131xd\u0131\u011f\u0131 v\u0259 itkin d\u00fc\u015fm\u00fc\u015f \u015f\u0259xs kimi axtar\u0131\u015fda oldu\u011fu \u00fcz\u0259 \u00e7\u0131x\u0131b. Bel\u0259 ki, M\u0259tan\u0259t H\u0259s\u0259novan\u0131n \u0259misi Qabil H\u0259s\u0259nov bir m\u00fcdd\u0259t \u0259vv\u0259l onunla eyni \u00fcnvanda ya\u015fayan qarda\u015f\u0131 q\u0131z\u0131n\u0131n itkin d\u00fc\u015fm\u0259si il\u0259 ba\u011fl\u0131 polis\u0259 m\u0259lumat veribmi\u015f. Lakin gerid\u0259 qalan bir h\u0259ft\u0259 \u0259rzind\u0259 q\u0131z\u0131n axtar\u0131\u015flar\u0131 n\u0259tic\u0259 verm\u0259yib. N\u0259hay\u0259t, oktyabr\u0131n 7-d\u0259 K\u00fcrd\u0259mird\u0259 \u018fr\u015f\u0259li-Axta\u00e7\u0131 yolunun k\u0259nar\u0131nda bal\u0131q tutan \u015f\u0259xs kanal\u0131n Girdiman&hellip;<\/p>\n","protected":false},"author":2,"featured_media":17727,"comment_status":"closed","ping_status":"closed","sticky":false,"template":"","format":"standard","meta":{"om_disable_all_campaigns":false,"_monsterinsights_skip_tracking":false,"_monsterinsights_sitenote_active":false,"_monsterinsights_sitenote_note":"","_monsterinsights_sitenote_category":0},"categories":[5],"tags":[],"aioseo_notices":[],"gutentor_comment":0,"rttpg_featured_image_url":{"full":["https:\/\/arantv.az\/wp-content\/uploads\/2018\/10\/zorlanan-itkin-qiz-itgin-qiz.jpg",800,450,false],"landscape":["https:\/\/arantv.az\/wp-content\/uploads\/2018\/10\/zorlanan-itkin-qiz-itgin-qiz.jpg",800,450,false],"portraits":["https:\/\/arantv.az\/wp-content\/uploads\/2018\/10\/zorlanan-itkin-qiz-itgin-qiz.jpg",800,450,false],"thumbnail":["https:\/\/arantv.az\/wp-content\/uploads\/2018\/10\/zorlanan-itkin-qiz-itgin-qiz-150x150.jpg",150,150,true],"medium":["https:\/\/arantv.az\/wp-content\/uploads\/2018\/10\/zorlanan-itkin-qiz-itgin-qiz-300x169.jpg",300,169,true],"large":["https:\/\/arantv.az\/wp-content\/uploads\/2018\/10\/zorlanan-itkin-qiz-itgin-qiz.jpg",640,360,false],"1536x1536":["https:\/\/arantv.az\/wp-content\/uploads\/2018\/10\/zorlanan-itkin-qiz-itgin-qiz.jpg",800,450,false],"2048x2048":["https:\/\/arantv.az\/wp-content\/uploads\/2018\/10\/zorlanan-itkin-qiz-itgin-qiz.jpg",800,450,false],"post-thumbnail":["https:\/\/arantv.az\/wp-content\/uploads\/2018\/10\/zorlanan-itkin-qiz-itgin-qiz-240x172.jpg",240,172,true],"advps-thumb-one":["https:\/\/arantv.az\/wp-content\/uploads\/2018\/10\/zorlanan-itkin-qiz-itgin-qiz.jpg",800,450,false]},"rttpg_author":{"display_name":"V\u00fcsal Rafiqo\u011flu","author_link":"https:\/\/arantv.az\/?author=2"},"rttpg_comment":0,"rttpg_category":"<a href=\"https:\/\/arantv.az\/?cat=5\" rel=\"category\">Hadis\u0259<\/a>","rttpg_excerpt":"D\u00fcn\u0259n K\u00fcrd\u0259mir rayonu \u0259razisind\u0259 Mil-Mu\u011fan-\u015eirvan su kollektorunda meyiti tap\u0131lan 19 ya\u015fl\u0131 H\u0259s\u0259nova M\u0259tan\u0259t Ya\u015far q\u0131z\u0131 il\u0259 ba\u011fl\u0131 b\u0259zi m\u0259qamlar ayd\u0131nla\u015f\u0131b. ARANTV.AZ\u00a0x\u0259b\u0259r verir ki, Z\u0259rdab rayonu \u015eah\u00fcseynli k\u0259nd sakini olan g\u0259nc q\u0131z\u0131n 1 h\u0259ft\u0259 \u0259vv\u0259l evd\u0259n \u00e7\u0131xd\u0131\u011f\u0131 v\u0259 itkin d\u00fc\u015fm\u00fc\u015f \u015f\u0259xs kimi axtar\u0131\u015fda oldu\u011fu \u00fcz\u0259 \u00e7\u0131x\u0131b. Bel\u0259 ki, M\u0259tan\u0259t H\u0259s\u0259novan\u0131n \u0259misi Qabil H\u0259s\u0259nov bir m\u00fcdd\u0259t \u0259vv\u0259l&hellip;","_links":{"self":[{"href":"https:\/\/arantv.az\/index.php?rest_route=\/wp\/v2\/posts\/17726"}],"collection":[{"href":"https:\/\/arantv.az\/index.php?rest_route=\/wp\/v2\/posts"}],"about":[{"href":"https:\/\/arantv.az\/index.php?rest_route=\/wp\/v2\/types\/post"}],"author":[{"embeddable":true,"href":"https:\/\/arantv.az\/index.php?rest_route=\/wp\/v2\/users\/2"}],"replies":[{"embeddable":true,"href":"https:\/\/arantv.az\/index.php?rest_route=%2Fwp%2Fv2%2Fcomments&post=17726"}],"version-history":[{"count":0,"href":"https:\/\/arantv.az\/index.php?rest_route=\/wp\/v2\/posts\/17726\/revisions"}],"wp:featuredmedia":[{"embeddable":true,"href":"https:\/\/arantv.az\/index.php?rest_route=\/wp\/v2\/media\/17727"}],"wp:attachment":[{"href":"https:\/\/arantv.az\/index.php?rest_route=%2Fwp%2Fv2%2Fmedia&parent=17726"}],"wp:term":[{"taxonomy":"category","embeddable":true,"href":"https:\/\/arantv.az\/index.php?rest_route=%2Fwp%2Fv2%2Fcategories&post=17726"},{"taxonomy":"post_tag","embeddable":true,"href":"https:\/\/arantv.az\/index.php?rest_route=%2Fwp%2Fv2%2Ftags&post=17726"}],"curies":[{"name":"wp","href":"https:\/\/api.w.org\/{rel}","templated":true}]}}