{"id":17732,"date":"2018-10-08T16:49:41","date_gmt":"2018-10-08T13:49:41","guid":{"rendered":"http:\/\/arantv.az\/?p=17732"},"modified":"2018-10-08T16:49:41","modified_gmt":"2018-10-08T13:49:41","slug":"sahil-babayev-sabahdan-s%c9%99hid-ail%c9%99l%c9%99ri-bird%c9%99f%c9%99lik-od%c9%99m%c9%99ni-almaq-ucun-notariusa-muraci%c9%99t-ed%c9%99-bil%c9%99rl%c9%99r","status":"publish","type":"post","link":"https:\/\/arantv.az\/?p=17732","title":{"rendered":"Sahil Babayev: &#8220;Sabahdan \u015f\u0259hid ail\u0259l\u0259ri bird\u0259f\u0259lik \u00f6d\u0259m\u0259ni almaq \u00fc\u00e7\u00fcn notariusa m\u00fcraci\u0259t ed\u0259 bil\u0259rl\u0259r&#8221;"},"content":{"rendered":"<div class=\"spot\">&#8220;Sabahdan \u015f\u0259hid h\u0259rbi qulluq\u00e7ular\u0131n v\u0259r\u0259s\u0259l\u0259ri bird\u0259f\u0259lik \u00f6d\u0259m\u0259ni almaq \u00fc\u00e7\u00fcn notariusa m\u00fcraci\u0259t ed\u0259 bil\u0259rl\u0259r&#8221;.<\/div>\n<p><strong>ARANTV.AZ<\/strong> x\u0259b\u0259r verir ki, bunu m\u0259tbuat konfrans\u0131nda \u0259m\u0259k v\u0259 \u0259halinin sosial m\u00fcdafi\u0259si naziri Sahil Babayev deyib.<\/p>\n<p>O bildirib ki, qeyd olunan \u015f\u0259xsl\u0259r nazirliyin sayt\u0131nda &#8220;B\u0130RD\u018fF\u018fL\u0130K \u00d6D\u018fM\u018f&#8221; b\u00f6lm\u0259sin\u0259 daxil olmaqla h\u0259rbi qulluq\u00e7unun soyad\u0131, ad\u0131 v\u0259 atas\u0131n\u0131n ad\u0131n\u0131 daxil ed\u0259r\u0259k, bird\u0259f\u0259lik \u00f6d\u0259m\u0259ni alma\u011fa h\u00fcququnun olub-olmad\u0131\u011f\u0131n\u0131 yoxlaya bil\u0259rl\u0259r:<br \/>\n&#8220;Axtar\u0131\u015f\u0131n n\u0259tic\u0259si olaraq &#8220;H\u0259rbi qulluq\u00e7unun Az\u0259rbaycan Respublikas\u0131n\u0131n M\u00fclki M\u0259c\u0259ll\u0259sin\u0259 \u0259sas\u0259n m\u00fc\u0259yy\u0259n edil\u0259n v\u0259r\u0259s\u0259sinin bird\u0259f\u0259lik \u00f6d\u0259m\u0259ni almaq h\u00fcququ vard\u0131r&#8221; c\u00fcml\u0259si \u00e7\u0131xd\u0131qda, h\u0259min v\u0259r\u0259s\u0259 v\u0259fat etmi\u015f h\u0259rbi qulluq\u00e7unun sonuncu ya\u015fay\u0131\u015f yeri, bu m\u0259lun olmad\u0131qda miras\u0131n\u0131n oldu\u011fu yer \u00fczr\u0259 notariat kontoruna m\u00fcraci\u0259t edir&#8221;.<\/p>\n<div id=\"AdributorNativeVideo0\" class=\"AdributorNativeVideo\"><\/div>\n<p>Qeyd ed\u0259k ki, d\u00f6vl\u0259t ba\u015f\u00e7\u0131s\u0131n\u0131n &#8220;Az\u0259rbaycan Respublikas\u0131n\u0131n \u0259razi b\u00fct\u00f6vl\u00fcy\u00fc u\u011frunda h\u0259lak olmu\u015f, \u00f6lm\u00fc\u015f v\u0259 h\u0259rbi \u0259m\u0259liyyatlarla \u0259laq\u0259dar x\u0259b\u0259rsiz itkin d\u00fc\u015fd\u00fcy\u00fcn\u0259 g\u00f6r\u0259 \u00f6lm\u00fc\u015f elan edilmi\u015f h\u0259rbi qulluq\u00e7ular\u0131n ail\u0259 \u00fczvl\u0259rinin sosial m\u00fcdafi\u0259sinin yax\u015f\u0131la\u015fd\u0131r\u0131lmas\u0131 il\u0259 ba\u011fl\u0131 \u0259lav\u0259 t\u0259dbirl\u0259r haqq\u0131nda&#8221; F\u0259rman\u0131 il\u0259 qeyd edil\u0259n kateqoriyaya aid olan h\u0259r bir \u015f\u0259hid ail\u0259sinin v\u0259r\u0259s\u0259l\u0259rin\u0259 11 min manat m\u0259bl\u0259\u011find\u0259 bird\u0259f\u0259lik \u00f6d\u0259m\u0259 h\u0259yata ke\u00e7irilil\u0259c\u0259k.\u00f6lk\u0259.az<\/p>\n","protected":false},"excerpt":{"rendered":"<p>&#8220;Sabahdan \u015f\u0259hid h\u0259rbi qulluq\u00e7ular\u0131n v\u0259r\u0259s\u0259l\u0259ri bird\u0259f\u0259lik \u00f6d\u0259m\u0259ni almaq \u00fc\u00e7\u00fcn notariusa m\u00fcraci\u0259t ed\u0259 bil\u0259rl\u0259r&#8221;. ARANTV.AZ x\u0259b\u0259r verir ki, bunu m\u0259tbuat konfrans\u0131nda \u0259m\u0259k v\u0259 \u0259halinin sosial m\u00fcdafi\u0259si naziri Sahil Babayev deyib. O bildirib ki, qeyd olunan \u015f\u0259xsl\u0259r nazirliyin sayt\u0131nda &#8220;B\u0130RD\u018fF\u018fL\u0130K \u00d6D\u018fM\u018f&#8221; b\u00f6lm\u0259sin\u0259 daxil olmaqla h\u0259rbi qulluq\u00e7unun soyad\u0131, ad\u0131 v\u0259 atas\u0131n\u0131n ad\u0131n\u0131 daxil ed\u0259r\u0259k, bird\u0259f\u0259lik \u00f6d\u0259m\u0259ni alma\u011fa h\u00fcququnun olub-olmad\u0131\u011f\u0131n\u0131 yoxlaya bil\u0259rl\u0259r: &#8220;Axtar\u0131\u015f\u0131n n\u0259tic\u0259si olaraq &#8220;H\u0259rbi qulluq\u00e7unun Az\u0259rbaycan Respublikas\u0131n\u0131n M\u00fclki M\u0259c\u0259ll\u0259sin\u0259 \u0259sas\u0259n m\u00fc\u0259yy\u0259n edil\u0259n v\u0259r\u0259s\u0259sinin bird\u0259f\u0259lik \u00f6d\u0259m\u0259ni almaq h\u00fcququ vard\u0131r&#8221; c\u00fcml\u0259si \u00e7\u0131xd\u0131qda, h\u0259min v\u0259r\u0259s\u0259 v\u0259fat etmi\u015f h\u0259rbi qulluq\u00e7unun sonuncu ya\u015fay\u0131\u015f yeri, bu m\u0259lun olmad\u0131qda&hellip;<\/p>\n","protected":false},"author":2,"featured_media":17733,"comment_status":"closed","ping_status":"closed","sticky":false,"template":"","format":"standard","meta":{"om_disable_all_campaigns":false,"_monsterinsights_skip_tracking":false,"_monsterinsights_sitenote_active":false,"_monsterinsights_sitenote_note":"","_monsterinsights_sitenote_category":0},"categories":[19],"tags":[],"aioseo_notices":[],"gutentor_comment":0,"rttpg_featured_image_url":{"full":["https:\/\/arantv.az\/wp-content\/uploads\/2018\/10\/sahil.jpg",620,375,false],"landscape":["https:\/\/arantv.az\/wp-content\/uploads\/2018\/10\/sahil.jpg",620,375,false],"portraits":["https:\/\/arantv.az\/wp-content\/uploads\/2018\/10\/sahil.jpg",620,375,false],"thumbnail":["https:\/\/arantv.az\/wp-content\/uploads\/2018\/10\/sahil-150x150.jpg",150,150,true],"medium":["https:\/\/arantv.az\/wp-content\/uploads\/2018\/10\/sahil-300x181.jpg",300,181,true],"large":["https:\/\/arantv.az\/wp-content\/uploads\/2018\/10\/sahil.jpg",620,375,false],"1536x1536":["https:\/\/arantv.az\/wp-content\/uploads\/2018\/10\/sahil.jpg",620,375,false],"2048x2048":["https:\/\/arantv.az\/wp-content\/uploads\/2018\/10\/sahil.jpg",620,375,false],"post-thumbnail":["https:\/\/arantv.az\/wp-content\/uploads\/2018\/10\/sahil-240x172.jpg",240,172,true],"advps-thumb-one":["https:\/\/arantv.az\/wp-content\/uploads\/2018\/10\/sahil.jpg",620,375,false]},"rttpg_author":{"display_name":"V\u00fcsal Rafiqo\u011flu","author_link":"https:\/\/arantv.az\/?author=2"},"rttpg_comment":0,"rttpg_category":"<a href=\"https:\/\/arantv.az\/?cat=19\" rel=\"category\">G\u00fcnd\u0259m<\/a>","rttpg_excerpt":"&#8220;Sabahdan \u015f\u0259hid h\u0259rbi qulluq\u00e7ular\u0131n v\u0259r\u0259s\u0259l\u0259ri bird\u0259f\u0259lik \u00f6d\u0259m\u0259ni almaq \u00fc\u00e7\u00fcn notariusa m\u00fcraci\u0259t ed\u0259 bil\u0259rl\u0259r&#8221;. ARANTV.AZ x\u0259b\u0259r verir ki, bunu m\u0259tbuat konfrans\u0131nda \u0259m\u0259k v\u0259 \u0259halinin sosial m\u00fcdafi\u0259si naziri Sahil Babayev deyib. O bildirib ki, qeyd olunan \u015f\u0259xsl\u0259r nazirliyin sayt\u0131nda &#8220;B\u0130RD\u018fF\u018fL\u0130K \u00d6D\u018fM\u018f&#8221; b\u00f6lm\u0259sin\u0259 daxil olmaqla h\u0259rbi qulluq\u00e7unun soyad\u0131, ad\u0131 v\u0259 atas\u0131n\u0131n ad\u0131n\u0131 daxil ed\u0259r\u0259k, bird\u0259f\u0259lik \u00f6d\u0259m\u0259ni alma\u011fa h\u00fcququnun&hellip;","_links":{"self":[{"href":"https:\/\/arantv.az\/index.php?rest_route=\/wp\/v2\/posts\/17732"}],"collection":[{"href":"https:\/\/arantv.az\/index.php?rest_route=\/wp\/v2\/posts"}],"about":[{"href":"https:\/\/arantv.az\/index.php?rest_route=\/wp\/v2\/types\/post"}],"author":[{"embeddable":true,"href":"https:\/\/arantv.az\/index.php?rest_route=\/wp\/v2\/users\/2"}],"replies":[{"embeddable":true,"href":"https:\/\/arantv.az\/index.php?rest_route=%2Fwp%2Fv2%2Fcomments&post=17732"}],"version-history":[{"count":0,"href":"https:\/\/arantv.az\/index.php?rest_route=\/wp\/v2\/posts\/17732\/revisions"}],"wp:featuredmedia":[{"embeddable":true,"href":"https:\/\/arantv.az\/index.php?rest_route=\/wp\/v2\/media\/17733"}],"wp:attachment":[{"href":"https:\/\/arantv.az\/index.php?rest_route=%2Fwp%2Fv2%2Fmedia&parent=17732"}],"wp:term":[{"taxonomy":"category","embeddable":true,"href":"https:\/\/arantv.az\/index.php?rest_route=%2Fwp%2Fv2%2Fcategories&post=17732"},{"taxonomy":"post_tag","embeddable":true,"href":"https:\/\/arantv.az\/index.php?rest_route=%2Fwp%2Fv2%2Ftags&post=17732"}],"curies":[{"name":"wp","href":"https:\/\/api.w.org\/{rel}","templated":true}]}}