{"id":17766,"date":"2018-10-09T08:29:26","date_gmt":"2018-10-09T05:29:26","guid":{"rendered":"http:\/\/arantv.az\/?p=17766"},"modified":"2018-10-09T08:29:26","modified_gmt":"2018-10-09T05:29:26","slug":"c%c9%99lilabadda-t%c9%99k%c9%99ri-partlayan-avtomobil-asdi-yarali-var","status":"publish","type":"post","link":"https:\/\/arantv.az\/?p=17766","title":{"rendered":"C\u0259lilabadda t\u0259k\u0259ri partlayan avtomobil a\u015fd\u0131: yaral\u0131 var"},"content":{"rendered":"<p><strong>C\u0259lilabad rayonunda bir n\u0259f\u0259rin x\u0259sar\u0259t almas\u0131 il\u0259 n\u0259tic\u0259l\u0259n\u0259n yol q\u0259zas\u0131 ba\u015f verib.<\/strong><\/p>\n<p><strong>ARANTV.AZ<\/strong> report-a istinad\u0259n x\u0259b\u0259r verir ki, hadis\u0259 yeni \u018fl\u0259t-Astara magistral avtomobil yolunun C\u0259lilabad rayonundan ke\u00e7\u0259n hiss\u0259sind\u0259 qeyd\u0259 al\u0131n\u0131b. Bel\u0259 ki, h\u0259r\u0259k\u0259td\u0259 olan minik avtomobilinin t\u0259k\u0259ri partlay\u0131b v\u0259 avtomobil a\u015f\u0131b.<\/p>\n<p>Q\u0259za n\u0259tic\u0259sind\u0259 avtomobilin s\u0259rni\u015fini &#8211; Masall\u0131 rayon sakini 1970-ci il t\u0259v\u0259ll\u00fcdl\u00fc Rufullayev Q\u00fcrb\u0259t \u018flixan o\u011flu m\u00fcxt\u0259lif b\u0259d\u0259n x\u0259sar\u0259tl\u0259ri al\u0131b. Yaral\u0131 d\u0259rhal x\u0259st\u0259xanaya \u00e7atd\u0131r\u0131l\u0131b. Ona laz\u0131mi tibbi yard\u0131m g\u00f6st\u0259rilib. V\u0259ziyy\u0259ti q\u0259na\u0259tb\u0259x\u015f qiym\u0259tl\u0259ndirilir.<\/p>\n<p>Faktla ba\u011fl\u0131 ara\u015fd\u0131rma apar\u0131l\u0131r.<\/p>\n","protected":false},"excerpt":{"rendered":"<p>C\u0259lilabad rayonunda bir n\u0259f\u0259rin x\u0259sar\u0259t almas\u0131 il\u0259 n\u0259tic\u0259l\u0259n\u0259n yol q\u0259zas\u0131 ba\u015f verib. ARANTV.AZ report-a istinad\u0259n x\u0259b\u0259r verir ki, hadis\u0259 yeni \u018fl\u0259t-Astara magistral avtomobil yolunun C\u0259lilabad rayonundan ke\u00e7\u0259n hiss\u0259sind\u0259 qeyd\u0259 al\u0131n\u0131b. Bel\u0259 ki, h\u0259r\u0259k\u0259td\u0259 olan minik avtomobilinin t\u0259k\u0259ri partlay\u0131b v\u0259 avtomobil a\u015f\u0131b. Q\u0259za n\u0259tic\u0259sind\u0259 avtomobilin s\u0259rni\u015fini &#8211; Masall\u0131 rayon sakini 1970-ci il t\u0259v\u0259ll\u00fcdl\u00fc Rufullayev Q\u00fcrb\u0259t \u018flixan o\u011flu m\u00fcxt\u0259lif b\u0259d\u0259n x\u0259sar\u0259tl\u0259ri al\u0131b. Yaral\u0131 d\u0259rhal x\u0259st\u0259xanaya \u00e7atd\u0131r\u0131l\u0131b. Ona laz\u0131mi tibbi yard\u0131m g\u00f6st\u0259rilib. V\u0259ziyy\u0259ti q\u0259na\u0259tb\u0259x\u015f qiym\u0259tl\u0259ndirilir. Faktla ba\u011fl\u0131 ara\u015fd\u0131rma apar\u0131l\u0131r.<\/p>\n","protected":false},"author":2,"featured_media":17767,"comment_status":"closed","ping_status":"closed","sticky":false,"template":"","format":"standard","meta":{"om_disable_all_campaigns":false,"_monsterinsights_skip_tracking":false,"_monsterinsights_sitenote_active":false,"_monsterinsights_sitenote_note":"","_monsterinsights_sitenote_category":0},"categories":[5],"tags":[],"aioseo_notices":[],"gutentor_comment":0,"rttpg_featured_image_url":{"full":["https:\/\/arantv.az\/wp-content\/uploads\/2018\/10\/qeza_0365-1.jpg",800,600,false],"landscape":["https:\/\/arantv.az\/wp-content\/uploads\/2018\/10\/qeza_0365-1.jpg",800,600,false],"portraits":["https:\/\/arantv.az\/wp-content\/uploads\/2018\/10\/qeza_0365-1.jpg",800,600,false],"thumbnail":["https:\/\/arantv.az\/wp-content\/uploads\/2018\/10\/qeza_0365-1-150x150.jpg",150,150,true],"medium":["https:\/\/arantv.az\/wp-content\/uploads\/2018\/10\/qeza_0365-1-300x225.jpg",300,225,true],"large":["https:\/\/arantv.az\/wp-content\/uploads\/2018\/10\/qeza_0365-1.jpg",640,480,false],"1536x1536":["https:\/\/arantv.az\/wp-content\/uploads\/2018\/10\/qeza_0365-1.jpg",800,600,false],"2048x2048":["https:\/\/arantv.az\/wp-content\/uploads\/2018\/10\/qeza_0365-1.jpg",800,600,false],"post-thumbnail":["https:\/\/arantv.az\/wp-content\/uploads\/2018\/10\/qeza_0365-1-240x172.jpg",240,172,true],"advps-thumb-one":["https:\/\/arantv.az\/wp-content\/uploads\/2018\/10\/qeza_0365-1.jpg",800,600,false]},"rttpg_author":{"display_name":"V\u00fcsal Rafiqo\u011flu","author_link":"https:\/\/arantv.az\/?author=2"},"rttpg_comment":0,"rttpg_category":"<a href=\"https:\/\/arantv.az\/?cat=5\" rel=\"category\">Hadis\u0259<\/a>","rttpg_excerpt":"C\u0259lilabad rayonunda bir n\u0259f\u0259rin x\u0259sar\u0259t almas\u0131 il\u0259 n\u0259tic\u0259l\u0259n\u0259n yol q\u0259zas\u0131 ba\u015f verib. ARANTV.AZ report-a istinad\u0259n x\u0259b\u0259r verir ki, hadis\u0259 yeni \u018fl\u0259t-Astara magistral avtomobil yolunun C\u0259lilabad rayonundan ke\u00e7\u0259n hiss\u0259sind\u0259 qeyd\u0259 al\u0131n\u0131b. Bel\u0259 ki, h\u0259r\u0259k\u0259td\u0259 olan minik avtomobilinin t\u0259k\u0259ri partlay\u0131b v\u0259 avtomobil a\u015f\u0131b. Q\u0259za n\u0259tic\u0259sind\u0259 avtomobilin s\u0259rni\u015fini &#8211; Masall\u0131 rayon sakini 1970-ci il t\u0259v\u0259ll\u00fcdl\u00fc Rufullayev Q\u00fcrb\u0259t \u018flixan&hellip;","_links":{"self":[{"href":"https:\/\/arantv.az\/index.php?rest_route=\/wp\/v2\/posts\/17766"}],"collection":[{"href":"https:\/\/arantv.az\/index.php?rest_route=\/wp\/v2\/posts"}],"about":[{"href":"https:\/\/arantv.az\/index.php?rest_route=\/wp\/v2\/types\/post"}],"author":[{"embeddable":true,"href":"https:\/\/arantv.az\/index.php?rest_route=\/wp\/v2\/users\/2"}],"replies":[{"embeddable":true,"href":"https:\/\/arantv.az\/index.php?rest_route=%2Fwp%2Fv2%2Fcomments&post=17766"}],"version-history":[{"count":0,"href":"https:\/\/arantv.az\/index.php?rest_route=\/wp\/v2\/posts\/17766\/revisions"}],"wp:featuredmedia":[{"embeddable":true,"href":"https:\/\/arantv.az\/index.php?rest_route=\/wp\/v2\/media\/17767"}],"wp:attachment":[{"href":"https:\/\/arantv.az\/index.php?rest_route=%2Fwp%2Fv2%2Fmedia&parent=17766"}],"wp:term":[{"taxonomy":"category","embeddable":true,"href":"https:\/\/arantv.az\/index.php?rest_route=%2Fwp%2Fv2%2Fcategories&post=17766"},{"taxonomy":"post_tag","embeddable":true,"href":"https:\/\/arantv.az\/index.php?rest_route=%2Fwp%2Fv2%2Ftags&post=17766"}],"curies":[{"name":"wp","href":"https:\/\/api.w.org\/{rel}","templated":true}]}}