{"id":17769,"date":"2018-10-09T08:31:10","date_gmt":"2018-10-09T05:31:10","guid":{"rendered":"http:\/\/arantv.az\/?p=17769"},"modified":"2018-10-09T08:31:10","modified_gmt":"2018-10-09T05:31:10","slug":"pakistan-bas-nazirinin-kom%c9%99kcisi-az%c9%99rbaycan-kimi-dost-v%c9%99-qardas-olk%c9%99l%c9%99rl%c9%99-munasib%c9%99tl%c9%99rin-daha-da-inkisafina-calisiriq","status":"publish","type":"post","link":"https:\/\/arantv.az\/?p=17769","title":{"rendered":"Pakistan Ba\u015f nazirinin k\u00f6m\u0259k\u00e7isi: &#8220;Az\u0259rbaycan kimi dost v\u0259 qarda\u015f \u00f6lk\u0259l\u0259rl\u0259 m\u00fcnasib\u0259tl\u0259rin daha da inki\u015faf\u0131na \u00e7al\u0131\u015f\u0131r\u0131q&#8221;"},"content":{"rendered":"<p><strong>Az\u0259rbaycan\u0131n Pakistandak\u0131 s\u0259firi \u018fli \u018flizad\u0259 Pakistan Ba\u015f nazirinin siyasi m\u0259s\u0259l\u0259l\u0259r \u00fczr\u0259 x\u00fcsusi k\u00f6m\u0259k\u00e7isi Naim ul Haqla g\u00f6r\u00fc\u015f\u00fcb.<\/strong><\/p>\n<p><strong>ARANTV.AZ\u00a0<\/strong> x\u0259b\u0259r verir ki, Az\u0259rbaycan\u0131n Pakistandak\u0131 s\u0259firliyind\u0259n\u00a0 trend-\u0259 veril\u0259n m\u0259lumata g\u00f6r\u0259, s\u0259fir Pakistan\u0131n Az\u0259rbaycana yax\u0131n dost v\u0259 qarda\u015f \u00f6lk\u0259 oldu\u011funu diqq\u0259t\u0259 \u00e7atd\u0131r\u0131b, Az\u0259rbaycan\u0131n Pakistanla siyasi \u0259laq\u0259l\u0259rl\u0259 yana\u015f\u0131, iqtisadi, ticari, m\u00fcdafi\u0259 s\u0259nayesi, h\u0259rbi v\u0259 h\u0259rbi-texniki, enerji, turizm v\u0259 dig\u0259r sah\u0259l\u0259rd\u0259 \u0259m\u0259kda\u015fl\u0131\u011f\u0131n daha da art\u0131r\u0131lmas\u0131nda maraql\u0131 oldu\u011funu bildirib. S\u0259fir Az\u0259rbaycan\u0131n Pakistana d\u0259st\u0259yinin davam ed\u0259c\u0259yini v\u0259 Pakistan\u0131n da Da\u011fl\u0131q Qaraba\u011f v\u0259 dig\u0259r h\u0259ssas m\u0259s\u0259l\u0259l\u0259rd\u0259 Az\u0259rbaycana g\u00f6st\u0259rdiyi d\u0259st\u0259yin y\u00fcks\u0259k qiym\u0259tl\u0259ndirildiyini qeyd edib.<\/p>\n<p>Pakistan Ba\u015f nazirinin siyasi m\u0259s\u0259l\u0259l\u0259r \u00fczr\u0259 x\u00fcsusi k\u00f6m\u0259k\u00e7isi Naim ul Haq Pakistan\u0131n h\u0259mi\u015f\u0259 Az\u0259rbaycan kimi yax\u0131n dost v\u0259 qarda\u015f \u00f6lk\u0259l\u0259rl\u0259 \u0259laq\u0259l\u0259r\u0259 x\u00fcsusi \u00f6n\u0259m verdiyini v\u0259 m\u00fcnasib\u0259tl\u0259rin daha da inki\u015faf\u0131na \u00e7al\u0131\u015fd\u0131\u011f\u0131n\u0131, iqtisadi, ticari, enerji, investisiya sah\u0259l\u0259rind\u0259 \u0259m\u0259kda\u015fl\u0131\u011f\u0131n daha da art\u0131r\u0131lmas\u0131 \u00fc\u00e7\u00fcn s\u0259yl\u0259rin davam etdirilim\u0259si g\u0259r\u0259kdiyini vur\u011fulay\u0131b.<\/p>\n<p>G\u00f6r\u00fc\u015fd\u0259 h\u0259m\u00e7inin ikit\u0259r\u0259fli s\u0259f\u0259rl\u0259rin daha da art\u0131r\u0131lmas\u0131, el\u0259c\u0259 d\u0259 beyn\u0259lxalq v\u0259 regional t\u0259\u015fkilatlar \u00e7\u0259r\u00e7iv\u0259sind\u0259 d\u0259st\u0259yin v\u0259 birg\u0259 \u0259m\u0259kda\u015fl\u0131\u011f\u0131n davam etdirilm\u0259sinin vacibliyi vur\u011fulan\u0131b.<\/p>\n","protected":false},"excerpt":{"rendered":"<p>Az\u0259rbaycan\u0131n Pakistandak\u0131 s\u0259firi \u018fli \u018flizad\u0259 Pakistan Ba\u015f nazirinin siyasi m\u0259s\u0259l\u0259l\u0259r \u00fczr\u0259 x\u00fcsusi k\u00f6m\u0259k\u00e7isi Naim ul Haqla g\u00f6r\u00fc\u015f\u00fcb. ARANTV.AZ\u00a0 x\u0259b\u0259r verir ki, Az\u0259rbaycan\u0131n Pakistandak\u0131 s\u0259firliyind\u0259n\u00a0 trend-\u0259 veril\u0259n m\u0259lumata g\u00f6r\u0259, s\u0259fir Pakistan\u0131n Az\u0259rbaycana yax\u0131n dost v\u0259 qarda\u015f \u00f6lk\u0259 oldu\u011funu diqq\u0259t\u0259 \u00e7atd\u0131r\u0131b, Az\u0259rbaycan\u0131n Pakistanla siyasi \u0259laq\u0259l\u0259rl\u0259 yana\u015f\u0131, iqtisadi, ticari, m\u00fcdafi\u0259 s\u0259nayesi, h\u0259rbi v\u0259 h\u0259rbi-texniki, enerji, turizm v\u0259 dig\u0259r sah\u0259l\u0259rd\u0259 \u0259m\u0259kda\u015fl\u0131\u011f\u0131n daha da art\u0131r\u0131lmas\u0131nda maraql\u0131 oldu\u011funu bildirib. S\u0259fir Az\u0259rbaycan\u0131n Pakistana d\u0259st\u0259yinin davam ed\u0259c\u0259yini v\u0259 Pakistan\u0131n da Da\u011fl\u0131q Qaraba\u011f v\u0259 dig\u0259r h\u0259ssas m\u0259s\u0259l\u0259l\u0259rd\u0259 Az\u0259rbaycana g\u00f6st\u0259rdiyi d\u0259st\u0259yin y\u00fcks\u0259k qiym\u0259tl\u0259ndirildiyini qeyd edib. Pakistan Ba\u015f nazirinin siyasi m\u0259s\u0259l\u0259l\u0259r&hellip;<\/p>\n","protected":false},"author":2,"featured_media":17770,"comment_status":"closed","ping_status":"closed","sticky":false,"template":"","format":"standard","meta":{"om_disable_all_campaigns":false,"_monsterinsights_skip_tracking":false,"_monsterinsights_sitenote_active":false,"_monsterinsights_sitenote_note":"","_monsterinsights_sitenote_category":0},"categories":[4],"tags":[],"aioseo_notices":[],"gutentor_comment":0,"rttpg_featured_image_url":{"full":["https:\/\/arantv.az\/wp-content\/uploads\/2018\/10\/692776.jpg",800,600,false],"landscape":["https:\/\/arantv.az\/wp-content\/uploads\/2018\/10\/692776.jpg",800,600,false],"portraits":["https:\/\/arantv.az\/wp-content\/uploads\/2018\/10\/692776.jpg",800,600,false],"thumbnail":["https:\/\/arantv.az\/wp-content\/uploads\/2018\/10\/692776-150x150.jpg",150,150,true],"medium":["https:\/\/arantv.az\/wp-content\/uploads\/2018\/10\/692776-300x225.jpg",300,225,true],"large":["https:\/\/arantv.az\/wp-content\/uploads\/2018\/10\/692776.jpg",640,480,false],"1536x1536":["https:\/\/arantv.az\/wp-content\/uploads\/2018\/10\/692776.jpg",800,600,false],"2048x2048":["https:\/\/arantv.az\/wp-content\/uploads\/2018\/10\/692776.jpg",800,600,false],"post-thumbnail":["https:\/\/arantv.az\/wp-content\/uploads\/2018\/10\/692776-240x172.jpg",240,172,true],"advps-thumb-one":["https:\/\/arantv.az\/wp-content\/uploads\/2018\/10\/692776.jpg",800,600,false]},"rttpg_author":{"display_name":"V\u00fcsal Rafiqo\u011flu","author_link":"https:\/\/arantv.az\/?author=2"},"rttpg_comment":0,"rttpg_category":"<a href=\"https:\/\/arantv.az\/?cat=4\" rel=\"category\">Siyas\u0259t<\/a>","rttpg_excerpt":"Az\u0259rbaycan\u0131n Pakistandak\u0131 s\u0259firi \u018fli \u018flizad\u0259 Pakistan Ba\u015f nazirinin siyasi m\u0259s\u0259l\u0259l\u0259r \u00fczr\u0259 x\u00fcsusi k\u00f6m\u0259k\u00e7isi Naim ul Haqla g\u00f6r\u00fc\u015f\u00fcb. ARANTV.AZ\u00a0 x\u0259b\u0259r verir ki, Az\u0259rbaycan\u0131n Pakistandak\u0131 s\u0259firliyind\u0259n\u00a0 trend-\u0259 veril\u0259n m\u0259lumata g\u00f6r\u0259, s\u0259fir Pakistan\u0131n Az\u0259rbaycana yax\u0131n dost v\u0259 qarda\u015f \u00f6lk\u0259 oldu\u011funu diqq\u0259t\u0259 \u00e7atd\u0131r\u0131b, Az\u0259rbaycan\u0131n Pakistanla siyasi \u0259laq\u0259l\u0259rl\u0259 yana\u015f\u0131, iqtisadi, ticari, m\u00fcdafi\u0259 s\u0259nayesi, h\u0259rbi v\u0259 h\u0259rbi-texniki, enerji, turizm v\u0259 dig\u0259r&hellip;","_links":{"self":[{"href":"https:\/\/arantv.az\/index.php?rest_route=\/wp\/v2\/posts\/17769"}],"collection":[{"href":"https:\/\/arantv.az\/index.php?rest_route=\/wp\/v2\/posts"}],"about":[{"href":"https:\/\/arantv.az\/index.php?rest_route=\/wp\/v2\/types\/post"}],"author":[{"embeddable":true,"href":"https:\/\/arantv.az\/index.php?rest_route=\/wp\/v2\/users\/2"}],"replies":[{"embeddable":true,"href":"https:\/\/arantv.az\/index.php?rest_route=%2Fwp%2Fv2%2Fcomments&post=17769"}],"version-history":[{"count":0,"href":"https:\/\/arantv.az\/index.php?rest_route=\/wp\/v2\/posts\/17769\/revisions"}],"wp:featuredmedia":[{"embeddable":true,"href":"https:\/\/arantv.az\/index.php?rest_route=\/wp\/v2\/media\/17770"}],"wp:attachment":[{"href":"https:\/\/arantv.az\/index.php?rest_route=%2Fwp%2Fv2%2Fmedia&parent=17769"}],"wp:term":[{"taxonomy":"category","embeddable":true,"href":"https:\/\/arantv.az\/index.php?rest_route=%2Fwp%2Fv2%2Fcategories&post=17769"},{"taxonomy":"post_tag","embeddable":true,"href":"https:\/\/arantv.az\/index.php?rest_route=%2Fwp%2Fv2%2Ftags&post=17769"}],"curies":[{"name":"wp","href":"https:\/\/api.w.org\/{rel}","templated":true}]}}