{"id":177724,"date":"2020-06-10T08:26:27","date_gmt":"2020-06-10T05:26:27","guid":{"rendered":"http:\/\/arantv.az\/?p=177724"},"modified":"2020-06-10T08:26:27","modified_gmt":"2020-06-10T05:26:27","slug":"h%c9%99ft%c9%99sonu-cor%c9%99k-t%c9%99minatinda-problem-olub-r%c9%99smi","status":"publish","type":"post","link":"https:\/\/arantv.az\/?p=177724","title":{"rendered":"H\u0259ft\u0259sonu \u00e7\u00f6r\u0259k t\u0259minat\u0131nda problem olub? &#8211; R\u018fSM\u0130"},"content":{"rendered":"<p>\u201c\u00c7\u00f6r\u0259k t\u0259minat\u0131 il\u0259 ba\u011fl\u0131 \u00f6t\u0259n h\u0259ft\u0259sonu problem olmay\u0131b\u201d.<\/p>\n<p><b>ARANTV.AZ<\/b>-\u0131n m\u0259lumat\u0131na g\u00f6r\u0259, bunu Nazirl\u0259r Kabineti yan\u0131nda operativ q\u0259rargah\u0131n ke\u00e7irdiyi m\u0259tbuat konfrans\u0131nda Tibbi \u018frazi B\u00f6lm\u0259l\u0259rini \u0130dar\u0259etm\u0259 Birliyinin (T\u018fB\u0130B) \u0130dar\u0259 Hey\u0259tinin s\u0259dri Ramin Bayraml\u0131 bildirib.<\/p>\n<div id=\"AdviadNativeVideo0\" class=\"AdviadNativeVideo\"><\/div>\n<p>\u201c\u0130yunun 16-da ma\u011fazalar\u0131 \u00e7\u00f6r\u0259kl\u0259 t\u0259min etm\u0259k \u00fc\u00e7\u00fcn ay\u0131n 15-d\u0259 \u00e7\u00f6r\u0259k zavodunun \u0259m\u0259kda\u015flar\u0131 i\u015f\u0259 g\u0259l\u0259 bil\u0259rl\u0259r\u201d.Oxu.Az<\/p>\n","protected":false},"excerpt":{"rendered":"<p>\u201c\u00c7\u00f6r\u0259k t\u0259minat\u0131 il\u0259 ba\u011fl\u0131 \u00f6t\u0259n h\u0259ft\u0259sonu problem olmay\u0131b\u201d. ARANTV.AZ-\u0131n m\u0259lumat\u0131na g\u00f6r\u0259, bunu Nazirl\u0259r Kabineti yan\u0131nda operativ q\u0259rargah\u0131n ke\u00e7irdiyi m\u0259tbuat konfrans\u0131nda Tibbi \u018frazi B\u00f6lm\u0259l\u0259rini \u0130dar\u0259etm\u0259 Birliyinin (T\u018fB\u0130B) \u0130dar\u0259 Hey\u0259tinin s\u0259dri Ramin Bayraml\u0131 bildirib. \u201c\u0130yunun 16-da ma\u011fazalar\u0131 \u00e7\u00f6r\u0259kl\u0259 t\u0259min etm\u0259k \u00fc\u00e7\u00fcn ay\u0131n 15-d\u0259 \u00e7\u00f6r\u0259k zavodunun \u0259m\u0259kda\u015flar\u0131 i\u015f\u0259 g\u0259l\u0259 bil\u0259rl\u0259r\u201d.Oxu.Az<\/p>\n","protected":false},"author":2,"featured_media":177725,"comment_status":"closed","ping_status":"closed","sticky":false,"template":"","format":"standard","meta":{"om_disable_all_campaigns":false,"_monsterinsights_skip_tracking":false,"_monsterinsights_sitenote_active":false,"_monsterinsights_sitenote_note":"","_monsterinsights_sitenote_category":0},"categories":[26],"tags":[],"aioseo_notices":[],"gutentor_comment":0,"rttpg_featured_image_url":{"full":["https:\/\/arantv.az\/wp-content\/uploads\/2020\/06\/5eda1b385542831284fb2a94.jpg",620,349,false],"landscape":["https:\/\/arantv.az\/wp-content\/uploads\/2020\/06\/5eda1b385542831284fb2a94.jpg",620,349,false],"portraits":["https:\/\/arantv.az\/wp-content\/uploads\/2020\/06\/5eda1b385542831284fb2a94.jpg",620,349,false],"thumbnail":["https:\/\/arantv.az\/wp-content\/uploads\/2020\/06\/5eda1b385542831284fb2a94-150x150.jpg",150,150,true],"medium":["https:\/\/arantv.az\/wp-content\/uploads\/2020\/06\/5eda1b385542831284fb2a94-300x169.jpg",300,169,true],"large":["https:\/\/arantv.az\/wp-content\/uploads\/2020\/06\/5eda1b385542831284fb2a94.jpg",620,349,false],"1536x1536":["https:\/\/arantv.az\/wp-content\/uploads\/2020\/06\/5eda1b385542831284fb2a94.jpg",620,349,false],"2048x2048":["https:\/\/arantv.az\/wp-content\/uploads\/2020\/06\/5eda1b385542831284fb2a94.jpg",620,349,false],"post-thumbnail":["https:\/\/arantv.az\/wp-content\/uploads\/2020\/06\/5eda1b385542831284fb2a94-240x172.jpg",240,172,true],"advps-thumb-one":["https:\/\/arantv.az\/wp-content\/uploads\/2020\/06\/5eda1b385542831284fb2a94.jpg",620,349,false]},"rttpg_author":{"display_name":"V\u00fcsal Rafiqo\u011flu","author_link":"https:\/\/arantv.az\/?author=2"},"rttpg_comment":0,"rttpg_category":"<a href=\"https:\/\/arantv.az\/?cat=26\" rel=\"category\">Sosial<\/a>","rttpg_excerpt":"\u201c\u00c7\u00f6r\u0259k t\u0259minat\u0131 il\u0259 ba\u011fl\u0131 \u00f6t\u0259n h\u0259ft\u0259sonu problem olmay\u0131b\u201d. ARANTV.AZ-\u0131n m\u0259lumat\u0131na g\u00f6r\u0259, bunu Nazirl\u0259r Kabineti yan\u0131nda operativ q\u0259rargah\u0131n ke\u00e7irdiyi m\u0259tbuat konfrans\u0131nda Tibbi \u018frazi B\u00f6lm\u0259l\u0259rini \u0130dar\u0259etm\u0259 Birliyinin (T\u018fB\u0130B) \u0130dar\u0259 Hey\u0259tinin s\u0259dri Ramin Bayraml\u0131 bildirib. \u201c\u0130yunun 16-da ma\u011fazalar\u0131 \u00e7\u00f6r\u0259kl\u0259 t\u0259min etm\u0259k \u00fc\u00e7\u00fcn ay\u0131n 15-d\u0259 \u00e7\u00f6r\u0259k zavodunun \u0259m\u0259kda\u015flar\u0131 i\u015f\u0259 g\u0259l\u0259 bil\u0259rl\u0259r\u201d.Oxu.Az","_links":{"self":[{"href":"https:\/\/arantv.az\/index.php?rest_route=\/wp\/v2\/posts\/177724"}],"collection":[{"href":"https:\/\/arantv.az\/index.php?rest_route=\/wp\/v2\/posts"}],"about":[{"href":"https:\/\/arantv.az\/index.php?rest_route=\/wp\/v2\/types\/post"}],"author":[{"embeddable":true,"href":"https:\/\/arantv.az\/index.php?rest_route=\/wp\/v2\/users\/2"}],"replies":[{"embeddable":true,"href":"https:\/\/arantv.az\/index.php?rest_route=%2Fwp%2Fv2%2Fcomments&post=177724"}],"version-history":[{"count":0,"href":"https:\/\/arantv.az\/index.php?rest_route=\/wp\/v2\/posts\/177724\/revisions"}],"wp:featuredmedia":[{"embeddable":true,"href":"https:\/\/arantv.az\/index.php?rest_route=\/wp\/v2\/media\/177725"}],"wp:attachment":[{"href":"https:\/\/arantv.az\/index.php?rest_route=%2Fwp%2Fv2%2Fmedia&parent=177724"}],"wp:term":[{"taxonomy":"category","embeddable":true,"href":"https:\/\/arantv.az\/index.php?rest_route=%2Fwp%2Fv2%2Fcategories&post=177724"},{"taxonomy":"post_tag","embeddable":true,"href":"https:\/\/arantv.az\/index.php?rest_route=%2Fwp%2Fv2%2Ftags&post=177724"}],"curies":[{"name":"wp","href":"https:\/\/api.w.org\/{rel}","templated":true}]}}