{"id":177740,"date":"2020-06-10T08:30:16","date_gmt":"2020-06-10T05:30:16","guid":{"rendered":"http:\/\/arantv.az\/?p=177740"},"modified":"2020-06-10T08:30:16","modified_gmt":"2020-06-10T05:30:16","slug":"az%c9%99rbaycanda-karantin-rejimi-iyulun-1-d%c9%99k-uzadildi-r%c9%99smi-video","status":"publish","type":"post","link":"https:\/\/arantv.az\/?p=177740","title":{"rendered":"Az\u0259rbaycanda karantin rejimi iyulun 1-d\u0259k uzad\u0131ld\u0131 &#8211; R\u018fSM\u0130 + V\u0130DEO"},"content":{"rendered":"<p>Az\u0259rbaycan\u00a0\u0259razisind\u0259 yeni nov koronavirus (COVID-19) x\u0259st\u0259liyi il\u0259 ba\u011fl\u0131 m\u00f6vcud sanitar-epidemioloji v\u0259ziyy\u0259t t\u0259hlil edilib\u00a0v\u0259 son g\u00fcnl\u0259rd\u0259 virusa yoluxma say\u0131, x\u0259st\u0259liyin yay\u0131lma dinamikas\u0131 n\u0259z\u0259r\u0259 al\u0131naraq, \u00f6lk\u0259 \u00fczr\u0259 x\u00fcsusi karantin rejiminin 1 iyul 2020-ci il saat 00:00-d\u0259k uzad\u0131lmas\u0131na q\u0259rar verilib.<\/p>\n<p>Bununla \u0259laq\u0259dar olaraq Nazirl\u0259r Kabineti yan\u0131nda operativ q\u0259rargah m\u0259lumat yay\u0131b.<\/p>\n<div id=\"AdviadNativeVideo0\" class=\"AdviadNativeVideo\"><\/div>\n<p>Az\u0259rbaycanda virusa ilk yoluxma fakt\u0131n\u0131n qeyd\u0259 al\u0131nd\u0131\u011f\u0131 tarixd\u0259n bu g\u00fcn\u0259d\u0259k COVID-19 testi musb\u0259t \u00e7\u0131xm\u0131\u015f 8191 n\u0259f\u0259r a\u015fkarlan\u0131b, haz\u0131rda is\u0259 3487 aktiv x\u0259st\u0259 m\u00fcalic\u0259sini x\u00fcsusi karantin rejimli x\u0259st\u0259xanalarda davam etdirir.<\/p>\n<div><iframe loading=\"lazy\" src=\"https:\/\/player.baku.tv\/embed\/20042\" width=\"560\" height=\"315\" frameborder=\"0\" allowfullscreen=\"allowfullscreen\" data-mce-fragment=\"1\"><\/iframe><\/div>\n<p>&nbsp;<\/p>\n","protected":false},"excerpt":{"rendered":"<p>Az\u0259rbaycan\u00a0\u0259razisind\u0259 yeni nov koronavirus (COVID-19) x\u0259st\u0259liyi il\u0259 ba\u011fl\u0131 m\u00f6vcud sanitar-epidemioloji v\u0259ziyy\u0259t t\u0259hlil edilib\u00a0v\u0259 son g\u00fcnl\u0259rd\u0259 virusa yoluxma say\u0131, x\u0259st\u0259liyin yay\u0131lma dinamikas\u0131 n\u0259z\u0259r\u0259 al\u0131naraq, \u00f6lk\u0259 \u00fczr\u0259 x\u00fcsusi karantin rejiminin 1 iyul 2020-ci il saat 00:00-d\u0259k uzad\u0131lmas\u0131na q\u0259rar verilib. Bununla \u0259laq\u0259dar olaraq Nazirl\u0259r Kabineti yan\u0131nda operativ q\u0259rargah m\u0259lumat yay\u0131b. Az\u0259rbaycanda virusa ilk yoluxma fakt\u0131n\u0131n qeyd\u0259 al\u0131nd\u0131\u011f\u0131 tarixd\u0259n bu g\u00fcn\u0259d\u0259k COVID-19 testi musb\u0259t \u00e7\u0131xm\u0131\u015f 8191 n\u0259f\u0259r a\u015fkarlan\u0131b, haz\u0131rda is\u0259 3487 aktiv x\u0259st\u0259 m\u00fcalic\u0259sini x\u00fcsusi karantin rejimli x\u0259st\u0259xanalarda davam etdirir. &nbsp;<\/p>\n","protected":false},"author":2,"featured_media":177741,"comment_status":"closed","ping_status":"closed","sticky":false,"template":"","format":"standard","meta":{"om_disable_all_campaigns":false,"_monsterinsights_skip_tracking":false,"_monsterinsights_sitenote_active":false,"_monsterinsights_sitenote_note":"","_monsterinsights_sitenote_category":0},"categories":[26],"tags":[],"aioseo_notices":[],"gutentor_comment":0,"rttpg_featured_image_url":{"full":["https:\/\/arantv.az\/wp-content\/uploads\/2020\/06\/3-1.jpg",590,393,false],"landscape":["https:\/\/arantv.az\/wp-content\/uploads\/2020\/06\/3-1.jpg",590,393,false],"portraits":["https:\/\/arantv.az\/wp-content\/uploads\/2020\/06\/3-1.jpg",590,393,false],"thumbnail":["https:\/\/arantv.az\/wp-content\/uploads\/2020\/06\/3-1-150x150.jpg",150,150,true],"medium":["https:\/\/arantv.az\/wp-content\/uploads\/2020\/06\/3-1-300x200.jpg",300,200,true],"large":["https:\/\/arantv.az\/wp-content\/uploads\/2020\/06\/3-1.jpg",590,393,false],"1536x1536":["https:\/\/arantv.az\/wp-content\/uploads\/2020\/06\/3-1.jpg",590,393,false],"2048x2048":["https:\/\/arantv.az\/wp-content\/uploads\/2020\/06\/3-1.jpg",590,393,false],"post-thumbnail":["https:\/\/arantv.az\/wp-content\/uploads\/2020\/06\/3-1-240x172.jpg",240,172,true],"advps-thumb-one":["https:\/\/arantv.az\/wp-content\/uploads\/2020\/06\/3-1.jpg",590,393,false]},"rttpg_author":{"display_name":"V\u00fcsal Rafiqo\u011flu","author_link":"https:\/\/arantv.az\/?author=2"},"rttpg_comment":0,"rttpg_category":"<a href=\"https:\/\/arantv.az\/?cat=26\" rel=\"category\">Sosial<\/a>","rttpg_excerpt":"Az\u0259rbaycan\u00a0\u0259razisind\u0259 yeni nov koronavirus (COVID-19) x\u0259st\u0259liyi il\u0259 ba\u011fl\u0131 m\u00f6vcud sanitar-epidemioloji v\u0259ziyy\u0259t t\u0259hlil edilib\u00a0v\u0259 son g\u00fcnl\u0259rd\u0259 virusa yoluxma say\u0131, x\u0259st\u0259liyin yay\u0131lma dinamikas\u0131 n\u0259z\u0259r\u0259 al\u0131naraq, \u00f6lk\u0259 \u00fczr\u0259 x\u00fcsusi karantin rejiminin 1 iyul 2020-ci il saat 00:00-d\u0259k uzad\u0131lmas\u0131na q\u0259rar verilib. Bununla \u0259laq\u0259dar olaraq Nazirl\u0259r Kabineti yan\u0131nda operativ q\u0259rargah m\u0259lumat yay\u0131b. Az\u0259rbaycanda virusa ilk yoluxma fakt\u0131n\u0131n qeyd\u0259 al\u0131nd\u0131\u011f\u0131 tarixd\u0259n&hellip;","_links":{"self":[{"href":"https:\/\/arantv.az\/index.php?rest_route=\/wp\/v2\/posts\/177740"}],"collection":[{"href":"https:\/\/arantv.az\/index.php?rest_route=\/wp\/v2\/posts"}],"about":[{"href":"https:\/\/arantv.az\/index.php?rest_route=\/wp\/v2\/types\/post"}],"author":[{"embeddable":true,"href":"https:\/\/arantv.az\/index.php?rest_route=\/wp\/v2\/users\/2"}],"replies":[{"embeddable":true,"href":"https:\/\/arantv.az\/index.php?rest_route=%2Fwp%2Fv2%2Fcomments&post=177740"}],"version-history":[{"count":0,"href":"https:\/\/arantv.az\/index.php?rest_route=\/wp\/v2\/posts\/177740\/revisions"}],"wp:featuredmedia":[{"embeddable":true,"href":"https:\/\/arantv.az\/index.php?rest_route=\/wp\/v2\/media\/177741"}],"wp:attachment":[{"href":"https:\/\/arantv.az\/index.php?rest_route=%2Fwp%2Fv2%2Fmedia&parent=177740"}],"wp:term":[{"taxonomy":"category","embeddable":true,"href":"https:\/\/arantv.az\/index.php?rest_route=%2Fwp%2Fv2%2Fcategories&post=177740"},{"taxonomy":"post_tag","embeddable":true,"href":"https:\/\/arantv.az\/index.php?rest_route=%2Fwp%2Fv2%2Ftags&post=177740"}],"curies":[{"name":"wp","href":"https:\/\/api.w.org\/{rel}","templated":true}]}}