{"id":177748,"date":"2020-06-10T08:32:00","date_gmt":"2020-06-10T05:32:00","guid":{"rendered":"http:\/\/arantv.az\/?p=177748"},"modified":"2020-06-10T08:32:00","modified_gmt":"2020-06-10T05:32:00","slug":"baki-polisind%c9%99n-bes-saat-doyulduyunu-dey%c9%99n-s%c9%99xsl%c9%99-bagli-aciqlama","status":"publish","type":"post","link":"https:\/\/arantv.az\/?p=177748","title":{"rendered":"Bak\u0131 polisind\u0259n be\u015f saat d\u00f6y\u00fcld\u00fcy\u00fcn\u00fc dey\u0259n \u015f\u0259xsl\u0259 ba\u011fl\u0131 A\u00c7IQLAMA"},"content":{"rendered":"<p>Bak\u0131 \u015e\u0259h\u0259r Ba\u015f Polis \u0130dar\u0259si K\u0259rim S\u00fcleymanl\u0131n\u0131n Yasamaldak\u0131 \u0259m\u0259liyyat zaman\u0131 saxlan\u0131laraq t\u0259zyiq\u0259 m\u0259ruz qalmas\u0131 il\u0259 ba\u011fl\u0131 iddialar\u0131na m\u00fcnasib\u0259t bildirilib.<\/p>\n<p>Bu bar\u0259d\u0259 Bak\u0131 \u015f\u0259h\u0259r BP\u0130 M\u0259tbuat Xidm\u0259tinin r\u0259isi, polis mayoru El\u015fad Hac\u0131yev\u00a0Oxu.Az-\u0131n sor\u011fusuna cavab olaraq m\u0259lumat verib.<\/p>\n<div id=\"AdviadNativeVideo0\" class=\"AdviadNativeVideo\"><\/div>\n<p>O bildirib ki, K.S\u00fcleymanl\u0131n\u0131n polis b\u00f6lm\u0259sind\u0259 t\u0259zyiq\u0259 m\u0259ruz qalmas\u0131 iddialar\u0131 il\u0259 ba\u011fl\u0131 xidm\u0259ti yoxlama apar\u0131l\u0131r.<\/p>\n<p>Qeyd ed\u0259k ki, K.S\u00fcleymanl\u0131 d\u00fcn\u0259n sosial \u015f\u0259b\u0259k\u0259 vasit\u0259sil\u0259 m\u0259lumat yayaraq, polis b\u00f6lm\u0259sind\u0259 be\u015f saat d\u00f6y\u00fcld\u00fcy\u00fcn\u00fc iddia edib.<\/p>\n<div class=\"gallery\">\n<div class=\"gallery-i\"><img src=\"https:\/\/cdn.oxu.az\/uploads\/W1siZiIsIjIwMjAvMDYvMTAvMDkvMDEvMTMvNjBjZjQ2NDYtNmUwNy00MTc0LTkwNTMtNmE1ZjY1OWMyYzZjLzEwMzM5MTM0OV8xMTA0NTQ5NzgzMjYyMzg0XzQ2MDk4MDMxNzAyOTkwNzU1NTlfbi5wbmciXSxbInAiLCJlbmNvZGUiLCJqcGciLCItcXVhbGl0eSA4MCJdLFsicCIsInRodW1iIiwiNTkweDU5MFx1MDAzZSJdXQ?sha=a541f2aa7e31b105\" alt=\"\" \/><\/div>\n<\/div>\n","protected":false},"excerpt":{"rendered":"<p>Bak\u0131 \u015e\u0259h\u0259r Ba\u015f Polis \u0130dar\u0259si K\u0259rim S\u00fcleymanl\u0131n\u0131n Yasamaldak\u0131 \u0259m\u0259liyyat zaman\u0131 saxlan\u0131laraq t\u0259zyiq\u0259 m\u0259ruz qalmas\u0131 il\u0259 ba\u011fl\u0131 iddialar\u0131na m\u00fcnasib\u0259t bildirilib. Bu bar\u0259d\u0259 Bak\u0131 \u015f\u0259h\u0259r BP\u0130 M\u0259tbuat Xidm\u0259tinin r\u0259isi, polis mayoru El\u015fad Hac\u0131yev\u00a0Oxu.Az-\u0131n sor\u011fusuna cavab olaraq m\u0259lumat verib. O bildirib ki, K.S\u00fcleymanl\u0131n\u0131n polis b\u00f6lm\u0259sind\u0259 t\u0259zyiq\u0259 m\u0259ruz qalmas\u0131 iddialar\u0131 il\u0259 ba\u011fl\u0131 xidm\u0259ti yoxlama apar\u0131l\u0131r. Qeyd ed\u0259k ki, K.S\u00fcleymanl\u0131 d\u00fcn\u0259n sosial \u015f\u0259b\u0259k\u0259 vasit\u0259sil\u0259 m\u0259lumat yayaraq, polis b\u00f6lm\u0259sind\u0259 be\u015f saat d\u00f6y\u00fcld\u00fcy\u00fcn\u00fc iddia edib.<\/p>\n","protected":false},"author":2,"featured_media":177749,"comment_status":"closed","ping_status":"closed","sticky":false,"template":"","format":"standard","meta":{"om_disable_all_campaigns":false,"_monsterinsights_skip_tracking":false,"_monsterinsights_sitenote_active":false,"_monsterinsights_sitenote_note":"","_monsterinsights_sitenote_category":0},"categories":[5],"tags":[],"aioseo_notices":[],"gutentor_comment":0,"rttpg_featured_image_url":{"full":["https:\/\/arantv.az\/wp-content\/uploads\/2020\/06\/vvv-1.jpg",620,413,false],"landscape":["https:\/\/arantv.az\/wp-content\/uploads\/2020\/06\/vvv-1.jpg",620,413,false],"portraits":["https:\/\/arantv.az\/wp-content\/uploads\/2020\/06\/vvv-1.jpg",620,413,false],"thumbnail":["https:\/\/arantv.az\/wp-content\/uploads\/2020\/06\/vvv-1-150x150.jpg",150,150,true],"medium":["https:\/\/arantv.az\/wp-content\/uploads\/2020\/06\/vvv-1-300x200.jpg",300,200,true],"large":["https:\/\/arantv.az\/wp-content\/uploads\/2020\/06\/vvv-1.jpg",620,413,false],"1536x1536":["https:\/\/arantv.az\/wp-content\/uploads\/2020\/06\/vvv-1.jpg",620,413,false],"2048x2048":["https:\/\/arantv.az\/wp-content\/uploads\/2020\/06\/vvv-1.jpg",620,413,false],"post-thumbnail":["https:\/\/arantv.az\/wp-content\/uploads\/2020\/06\/vvv-1-240x172.jpg",240,172,true],"advps-thumb-one":["https:\/\/arantv.az\/wp-content\/uploads\/2020\/06\/vvv-1.jpg",620,413,false]},"rttpg_author":{"display_name":"V\u00fcsal Rafiqo\u011flu","author_link":"https:\/\/arantv.az\/?author=2"},"rttpg_comment":0,"rttpg_category":"<a href=\"https:\/\/arantv.az\/?cat=5\" rel=\"category\">Hadis\u0259<\/a>","rttpg_excerpt":"Bak\u0131 \u015e\u0259h\u0259r Ba\u015f Polis \u0130dar\u0259si K\u0259rim S\u00fcleymanl\u0131n\u0131n Yasamaldak\u0131 \u0259m\u0259liyyat zaman\u0131 saxlan\u0131laraq t\u0259zyiq\u0259 m\u0259ruz qalmas\u0131 il\u0259 ba\u011fl\u0131 iddialar\u0131na m\u00fcnasib\u0259t bildirilib. Bu bar\u0259d\u0259 Bak\u0131 \u015f\u0259h\u0259r BP\u0130 M\u0259tbuat Xidm\u0259tinin r\u0259isi, polis mayoru El\u015fad Hac\u0131yev\u00a0Oxu.Az-\u0131n sor\u011fusuna cavab olaraq m\u0259lumat verib. O bildirib ki, K.S\u00fcleymanl\u0131n\u0131n polis b\u00f6lm\u0259sind\u0259 t\u0259zyiq\u0259 m\u0259ruz qalmas\u0131 iddialar\u0131 il\u0259 ba\u011fl\u0131 xidm\u0259ti yoxlama apar\u0131l\u0131r. Qeyd ed\u0259k ki, K.S\u00fcleymanl\u0131&hellip;","_links":{"self":[{"href":"https:\/\/arantv.az\/index.php?rest_route=\/wp\/v2\/posts\/177748"}],"collection":[{"href":"https:\/\/arantv.az\/index.php?rest_route=\/wp\/v2\/posts"}],"about":[{"href":"https:\/\/arantv.az\/index.php?rest_route=\/wp\/v2\/types\/post"}],"author":[{"embeddable":true,"href":"https:\/\/arantv.az\/index.php?rest_route=\/wp\/v2\/users\/2"}],"replies":[{"embeddable":true,"href":"https:\/\/arantv.az\/index.php?rest_route=%2Fwp%2Fv2%2Fcomments&post=177748"}],"version-history":[{"count":0,"href":"https:\/\/arantv.az\/index.php?rest_route=\/wp\/v2\/posts\/177748\/revisions"}],"wp:featuredmedia":[{"embeddable":true,"href":"https:\/\/arantv.az\/index.php?rest_route=\/wp\/v2\/media\/177749"}],"wp:attachment":[{"href":"https:\/\/arantv.az\/index.php?rest_route=%2Fwp%2Fv2%2Fmedia&parent=177748"}],"wp:term":[{"taxonomy":"category","embeddable":true,"href":"https:\/\/arantv.az\/index.php?rest_route=%2Fwp%2Fv2%2Fcategories&post=177748"},{"taxonomy":"post_tag","embeddable":true,"href":"https:\/\/arantv.az\/index.php?rest_route=%2Fwp%2Fv2%2Ftags&post=177748"}],"curies":[{"name":"wp","href":"https:\/\/api.w.org\/{rel}","templated":true}]}}