{"id":177752,"date":"2020-06-10T08:33:07","date_gmt":"2020-06-10T05:33:07","guid":{"rendered":"http:\/\/arantv.az\/?p=177752"},"modified":"2020-06-10T08:33:07","modified_gmt":"2020-06-10T05:33:07","slug":"bu-il-covid-19-bohrani-s%c9%99b%c9%99bind%c9%99n-daha-49-milyon-insan-ifrat-yoxsulluq-v%c9%99ziyy%c9%99tin%c9%99-dus%c9%99-bil%c9%99r","status":"publish","type":"post","link":"https:\/\/arantv.az\/?p=177752","title":{"rendered":"Bu il COVID-19 b\u00f6hran\u0131 s\u0259b\u0259bind\u0259n daha 49 milyon insan ifrat yoxsulluq v\u0259ziyy\u0259tin\u0259 d\u00fc\u015f\u0259 bil\u0259r"},"content":{"rendered":"<blockquote><p><em><strong>Bu il COVID-19 b\u00f6hran\u0131 s\u0259b\u0259bind\u0259n daha 49 milyon insan ifrat yoxsulluq v\u0259ziyy\u0259tin\u0259 d\u00fc\u015f\u0259 bil\u0259r<\/strong><\/em><\/p><\/blockquote>\n<p><strong>ARANTV.AZ<\/strong>\u00a0\u00a0<a href=\"https:\/\/az.trend.az\/\" target=\"_blank\" rel=\"noopener\">Trend<\/a>-\u0259 istinad\u0259n x\u0259b\u0259r verir ki, bu bar\u0259d\u0259 BMT-nin ba\u015f katibi Antonio Quterre\u015fin qida t\u0259hl\u00fck\u0259sizliyin\u0259 dair analitik icmalla ba\u011fl\u0131 videom\u00fcraci\u0259tind\u0259 deyilir.<\/p>\n<p>Ba\u015f katib qeyd edir ki. 7.8 milyard t\u0259\u015fkil ed\u0259n d\u00fcnya \u0259halisini t\u0259min etm\u0259k \u00fc\u00e7\u00fcn kifay\u0259t q\u0259d\u0259r \u0259rzaq var.<\/p>\n<p>Lakin haz\u0131rda 820 milyondan \u00e7ox insan ac qal\u0131r.<\/p>\n<p>5 ya\u015fa q\u0259d\u0259r t\u0259xmin\u0259n 144 milyon u\u015faq\u00a0b\u00f6y\u00fcm\u0259d\u0259 gecikir &#8211; bu, d\u00fcnyadak\u0131 u\u015faqlar\u0131n be\u015fd\u0259 birind\u0259n \u00e7oxdur:<\/p>\n<p>&#8220;\u018frzaq sisteml\u0259rimiz yax\u015f\u0131 i\u015fl\u0259mir v\u0259 COVID-19 pandemiyas\u0131 v\u0259ziyy\u0259ti daha da a\u011f\u0131rla\u015fd\u0131r\u0131r.<\/p>\n<p>T\u0259cili t\u0259dbirl\u0259r g\u00f6r\u00fclm\u0259s\u0259, qlobal \u0259rzaq sah\u0259sind\u0259 f\u00f6vq\u0259lad\u0259 v\u0259ziyy\u0259tin qa\u00e7\u0131lmazl\u0131\u011f\u0131 ayd\u0131n g\u00f6r\u00fcn\u00fcr. Bu is\u0259 y\u00fcz milyonlarla u\u015faq v\u0259 b\u00f6y\u00fckl\u0259r\u0259 uzunm\u00fcdd\u0259tli t\u0259sir g\u00f6st\u0259r\u0259 bil\u0259r.<\/p>\n<p>Bu il COVID-19 b\u00f6hran\u0131 s\u0259b\u0259bind\u0259n daha 49 milyon insan ifrat yoxsulluq v\u0259ziyy\u0259tin\u0259 d\u00fc\u015f\u0259 bil\u0259r.<\/p>\n<p>Qida \u00e7at\u0131\u015fmazl\u0131\u011f\u0131 il\u0259 \u00fczl\u0259\u015f\u0259n insanlar\u0131n say\u0131 s\u00fcr\u0259tl\u0259 artacaq.<\/p>\n<p>\u00dcmumi Daxili M\u0259hsulun bir faiz d\u00fc\u015fm\u0259si b\u00f6y\u00fcm\u0259d\u0259 gecik\u0259n u\u015faqlar\u0131n say\u0131n\u0131n 0,7 milyon artmas\u0131 dem\u0259kdir.<\/p>\n<p>H\u0259tta \u0259rza\u011f\u0131n bol oldu\u011fu \u00f6lk\u0259l\u0259rd\u0259 bel\u0259 \u0259rzaq t\u0259chizat\u0131 z\u0259ncirind\u0259 fasil\u0259l\u0259rin yaranma riskini g\u00f6r\u00fcr\u00fck.<\/p>\n<p>Pandemiyaya qar\u015f\u0131 m\u00fcbariz\u0259 s\u0259yl\u0259rimizin \u0259n pis t\u0259sirl\u0259rinin qar\u015f\u0131s\u0131n\u0131 almaq \u00fc\u00e7\u00fcn indi h\u0259r\u0259k\u0259t etm\u0259liyik.<\/p>\n<p>Bu g\u00fcn m\u0259n COV\u0130D-19-un \u0259rzaq t\u0259hl\u00fck\u0259sizliyi v\u0259 qidalanmaya t\u0259siri il\u0259 ba\u011fl\u0131 anlitik icmal\u0131 t\u0259qdim edir\u0259m.<\/p>\n<p>Onun \u00fc\u00e7 ayd\u0131n n\u0259tic\u0259si var.<\/p>\n<p>Birincisi, s\u0259yl\u0259rimizi insanlar\u0131n h\u0259yat\u0131n\u0131 xilas etm\u0259y\u0259 v\u0259 h\u0259yat d\u00fcz\u0259nini qoruma\u011fa y\u00f6n\u0259ltm\u0259liyik, risk d\u0259r\u0259c\u0259sinin y\u00fcks\u0259k oldu\u011fu sah\u0259l\u0259r\u0259 diqq\u0259t yetirm\u0259liyik.<\/p>\n<p>Bu, o dem\u0259kdir ki, qida xidm\u0259tl\u0259rini \u0259n vacib xidm\u0259tl\u0259r s\u0131ras\u0131na aid etm\u0259k, h\u0259m\u00e7inin qida s\u0259nay\u0259si i\u015f\u00e7il\u0259rinin laz\u0131mi m\u00fcdafi\u0259sini t\u0259min etm\u0259k laz\u0131md\u0131r.<\/p>\n<p>Bu, o dem\u0259kdir ki, h\u0259ssas qruplar \u00fc\u00e7\u00fcn z\u0259ruri humanitar \u0259rzaq, ya\u015fay\u0131\u015f v\u0259 qida yard\u0131m\u0131 davam etdirilm\u0259lidir.<\/p>\n<p>Bu, h\u0259m\u00e7inin o dem\u0259kdir ki, \u0259rzaq b\u00f6hran\u0131 ya\u015fayan \u00f6lk\u0259l\u0259r\u0259 sosial m\u00fcdafi\u0259 sisteml\u0259rinin m\u00f6hk\u0259ml\u0259ndirilm\u0259si v\u0259 geni\u015fl\u0259ndirilm\u0259si \u00fc\u00e7\u00fcn \u0259rzaq t\u0259chizat\u0131 t\u0259min edilm\u0259lidir.<\/p>\n<p>\u00d6lk\u0259l\u0259r qida s\u0259nay\u0259si, da\u015f\u0131nma v\u0259 yerli \u0259rzaq bazarlar\u0131na d\u0259st\u0259yi art\u0131rmal\u0131 v\u0259 \u0259rzaq sisteml\u0259rinin davaml\u0131 i\u015fl\u0259m\u0259sini t\u0259min etm\u0259k \u00fc\u00e7\u00fcn ticar\u0259t d\u0259hlizl\u0259rini a\u00e7\u0131q saxlamal\u0131d\u0131rlar.<\/p>\n<p>Onlar, h\u0259m\u00e7inin yard\u0131m v\u0259 iqtisadi stimul paketl\u0259rin \u0259halinin \u0259n h\u0259ssas qruplar\u0131na \u00e7atmas\u0131n\u0131, o c\u00fcml\u0259d\u0259n ki\u00e7ik \u0259rzaq istehsal\u00e7\u0131lar\u0131n\u0131n v\u0259 k\u0259nd m\u00fc\u0259ssis\u0259l\u0259rin likvidlik ehtiyaclar\u0131n\u0131n \u00f6d\u0259nilm\u0259sini t\u0259min etm\u0259lidirl\u0259r.<\/p>\n<p>\u0130kincisi, qidalanma sah\u0259sind\u0259 sosial m\u00fcdafi\u0259 sisteml\u0259rini g\u00fccl\u0259ndirm\u0259liyik.<\/p>\n<p>\u00d6lk\u0259l\u0259r t\u0259hl\u00fck\u0259siz v\u0259 doydurucu qidan\u0131n \u0259l\u00e7atan olmas\u0131n\u0131 t\u0259min etm\u0259lidirl\u0259r, x\u00fcsusil\u0259 d\u0259 azya\u015fl\u0131 u\u015faqlar, hamil\u0259 v\u0259 s\u00fcd ver\u0259n qad\u0131nlar, ya\u015fl\u0131lar v\u0259 dig\u0259r risk qruplar\u0131n\u0131n n\u00fcmay\u0259nd\u0259l\u0259ri \u00fc\u00e7\u00fcn.<\/p>\n<p>\u00d6lk\u0259l\u0259r, h\u0259m\u00e7inin \u0259rzaq t\u0259minat\u0131 bax\u0131m\u0131ndan risk alt\u0131nda olan insanlar\u0131n maraqlar\u0131na uy\u011fun olaraq sosial m\u00fcdafi\u0259 proqramlar\u0131n\u0131 t\u0259nziml\u0259m\u0259li v\u0259 geni\u015fl\u0259ndirm\u0259lidirl\u0259r.<\/p>\n<p>Bura haz\u0131rda m\u0259kt\u0259b yem\u0259kl\u0259rind\u0259n m\u0259hrum olan u\u015faqlara d\u0259st\u0259k d\u0259 daxildir.<\/p>\n<p>\u00dc\u00e7\u00fcnc\u00fcs\u00fc, g\u0259l\u0259c\u0259y\u0259 s\u0259rmay\u0259 yat\u0131rmal\u0131y\u0131q.<\/p>\n<p>Daha inkl\u00fcziv v\u0259 dayan\u0131ql\u0131 d\u00fcnya qurmaq imkan\u0131m\u0131z var.<\/p>\n<p>G\u0259lin, \u0259rzaq m\u0259hsullar\u0131 istehsal\u00e7\u0131lar\u0131n\u0131n v\u0259 qida s\u0259nayesi i\u015f\u00e7il\u0259rinin t\u0259l\u0259bat\u0131n\u0131 daha yax\u015f\u0131 \u00f6d\u0259y\u0259n \u0259rzaq sisteml\u0259ri yaradaq.<\/p>\n<p>Acl\u0131qa son qoymaq \u00fc\u00e7\u00fcn sa\u011flam v\u0259 doydurucu qidalar\u0131n daha \u0259l\u00e7atan olmas\u0131n\u0131 t\u0259min ed\u0259k.<\/p>\n<p>G\u0259lin, \u0259rzaq sisteml\u0259rinin \u0259traf m\u00fchitl\u0259 \u0259laq\u0259sini el\u0259 tarazla\u015fd\u0131raq ki, onlar t\u0259bi\u0259t\u0259 v\u0259 iqlim\u0259 daha yax\u015f\u0131 t\u0259sir g\u00f6st\u0259rsinl\u0259r&#8221;.<\/p>\n<p>Unutmamal\u0131y\u0131q ki, qida sisteml\u0259ri istixana qaz\u0131 tullant\u0131lar\u0131n\u0131n 29 faizini, o c\u00fcml\u0259d\u0259n metan\u0131n 44 faizini t\u0259\u015fkil edir v\u0259 biom\u00fcxt\u0259lifliy\u0259 m\u0259nfi t\u0259sir g\u00f6st\u0259rir.<\/p>\n","protected":false},"excerpt":{"rendered":"<p>Bu il COVID-19 b\u00f6hran\u0131 s\u0259b\u0259bind\u0259n daha 49 milyon insan ifrat yoxsulluq v\u0259ziyy\u0259tin\u0259 d\u00fc\u015f\u0259 bil\u0259r ARANTV.AZ\u00a0\u00a0Trend-\u0259 istinad\u0259n x\u0259b\u0259r verir ki, bu bar\u0259d\u0259 BMT-nin ba\u015f katibi Antonio Quterre\u015fin qida t\u0259hl\u00fck\u0259sizliyin\u0259 dair analitik icmalla ba\u011fl\u0131 videom\u00fcraci\u0259tind\u0259 deyilir. Ba\u015f katib qeyd edir ki. 7.8 milyard t\u0259\u015fkil ed\u0259n d\u00fcnya \u0259halisini t\u0259min etm\u0259k \u00fc\u00e7\u00fcn kifay\u0259t q\u0259d\u0259r \u0259rzaq var. Lakin haz\u0131rda 820 milyondan \u00e7ox insan ac qal\u0131r. 5 ya\u015fa q\u0259d\u0259r t\u0259xmin\u0259n 144 milyon u\u015faq\u00a0b\u00f6y\u00fcm\u0259d\u0259 gecikir &#8211; bu, d\u00fcnyadak\u0131 u\u015faqlar\u0131n be\u015fd\u0259 birind\u0259n \u00e7oxdur: &#8220;\u018frzaq sisteml\u0259rimiz yax\u015f\u0131 i\u015fl\u0259mir v\u0259 COVID-19 pandemiyas\u0131 v\u0259ziyy\u0259ti daha da a\u011f\u0131rla\u015fd\u0131r\u0131r. T\u0259cili t\u0259dbirl\u0259r g\u00f6r\u00fclm\u0259s\u0259, qlobal&hellip;<\/p>\n","protected":false},"author":2,"featured_media":177753,"comment_status":"closed","ping_status":"closed","sticky":false,"template":"","format":"standard","meta":{"om_disable_all_campaigns":false,"_monsterinsights_skip_tracking":false,"_monsterinsights_sitenote_active":false,"_monsterinsights_sitenote_note":"","_monsterinsights_sitenote_category":0},"categories":[7],"tags":[],"aioseo_notices":[],"gutentor_comment":0,"rttpg_featured_image_url":{"full":["https:\/\/arantv.az\/wp-content\/uploads\/2020\/06\/857038.jpg",800,600,false],"landscape":["https:\/\/arantv.az\/wp-content\/uploads\/2020\/06\/857038.jpg",800,600,false],"portraits":["https:\/\/arantv.az\/wp-content\/uploads\/2020\/06\/857038.jpg",800,600,false],"thumbnail":["https:\/\/arantv.az\/wp-content\/uploads\/2020\/06\/857038-150x150.jpg",150,150,true],"medium":["https:\/\/arantv.az\/wp-content\/uploads\/2020\/06\/857038-300x225.jpg",300,225,true],"large":["https:\/\/arantv.az\/wp-content\/uploads\/2020\/06\/857038.jpg",640,480,false],"1536x1536":["https:\/\/arantv.az\/wp-content\/uploads\/2020\/06\/857038.jpg",800,600,false],"2048x2048":["https:\/\/arantv.az\/wp-content\/uploads\/2020\/06\/857038.jpg",800,600,false],"post-thumbnail":["https:\/\/arantv.az\/wp-content\/uploads\/2020\/06\/857038-240x172.jpg",240,172,true],"advps-thumb-one":["https:\/\/arantv.az\/wp-content\/uploads\/2020\/06\/857038.jpg",800,600,false]},"rttpg_author":{"display_name":"V\u00fcsal Rafiqo\u011flu","author_link":"https:\/\/arantv.az\/?author=2"},"rttpg_comment":0,"rttpg_category":"<a href=\"https:\/\/arantv.az\/?cat=7\" rel=\"category\">D\u00fcnya<\/a>","rttpg_excerpt":"Bu il COVID-19 b\u00f6hran\u0131 s\u0259b\u0259bind\u0259n daha 49 milyon insan ifrat yoxsulluq v\u0259ziyy\u0259tin\u0259 d\u00fc\u015f\u0259 bil\u0259r ARANTV.AZ\u00a0\u00a0Trend-\u0259 istinad\u0259n x\u0259b\u0259r verir ki, bu bar\u0259d\u0259 BMT-nin ba\u015f katibi Antonio Quterre\u015fin qida t\u0259hl\u00fck\u0259sizliyin\u0259 dair analitik icmalla ba\u011fl\u0131 videom\u00fcraci\u0259tind\u0259 deyilir. Ba\u015f katib qeyd edir ki. 7.8 milyard t\u0259\u015fkil ed\u0259n d\u00fcnya \u0259halisini t\u0259min etm\u0259k \u00fc\u00e7\u00fcn kifay\u0259t q\u0259d\u0259r \u0259rzaq var. Lakin haz\u0131rda 820&hellip;","_links":{"self":[{"href":"https:\/\/arantv.az\/index.php?rest_route=\/wp\/v2\/posts\/177752"}],"collection":[{"href":"https:\/\/arantv.az\/index.php?rest_route=\/wp\/v2\/posts"}],"about":[{"href":"https:\/\/arantv.az\/index.php?rest_route=\/wp\/v2\/types\/post"}],"author":[{"embeddable":true,"href":"https:\/\/arantv.az\/index.php?rest_route=\/wp\/v2\/users\/2"}],"replies":[{"embeddable":true,"href":"https:\/\/arantv.az\/index.php?rest_route=%2Fwp%2Fv2%2Fcomments&post=177752"}],"version-history":[{"count":0,"href":"https:\/\/arantv.az\/index.php?rest_route=\/wp\/v2\/posts\/177752\/revisions"}],"wp:featuredmedia":[{"embeddable":true,"href":"https:\/\/arantv.az\/index.php?rest_route=\/wp\/v2\/media\/177753"}],"wp:attachment":[{"href":"https:\/\/arantv.az\/index.php?rest_route=%2Fwp%2Fv2%2Fmedia&parent=177752"}],"wp:term":[{"taxonomy":"category","embeddable":true,"href":"https:\/\/arantv.az\/index.php?rest_route=%2Fwp%2Fv2%2Fcategories&post=177752"},{"taxonomy":"post_tag","embeddable":true,"href":"https:\/\/arantv.az\/index.php?rest_route=%2Fwp%2Fv2%2Ftags&post=177752"}],"curies":[{"name":"wp","href":"https:\/\/api.w.org\/{rel}","templated":true}]}}