{"id":177764,"date":"2020-06-10T08:41:20","date_gmt":"2020-06-10T05:41:20","guid":{"rendered":"http:\/\/arantv.az\/?p=177764"},"modified":"2020-06-10T08:41:20","modified_gmt":"2020-06-10T05:41:20","slug":"prezident-ilham-%c9%99liyev-az%c9%99rbaycan-c%c9%99miyy%c9%99ti-cox-boyuk-m%c9%99suliyy%c9%99t-nizam-intizam-gost%c9%99rir","status":"publish","type":"post","link":"https:\/\/arantv.az\/?p=177764","title":{"rendered":"Prezident \u0130lham \u018fliyev: Az\u0259rbaycan c\u0259miyy\u0259ti \u00e7ox b\u00f6y\u00fck m\u0259suliyy\u0259t, nizam-intizam g\u00f6st\u0259rir"},"content":{"rendered":"<p><strong>Az\u0259rbaycan c\u0259miyy\u0259ti \u00e7ox b\u00f6y\u00fck m\u0259suliyy\u0259t, nizam-intizam g\u00f6st\u0259rir.<\/strong><\/p>\n<p><strong>ARANTV.AZ<\/strong>\u00a0<a href=\"http:\/\/azertag.az\/\" target=\"_blank\" rel=\"noopener\">AZ\u018fRTAC<\/a>-a istinad\u0259n bildirir ki,\u00a0bunu Prezident \u0130lham \u018fliyev iyunun 9-da \u00fc\u00e7 modul tipli x\u0259st\u0259xanan\u0131n a\u00e7\u0131l\u0131\u015f\u0131ndan sonra h\u0259kim kollektivi il\u0259 g\u00f6r\u00fc\u015f\u00fcnd\u0259 \u00e7\u0131x\u0131\u015f\u0131 zaman\u0131 deyib.<\/p>\n<p>D\u00f6vl\u0259t ba\u015f\u00e7\u0131s\u0131 bildirib: &#8220;\u0130ndi b\u00fct\u00fcn \u00f6lk\u0259l\u0259rd\u0259 yum\u015fald\u0131c\u0131 add\u0131mlar at\u0131l\u0131r, o c\u00fcml\u0259d\u0259n Az\u0259rbaycanda. Buna baxmayaraq, m\u0259n onu da demi\u015fdim ki, \u0259g\u0259r g\u00f6rs\u0259k x\u0259st\u0259l\u0259rin say\u0131 k\u0259skin art\u0131r, yen\u0259 d\u0259 m\u0259hdudla\u015fd\u0131raca\u011f\u0131q. Bu m\u0259hdudla\u015fd\u0131r\u0131c\u0131 add\u0131mlar\u0131n s\u0259b\u0259bi d\u0259 b\u0259llidir. B\u0259zi insanlar m\u0259suliyy\u0259tsizlik g\u00f6st\u0259rirl\u0259r. Ancaq b\u00fct\u00f6vl\u00fckd\u0259 dey\u0259 bil\u0259r\u0259m ki, Az\u0259rbaycan c\u0259miyy\u0259ti \u00e7ox b\u00f6y\u00fck m\u0259suliyy\u0259t, nizam-intizam g\u00f6st\u0259rir. \u015e\u0259nb\u0259-bazar g\u00fcnl\u0259rind\u0259 x\u00fcsusi karantin rejimi bunu g\u00f6st\u0259rdi, qayda pozuntular\u0131 \u00e7ox c\u00fczi sayda olmu\u015fdur. Bu, onu g\u00f6st\u0259rir ki, v\u0259t\u0259nda\u015flar m\u0259suliyy\u0259ti d\u0259rk edirl\u0259r. Ancaq h\u0259r bir v\u0259t\u0259nda\u015f bunu d\u0259rk etm\u0259lidir. \u00c7\u00fcnki bir m\u0259suliyy\u0259tsiz v\u0259t\u0259nda\u015f y\u00fcz n\u0259f\u0259ri yoluxdura bilir, onlar\u0131n v\u0259 \u00f6z\u00fcn\u00fcn h\u0259yat\u0131n\u0131 risk alt\u0131na ata bilir.<\/p>\n<p>Koronavirus yoxa \u00e7\u0131xmay\u0131b v\u0259 yoxa \u00e7\u0131xmayacaq. H\u0259kiml\u0259rin \u00fcmumi r\u0259yin\u0259 g\u00f6r\u0259, peyv\u0259nd icad olunana q\u0259d\u0259r insanlar bu x\u0259st\u0259likd\u0259n \u0259ziyy\u0259t \u00e7\u0259k\u0259c\u0259kl\u0259r. Ona g\u00f6r\u0259 biz d\u0259 haz\u0131r olmal\u0131y\u0131q ki, yeni davran\u0131\u015f qaydalar\u0131 \u00e7\u0259r\u00e7iv\u0259sind\u0259 ya\u015fayaq. \u0130ndi bunun ba\u015fqa yolu yoxdur. Bir daha dem\u0259k ist\u0259yir\u0259m ki, bu davran\u0131\u015f qaydalar\u0131 insanlara o q\u0259d\u0259r d\u0259 \u0259ziyy\u0259t vermir. Sad\u0259c\u0259 dediyim qaydalara \u0259m\u0259l etm\u0259k v\u0259 daha m\u0259suliyy\u0259tli olmaq laz\u0131md\u0131r.<\/p>\n<p>Bu m\u00fcdd\u0259t \u0259rzind\u0259 Az\u0259rbaycan d\u00f6vl\u0259ti \u00e7ox b\u00f6y\u00fck m\u0259suliyy\u0259t g\u00f6st\u0259rib, ilk n\u00f6vb\u0259d\u0259, \u00f6lk\u0259 daxilind\u0259. \u00c7\u00fcnki iki se\u00e7im var idi &#8211; ya iqtisadiyyat\u0131 xilas etm\u0259k, ya da insanlar\u0131n sa\u011flaml\u0131\u011f\u0131n\u0131. \u015e\u0259xs\u0259n m\u0259nim \u00fc\u00e7\u00fcn birm\u0259nal\u0131 qaydada t\u0259r\u0259dd\u00fcds\u00fcz insanlar\u0131n sa\u011flaml\u0131\u011f\u0131 h\u0259mi\u015f\u0259 birinci yerd\u0259 olubdur, o c\u00fcml\u0259d\u0259n pandemiya d\u00f6vr\u00fcnd\u0259. Ona g\u00f6r\u0259 biz \u015f\u00fcurlu \u015f\u0259kild\u0259, bunun iqtisadi f\u0259all\u0131\u011f\u0131m\u0131za m\u0259nfi t\u0259sir g\u00f6st\u0259r\u0259c\u0259yini bil\u0259r\u0259k m\u0259hdudla\u015fd\u0131r\u0131c\u0131 add\u0131mlara getdik. M\u0259n bildirmi\u015fdim ki, ke\u00e7\u0259n ay \u0259ld\u0259 edilmi\u015f n\u0259tic\u0259l\u0259rd\u0259 ki\u00e7ik d\u0259 olsa, art\u0131m var &#8211; 0,2 faiz. Ancaq t\u0259xmin edirdim ki, be\u015f ay\u0131n yekunlar\u0131 art\u0131q t\u0259n\u0259zz\u00fcl\u00fc \u0259ks etdir\u0259c\u0259k, bel\u0259 d\u0259 oldu. M\u0259n\u0259 veril\u0259n m\u0259lumata g\u00f6r\u0259, \u00fcmumi daxili m\u0259hsul be\u015f ayda 1,7 faiz a\u015fa\u011f\u0131 d\u00fc\u015f\u00fcb. Ancaq yen\u0259 d\u0259 bir \u00e7ox inki\u015faf etmi\u015f \u00f6lk\u0259l\u0259rl\u0259 m\u00fcqayis\u0259d\u0259 bizd\u0259ki t\u0259n\u0259zz\u00fcl \u00e7ox ki\u00e7ikh\u0259cmlidir. Bununla paralel olaraq bildirm\u0259liy\u0259m ki, s\u0259naye istehsal\u0131 bir q\u0259d\u0259r art\u0131b. Amma qeyri-neft sektorunda s\u0259naye 14 faiz art\u0131b. K\u0259nd t\u0259s\u0259rr\u00fcfat\u0131 3,6 faiz art\u0131b. \u0130nsanlar\u0131n orta \u0259m\u0259khaqq\u0131 740 manata yax\u0131nla\u015f\u0131b. Bu, t\u0259qrib\u0259n 430 dollardan \u00e7oxdur. \u0130nflyasiya 3 faizd\u0259n a\u015fa\u011f\u0131d\u0131r, y\u0259ni, proqnozla\u015fd\u0131r\u0131lm\u0131\u015f s\u0259viyy\u0259d\u0259dir.<\/p>\n<p>Ona g\u00f6r\u0259 b\u00fct\u00f6vl\u00fckd\u0259 baxanda bizim iqtisadi f\u0259aliyy\u0259timiz d\u0259 bu m\u00fcdd\u0259t \u0259rzind\u0259 \u00e7ox u\u011furlu olub. Ancaq iqtisadiyyat t\u0259n\u0259zz\u00fcl\u0259 u\u011frasa da, b\u0259rpa edil\u0259c\u0259kdir, insanlar\u0131n h\u0259yat\u0131n\u0131 is\u0259 b\u0259rpa etm\u0259k m\u00fcmk\u00fcn deyil. \u0130nsanlar\u0131n h\u0259yat\u0131 qiym\u0259tsizdir. Ona g\u00f6r\u0259 bu g\u00fcn\u0259 q\u0259d\u0259r v\u0259 bundan sonra bizim \u00fc\u00e7\u00fcn \u0259sas amil insanlar\u0131n t\u0259hl\u00fck\u0259sizliyi, sa\u011flaml\u0131\u011f\u0131d\u0131r. Artan dinamika, x\u0259st\u0259l\u0259rin, yoluxanlar\u0131n artan dinamikas\u0131 g\u00f6st\u0259rir ki, yum\u015falma tendensiyas\u0131 buna g\u0259tirib \u00e7\u0131xar\u0131b. Amma yen\u0259 d\u0259 v\u0259ziyy\u0259t n\u0259zar\u0259t alt\u0131ndad\u0131r. Burada \u0259sas amil yoluxanlar\u0131n v\u0259 sa\u011falanlar\u0131n aras\u0131nda olan nisb\u0259tdir. Bu g\u00fcn\u0259 q\u0259d\u0259r nisb\u0259t el\u0259dir ki, bizim s\u0259hiyy\u0259 sistemimiz bunu q\u0259bul ed\u0259 bilir. Bir \u00e7ox \u00f6lk\u0259l\u0259rd\u0259 \u00f6l\u00fcm hallar\u0131n\u0131n k\u00fctl\u0259vi xarakter almas\u0131n\u0131n \u0259sas s\u0259b\u0259bi odur ki, o \u00f6lk\u0259l\u0259rd\u0259 s\u0259hiyy\u0259 sistemi \u00e7\u00f6k\u00fcb. Y\u0259ni, x\u0259st\u0259l\u0259ri q\u0259bul ed\u0259 bilmirl\u0259r v\u0259 bel\u0259likl\u0259, k\u00fctl\u0259vi \u00f6l\u00fcm hallar\u0131 m\u00fc\u015fahid\u0259 edilir. Bu g\u00fcn m\u00f6vcud s\u0259hiyy\u0259 imkanlar\u0131m\u0131z biz\u0259 tam imkan verir ki, v\u0259ziyy\u0259t n\u0259zar\u0259t alt\u0131nda qals\u0131n. Ancaq h\u0259r k\u0259s bilm\u0259lidir ki, bu v\u0259ziyy\u0259ti biz qorumal\u0131y\u0131q. Qorumal\u0131y\u0131q v\u0259 m\u00fcsb\u0259t meyill\u0259rin art\u0131r\u0131lmas\u0131na \u00e7al\u0131\u015fmal\u0131y\u0131q v\u0259 \u00e7al\u0131\u015f\u0131r\u0131q&#8221;.<\/p>\n","protected":false},"excerpt":{"rendered":"<p>Az\u0259rbaycan c\u0259miyy\u0259ti \u00e7ox b\u00f6y\u00fck m\u0259suliyy\u0259t, nizam-intizam g\u00f6st\u0259rir. ARANTV.AZ\u00a0AZ\u018fRTAC-a istinad\u0259n bildirir ki,\u00a0bunu Prezident \u0130lham \u018fliyev iyunun 9-da \u00fc\u00e7 modul tipli x\u0259st\u0259xanan\u0131n a\u00e7\u0131l\u0131\u015f\u0131ndan sonra h\u0259kim kollektivi il\u0259 g\u00f6r\u00fc\u015f\u00fcnd\u0259 \u00e7\u0131x\u0131\u015f\u0131 zaman\u0131 deyib. D\u00f6vl\u0259t ba\u015f\u00e7\u0131s\u0131 bildirib: &#8220;\u0130ndi b\u00fct\u00fcn \u00f6lk\u0259l\u0259rd\u0259 yum\u015fald\u0131c\u0131 add\u0131mlar at\u0131l\u0131r, o c\u00fcml\u0259d\u0259n Az\u0259rbaycanda. Buna baxmayaraq, m\u0259n onu da demi\u015fdim ki, \u0259g\u0259r g\u00f6rs\u0259k x\u0259st\u0259l\u0259rin say\u0131 k\u0259skin art\u0131r, yen\u0259 d\u0259 m\u0259hdudla\u015fd\u0131raca\u011f\u0131q. Bu m\u0259hdudla\u015fd\u0131r\u0131c\u0131 add\u0131mlar\u0131n s\u0259b\u0259bi d\u0259 b\u0259llidir. B\u0259zi insanlar m\u0259suliyy\u0259tsizlik g\u00f6st\u0259rirl\u0259r. Ancaq b\u00fct\u00f6vl\u00fckd\u0259 dey\u0259 bil\u0259r\u0259m ki, Az\u0259rbaycan c\u0259miyy\u0259ti \u00e7ox b\u00f6y\u00fck m\u0259suliyy\u0259t, nizam-intizam g\u00f6st\u0259rir. \u015e\u0259nb\u0259-bazar g\u00fcnl\u0259rind\u0259 x\u00fcsusi karantin rejimi bunu g\u00f6st\u0259rdi, qayda pozuntular\u0131 \u00e7ox c\u00fczi&hellip;<\/p>\n","protected":false},"author":2,"featured_media":177765,"comment_status":"closed","ping_status":"closed","sticky":false,"template":"","format":"standard","meta":{"om_disable_all_campaigns":false,"_monsterinsights_skip_tracking":false,"_monsterinsights_sitenote_active":false,"_monsterinsights_sitenote_note":"","_monsterinsights_sitenote_category":0},"categories":[1],"tags":[],"aioseo_notices":[],"gutentor_comment":0,"rttpg_featured_image_url":{"full":["https:\/\/arantv.az\/wp-content\/uploads\/2020\/06\/857002.jpg",978,652,false],"landscape":["https:\/\/arantv.az\/wp-content\/uploads\/2020\/06\/857002.jpg",978,652,false],"portraits":["https:\/\/arantv.az\/wp-content\/uploads\/2020\/06\/857002.jpg",978,652,false],"thumbnail":["https:\/\/arantv.az\/wp-content\/uploads\/2020\/06\/857002-150x150.jpg",150,150,true],"medium":["https:\/\/arantv.az\/wp-content\/uploads\/2020\/06\/857002-300x200.jpg",300,200,true],"large":["https:\/\/arantv.az\/wp-content\/uploads\/2020\/06\/857002.jpg",640,427,false],"1536x1536":["https:\/\/arantv.az\/wp-content\/uploads\/2020\/06\/857002.jpg",978,652,false],"2048x2048":["https:\/\/arantv.az\/wp-content\/uploads\/2020\/06\/857002.jpg",978,652,false],"post-thumbnail":["https:\/\/arantv.az\/wp-content\/uploads\/2020\/06\/857002-240x172.jpg",240,172,true],"advps-thumb-one":["https:\/\/arantv.az\/wp-content\/uploads\/2020\/06\/857002-978x620.jpg",978,620,true]},"rttpg_author":{"display_name":"V\u00fcsal Rafiqo\u011flu","author_link":"https:\/\/arantv.az\/?author=2"},"rttpg_comment":0,"rttpg_category":"<a href=\"https:\/\/arantv.az\/?cat=1\" rel=\"category\">C\u0259miyy\u0259t<\/a>","rttpg_excerpt":"Az\u0259rbaycan c\u0259miyy\u0259ti \u00e7ox b\u00f6y\u00fck m\u0259suliyy\u0259t, nizam-intizam g\u00f6st\u0259rir. ARANTV.AZ\u00a0AZ\u018fRTAC-a istinad\u0259n bildirir ki,\u00a0bunu Prezident \u0130lham \u018fliyev iyunun 9-da \u00fc\u00e7 modul tipli x\u0259st\u0259xanan\u0131n a\u00e7\u0131l\u0131\u015f\u0131ndan sonra h\u0259kim kollektivi il\u0259 g\u00f6r\u00fc\u015f\u00fcnd\u0259 \u00e7\u0131x\u0131\u015f\u0131 zaman\u0131 deyib. D\u00f6vl\u0259t ba\u015f\u00e7\u0131s\u0131 bildirib: &#8220;\u0130ndi b\u00fct\u00fcn \u00f6lk\u0259l\u0259rd\u0259 yum\u015fald\u0131c\u0131 add\u0131mlar at\u0131l\u0131r, o c\u00fcml\u0259d\u0259n Az\u0259rbaycanda. Buna baxmayaraq, m\u0259n onu da demi\u015fdim ki, \u0259g\u0259r g\u00f6rs\u0259k x\u0259st\u0259l\u0259rin say\u0131 k\u0259skin art\u0131r, yen\u0259&hellip;","_links":{"self":[{"href":"https:\/\/arantv.az\/index.php?rest_route=\/wp\/v2\/posts\/177764"}],"collection":[{"href":"https:\/\/arantv.az\/index.php?rest_route=\/wp\/v2\/posts"}],"about":[{"href":"https:\/\/arantv.az\/index.php?rest_route=\/wp\/v2\/types\/post"}],"author":[{"embeddable":true,"href":"https:\/\/arantv.az\/index.php?rest_route=\/wp\/v2\/users\/2"}],"replies":[{"embeddable":true,"href":"https:\/\/arantv.az\/index.php?rest_route=%2Fwp%2Fv2%2Fcomments&post=177764"}],"version-history":[{"count":0,"href":"https:\/\/arantv.az\/index.php?rest_route=\/wp\/v2\/posts\/177764\/revisions"}],"wp:featuredmedia":[{"embeddable":true,"href":"https:\/\/arantv.az\/index.php?rest_route=\/wp\/v2\/media\/177765"}],"wp:attachment":[{"href":"https:\/\/arantv.az\/index.php?rest_route=%2Fwp%2Fv2%2Fmedia&parent=177764"}],"wp:term":[{"taxonomy":"category","embeddable":true,"href":"https:\/\/arantv.az\/index.php?rest_route=%2Fwp%2Fv2%2Fcategories&post=177764"},{"taxonomy":"post_tag","embeddable":true,"href":"https:\/\/arantv.az\/index.php?rest_route=%2Fwp%2Fv2%2Ftags&post=177764"}],"curies":[{"name":"wp","href":"https:\/\/api.w.org\/{rel}","templated":true}]}}